{"id":376351,"date":"2025-09-08T23:11:55","date_gmt":"2025-09-08T23:11:55","guid":{"rendered":"https:\/\/www.europesays.com\/fr\/376351\/"},"modified":"2025-09-08T23:11:55","modified_gmt":"2025-09-08T23:11:55","slug":"a-strasbourg-immersion-photo-dans-les-cocons-de-8-etudiantes","status":"publish","type":"post","link":"https:\/\/www.europesays.com\/fr\/376351\/","title":{"rendered":"\u00e0 Strasbourg, immersion photo dans les cocons de 8 \u00e9tudiant(e)s"},"content":{"rendered":"<p><b>\u00c0 Strasbourg, avec l\u2019explosion des prix des loyers, il est de plus en plus difficile de se loger. Chambre en r\u00e9sidence, mini studio ou grande coloc, tous les moyens sont bons pour r\u00e9duire les frais. Mais petite surface ne veut pas dire manque de personnalit\u00e9. <\/b><b>On s\u2019est faufil\u00e9 dans les int\u00e9rieurs de plusieurs \u00e9tudiant(e)s, qui ont chacun(e) am\u00e9nag\u00e9 un cocon \u00e0 leur image.<\/b><\/p>\n<p>Pour la troisi\u00e8me ann\u00e9e cons\u00e9cutive, la r\u00e9daction Pokaa imprime et distribue<strong> \u00e0 15 000 exemplaires son Guide \u00e9tudiant papier 100% gratuit.<\/strong> \u00c0 cette occasion, <strong>on s\u2019est faufil\u00e9 dans les appartements<\/strong> d\u2019\u00e9tudiant(e)s strasbourgeois(es) et on partage avec vous quelques photos. C\u2019est parti !<\/p>\n<p>                <a href=\"https:\/\/pokaa.fr\/2025\/08\/31\/pres-de-15000-guides-a-strasbourg-pokaa-sort-son-3e-papier-destine-aux-etudiantes\/\" target=\"_blank\" rel=\"noopener\"><br \/>\n                    <img width=\"450\" height=\"270\" src=\"https:\/\/www.europesays.com\/fr\/wp-content\/uploads\/2025\/09\/packshotetudiant3-33-450x270.png\" class=\"attachment-card-horizontal--same-subject size-card-horizontal--same-subject wp-post-image\" alt=\"\" decoding=\"async\" loading=\"lazy\"  \/>                <\/a><\/p>\n<p>Sarah, 22 ans<\/p>\n<p><strong>\u00c9tudiante en sciences sociales,<\/strong> Sarah habite dans <strong>un studio d\u2019une r\u00e9sidence du Crous,<\/strong> dans le quartier du Neudorf. Cet \u00e9t\u00e9, pour se prot\u00e9ger de la chaleur, elle a recouvert ses fen\u00eatres avec du papier aluminium. Ses cours sont r\u00e9partis dans des pochettes \u00e0 l\u2019effigie de ses ami(e)s proches, un peu comme un dossier d\u2019enqu\u00eate polici\u00e8re.<\/p>\n<p style=\"text-align: center;\"><strong>\u00ab G\u00e9n\u00e9ralement, je me pose par terre pour jouer aux \u00e9checs. \u00bb<\/strong><\/p>\n<p>    <img width=\"800\" height=\"452\" src=\"https:\/\/www.europesays.com\/fr\/wp-content\/uploads\/2025\/09\/sarah-800x452.jpeg\" class=\"attachment-image-size-L size-image-size-L\" alt=\"Sarah logement \u00e9tudiant\" decoding=\"async\" loading=\"lazy\"  \/>         \u00a9 Manon Jensen et Caroline Alonso Alvarez \/ Pokaa <\/p>\n<p>                <img width=\"513\" height=\"500\" src=\"https:\/\/www.europesays.com\/fr\/wp-content\/uploads\/2025\/09\/capture-decran-2025-08-21-a-113035-513x500.png\" class=\"attachment-gallery size-gallery\" alt=\"Capture d\u2019e\u0301cran 2025-08-21 a\u0300 11.30.35\" data-full-url=\"https:\/\/pokaa.fr\/wp-content\/uploads\/2025\/08\/21\/capture-decran-2025-08-21-a-113035.png\" decoding=\"async\" loading=\"lazy\"  \/>            <\/p>\n<p>                <img width=\"493\" height=\"500\" src=\"https:\/\/www.europesays.com\/fr\/wp-content\/uploads\/2025\/09\/capture-decran-2025-08-21-a-113100-493x500.png\" class=\"attachment-gallery size-gallery\" alt=\"\u00e9chec\" data-full-url=\"https:\/\/pokaa.fr\/wp-content\/uploads\/2025\/08\/21\/capture-decran-2025-08-21-a-113100.png\" decoding=\"async\" loading=\"lazy\"  \/>            <\/p>\n<p>                <img width=\"633\" height=\"500\" src=\"https:\/\/www.europesays.com\/fr\/wp-content\/uploads\/2025\/09\/capture-decran-2025-08-21-a-113155-633x500.png\" class=\"attachment-gallery size-gallery\" alt=\"Capture d\u2019e\u0301cran 2025-08-21 a\u0300 11.31.55\" data-full-url=\"https:\/\/pokaa.fr\/wp-content\/uploads\/2025\/08\/21\/capture-decran-2025-08-21-a-113155.png\" decoding=\"async\" loading=\"lazy\"  \/>            <\/p>\n<p>                    \u00a9 Manon Jensen et Caroline Alonso Alvarez \/ Pokaa<\/p>\n<p>Lou, 24 ans<\/p>\n<p>Sur le point de d\u00e9crocher un <strong>dipl\u00f4me universitaire d\u2019\u00e9tudiant-entrepreneur,<\/strong> Lou vit en colocation <strong>avec trois autres personnes \u00e0 Esplanade.<\/strong> L\u2019appartement est spacieux et lumineux et chaque coloc dispose d\u2019une chambre individuelle. Dans la sienne, Lou accumule de nombreux v\u00eatements destin\u00e9s \u00e0 alimenter l\u2019application de troc qu\u2019il vient de lancer. L\u2019\u00e9tudiant a \u00e9galement am\u00e9nag\u00e9 <strong>un set-up pour tourner des vid\u00e9os<\/strong> qu\u2019il poste sur les r\u00e9seaux sociaux.<\/p>\n<p style=\"text-align: center;\"><strong>\u00ab J\u2019ai mon vision board accroch\u00e9 au plafond, au-dessus de mon lit. \u00bb<\/strong><\/p>\n<p>    <img width=\"800\" height=\"452\" src=\"https:\/\/www.europesays.com\/fr\/wp-content\/uploads\/2025\/09\/lou-800x452.jpeg\" class=\"attachment-image-size-L size-image-size-L\" alt=\"Lou logement \u00e9tudiant\" decoding=\"async\" loading=\"lazy\"  \/>         \u00a9 Manon Jensen et Caroline Alonso Alvarez \/ Pokaa <\/p>\n<p>                <img width=\"573\" height=\"500\" src=\"https:\/\/www.europesays.com\/fr\/wp-content\/uploads\/2025\/09\/capture-decran-2025-08-21-a-113314-573x500.png\" class=\"attachment-gallery size-gallery\" alt=\"Capture d\u2019e\u0301cran 2025-08-21 a\u0300 11.33.14\" data-full-url=\"https:\/\/pokaa.fr\/wp-content\/uploads\/2025\/08\/21\/capture-decran-2025-08-21-a-113314.png\" decoding=\"async\" loading=\"lazy\"  \/>            <\/p>\n<p>                <img width=\"508\" height=\"486\" src=\"https:\/\/www.europesays.com\/fr\/wp-content\/uploads\/2025\/09\/capture-decran-2025-08-21-a-113326.png\" class=\"attachment-gallery size-gallery\" alt=\"photo\" data-full-url=\"https:\/\/www.europesays.com\/fr\/wp-content\/uploads\/2025\/09\/capture-decran-2025-08-21-a-113326.png\" decoding=\"async\" loading=\"lazy\"  \/>            <\/p>\n<p>                <img width=\"536\" height=\"468\" src=\"https:\/\/www.europesays.com\/fr\/wp-content\/uploads\/2025\/09\/capture-decran-2025-08-21-a-113308.png\" class=\"attachment-gallery size-gallery\" alt=\"brod\u00e9 d\u2019e\u0301cran 2025-08-21 a\u0300 11.33.08\" data-full-url=\"https:\/\/www.europesays.com\/fr\/wp-content\/uploads\/2025\/09\/capture-decran-2025-08-21-a-113308.png\" decoding=\"async\" loading=\"lazy\"  \/>            <\/p>\n<p>                    \u00a9 Manon Jensen et Caroline Alonso Alvarez \/ Pokaa<\/p>\n<p>Cl\u00e9mentine et \u00c9milie, 21 ans<\/p>\n<p>Install\u00e9es dans <strong>une chambre partag\u00e9e du FEC (Foyer de l\u2019\u00e9tudiant catholique) situ\u00e9 place Saint-\u00c9tienne,<\/strong> les deux meilleures amies ont leur armoire et leur lit r\u00e9partis de part et d\u2019autre de la pi\u00e8ce. Au centre, <strong>une cabine en bois partag\u00e9e comprend la douche et les toilettes.<\/strong> Toutes les deux sont en BUT, Cl\u00e9mentine suit des \u00e9tudes d\u2019information-communication et \u00c9milie de mesures-physiques.<\/p>\n<p style=\"text-align: center;\"><strong>\u00ab On est meilleures amies, donc nous \u00e7a ne nous g\u00eane pas de partager une chambre. \u00bb<\/strong><\/p>\n<p>    <img width=\"800\" height=\"452\" src=\"https:\/\/www.europesays.com\/fr\/wp-content\/uploads\/2025\/09\/clementine-800x452.jpeg\" class=\"attachment-image-size-L size-image-size-L\" alt=\"Cle\u0301mentine et \u00c9milie logement \u00e9tudiant\" decoding=\"async\" loading=\"lazy\"  \/>         \u00a9 Manon Jensen et Caroline Alonso Alvarez \/ Pokaa <\/p>\n<p>                <img width=\"524\" height=\"352\" src=\"https:\/\/www.europesays.com\/fr\/wp-content\/uploads\/2025\/09\/capture-decran-2025-08-21-a-113546.png\" class=\"attachment-gallery size-gallery\" alt=\"lavabo\" data-full-url=\"https:\/\/www.europesays.com\/fr\/wp-content\/uploads\/2025\/09\/capture-decran-2025-08-21-a-113546.png\" decoding=\"async\" loading=\"lazy\"  \/>            <\/p>\n<p>                <img width=\"320\" height=\"342\" src=\"https:\/\/www.europesays.com\/fr\/wp-content\/uploads\/2025\/09\/capture-decran-2025-08-21-a-113554.png\" class=\"attachment-gallery size-gallery\" alt=\"frigo\" data-full-url=\"https:\/\/www.europesays.com\/fr\/wp-content\/uploads\/2025\/09\/capture-decran-2025-08-21-a-113554.png\" decoding=\"async\" loading=\"lazy\"  \/>            <\/p>\n<p>                <img width=\"464\" height=\"500\" src=\"https:\/\/www.europesays.com\/fr\/wp-content\/uploads\/2025\/09\/capture-decran-2025-08-21-a-113628-464x500.png\" class=\"attachment-gallery size-gallery\" alt=\"Capture d\u2019e\u0301cran 2025-08-21 a\u0300 11.36.28\" data-full-url=\"https:\/\/pokaa.fr\/wp-content\/uploads\/2025\/08\/21\/capture-decran-2025-08-21-a-113628.png\" decoding=\"async\" loading=\"lazy\"  \/>            <\/p>\n<p>                    \u00a9 Manon Jensen et Caroline Alonso Alvarez \/ Pokaa<\/p>\n<p>Matisse, 22 ans<\/p>\n<p>Matisse est \u00e9tudiant <strong>en \u00e9coute critique et production en musiques actuelles<\/strong> \u00e0 la fac de Musicologie. <strong>Il vit en colocation,<\/strong> dans le quartier de la Neustadt. S\u2019il dispose de sa propre chambre, il a l\u2019habitude d\u2019occuper le salon, pour moudre son caf\u00e9 ou \u00e9couter de la musique.<\/p>\n<p style=\"text-align: center;\"><strong>\u00ab J\u2019ai encore un lecteur et des tonnes de CD. \u00bb<\/strong><\/p>\n<p>    <img width=\"800\" height=\"452\" src=\"https:\/\/www.europesays.com\/fr\/wp-content\/uploads\/2025\/09\/matisse-800x452.jpeg\" class=\"attachment-image-size-L size-image-size-L\" alt=\"Matisse logement \u00e9tudiant\" decoding=\"async\" loading=\"lazy\"  \/>         \u00a9 Manon Jensen et Caroline Alonso Alvarez \/ Pokaa <\/p>\n<p>                <img width=\"358\" height=\"300\" src=\"https:\/\/www.europesays.com\/fr\/wp-content\/uploads\/2025\/09\/capture-decran-2025-08-21-a-113227.png\" class=\"attachment-gallery size-gallery\" alt=\"Capture d\u2019e\u0301cran 2025-08-21 a\u0300 11.32.27\" data-full-url=\"https:\/\/www.europesays.com\/fr\/wp-content\/uploads\/2025\/09\/capture-decran-2025-08-21-a-113227.png\" decoding=\"async\" loading=\"lazy\"  \/>            <\/p>\n<p>                <img width=\"528\" height=\"442\" src=\"https:\/\/www.europesays.com\/fr\/wp-content\/uploads\/2025\/09\/capture-decran-2025-08-21-a-113236.png\" class=\"attachment-gallery size-gallery\" alt=\"guitare\" data-full-url=\"https:\/\/www.europesays.com\/fr\/wp-content\/uploads\/2025\/09\/capture-decran-2025-08-21-a-113236.png\" decoding=\"async\" loading=\"lazy\"  \/>            <\/p>\n<p>                    \u00a9 Manon Jensen et Caroline Alonso Alvarez \/ Pokaa<\/p>\n<p>L\u00e9o, 22 ans<\/p>\n<p>Install\u00e9 <strong>en r\u00e9sidence priv\u00e9e<\/strong> \u00e0 Esplanade, <strong>L\u00e9o vit dans un petit studio<\/strong> qui comprend une kitchenette pour cuisiner et m\u00eame un petit balcon pour s\u2019a\u00e9rer. <strong>\u00c9tudiant \u00e0 l\u2019EM,<\/strong> il a r\u00e9cemment d\u00e9velopp\u00e9 une marque de v\u00eatements avec plusieurs amis. Il passe souvent du temps \u00e0 travailler \u00e0 son bureau ou \u00e0 jouer aux jeux vid\u00e9o.<\/p>\n<p style=\"text-align: center;\"><strong>\u00ab En g\u00e9n\u00e9ral, j\u2019\u00e9coute du son toute la journ\u00e9e sur mon enceinte. \u00bb<\/strong><\/p>\n<p>    <img width=\"800\" height=\"452\" src=\"https:\/\/www.europesays.com\/fr\/wp-content\/uploads\/2025\/09\/leo-800x452.jpeg\" class=\"attachment-image-size-L size-image-size-L\" alt=\"Le\u0301o logement \u00e9tudiant\" decoding=\"async\" loading=\"lazy\"  \/>         \u00a9 Manon Jensen et Caroline Alonso Alvarez \/ Pokaa <\/p>\n<p>                <img width=\"404\" height=\"500\" src=\"https:\/\/www.europesays.com\/fr\/wp-content\/uploads\/2025\/09\/capture-decran-2025-08-21-a-113429-404x500.png\" class=\"attachment-gallery size-gallery\" alt=\"Capture d\u2019e\u0301cran 2025-08-21 a\u0300 11.34.29\" data-full-url=\"https:\/\/pokaa.fr\/wp-content\/uploads\/2025\/08\/21\/capture-decran-2025-08-21-a-113429.png\" decoding=\"async\" loading=\"lazy\"  \/>            <\/p>\n<p>                <img width=\"426\" height=\"438\" src=\"https:\/\/www.europesays.com\/fr\/wp-content\/uploads\/2025\/09\/capture-decran-2025-08-21-a-113522.png\" class=\"attachment-gallery size-gallery\" alt=\"Capture d\u2019e\u0301cran 2025-08-21 a\u0300 11.35.22\" data-full-url=\"https:\/\/www.europesays.com\/fr\/wp-content\/uploads\/2025\/09\/capture-decran-2025-08-21-a-113522.png\" decoding=\"async\" loading=\"lazy\"  \/>            <\/p>\n<p>                <img width=\"559\" height=\"500\" src=\"https:\/\/www.europesays.com\/fr\/wp-content\/uploads\/2025\/09\/capture-decran-2025-08-21-a-113512-559x500.png\" class=\"attachment-gallery size-gallery\" alt=\"Capture d\u2019e\u0301cran 2025-08-21 a\u0300 11.35.12\" data-full-url=\"https:\/\/pokaa.fr\/wp-content\/uploads\/2025\/08\/21\/capture-decran-2025-08-21-a-113512.png\" decoding=\"async\" loading=\"lazy\"  \/>            <\/p>\n<p>                    \u00a9 Manon Jensen et Caroline Alonso Alvarez \/ Pokaa<\/p>\n<p>Charbel, 20 ans<\/p>\n<p>Piano, ukul\u00e9l\u00e9, violon, pas de doute, Charbel <strong>\u00e9tudie la musicologie.<\/strong> Tous types d\u2019instruments trouvent leur place dans l\u2019appartement. <strong>Dans son petit studio en plein coeur de la Petite France,<\/strong> Charbel profite quotidiennement de sa vue sur l\u2019Ill. Entre les pelotes de laine pour le crochet et sa collection d\u2019objets li\u00e9s au Petit Prince, l\u2019am\u00e9nagement de son appartement refl\u00e8te toutes ses passions.<\/p>\n<p style=\"text-align: center;\"><strong>\u00ab Parfois, il y a un rayon de soleil qui p\u00e9n\u00e8tre dans l\u2019appartement et change toute l\u2019ambiance, et puis il dispara\u00eet. \u00bb<\/strong><\/p>\n<p>    <img width=\"800\" height=\"452\" src=\"https:\/\/www.europesays.com\/fr\/wp-content\/uploads\/2025\/09\/charbel-800x452.jpeg\" class=\"attachment-image-size-L size-image-size-L\" alt=\"Charbel logement \u00e9tudiant\" decoding=\"async\" loading=\"lazy\"  \/>         \u00a9 Manon Jensen et Caroline Alonso Alvarez \/ Pokaa <\/p>\n<p>                <img width=\"430\" height=\"324\" src=\"https:\/\/www.europesays.com\/fr\/wp-content\/uploads\/2025\/09\/capture-decran-2025-08-21-a-113706.png\" class=\"attachment-gallery size-gallery\" alt=\"crochet\" data-full-url=\"https:\/\/www.europesays.com\/fr\/wp-content\/uploads\/2025\/09\/capture-decran-2025-08-21-a-113706.png\" decoding=\"async\" loading=\"lazy\"  \/>            <\/p>\n<p>                <img width=\"460\" height=\"400\" src=\"https:\/\/www.europesays.com\/fr\/wp-content\/uploads\/2025\/09\/capture-decran-2025-08-21-a-113720.png\" class=\"attachment-gallery size-gallery\" alt=\"vinyle\" data-full-url=\"https:\/\/www.europesays.com\/fr\/wp-content\/uploads\/2025\/09\/capture-decran-2025-08-21-a-113720.png\" decoding=\"async\" loading=\"lazy\"  \/>            <\/p>\n<p>                <img width=\"476\" height=\"342\" src=\"https:\/\/www.europesays.com\/fr\/wp-content\/uploads\/2025\/09\/capture-decran-2025-08-21-a-113714.png\" class=\"attachment-gallery size-gallery\" alt=\"violon\" data-full-url=\"https:\/\/www.europesays.com\/fr\/wp-content\/uploads\/2025\/09\/capture-decran-2025-08-21-a-113714.png\" decoding=\"async\" loading=\"lazy\"  \/>            <\/p>\n<p>                    \u00a9 Manon Jensen et Caroline Alonso Alvarez \/ Pokaa<\/p>\n<p>Loane, 24 ans<\/p>\n<p>Situ\u00e9e dans le quartier tr\u00e8s vivant de la Krutenau, <strong>Loane habite un studio sous les combles.<\/strong> En tant que v\u00e9ritable fan de Star Wars, elle poss\u00e8de plusieurs petits \u00e9l\u00e9ments en lien avec la saga. <strong>Au milieu des meubles de r\u00e9cup\u2019, de sa poup\u00e9e creepy et de ses photos artistiques<\/strong>, l\u2019\u00e9tudiante a pour habitude de s\u2019installer sur son tapis pour dessiner sur sa tablette graphique. <strong>Sans oublier la star du foyer, son chat<\/strong>, qui l\u2019accompagne au quotidien depuis maintenant plusieurs ann\u00e9es. Int\u00e9ress\u00e9e par les arts visuels, elle compte se r\u00e9orienter en arts du spectacle l\u2019ann\u00e9e prochaine.<\/p>\n<p style=\"text-align: center;\"><strong>\u00ab J\u2019ai ramen\u00e9 un caddie de supermarch\u00e9, il me sert \u00e0 ranger mes fringues. \u00bb<\/strong><\/p>\n<p>    <img width=\"800\" height=\"452\" src=\"https:\/\/www.europesays.com\/fr\/wp-content\/uploads\/2025\/09\/loane-800x452.jpeg\" class=\"attachment-image-size-L size-image-size-L\" alt=\"Loane logement \u00e9tudiant\" decoding=\"async\" loading=\"lazy\"  \/>         \u00a9 Manon Jensen et Caroline Alonso Alvarez \/ Pokaa <\/p>\n<p>                <img width=\"440\" height=\"414\" src=\"https:\/\/www.europesays.com\/fr\/wp-content\/uploads\/2025\/09\/capture-decran-2025-08-21-a-113352.png\" class=\"attachment-gallery size-gallery\" alt=\"Capture d\u2019e\u0301cran 2025-08-21 a\u0300 11.33.52\" data-full-url=\"https:\/\/www.europesays.com\/fr\/wp-content\/uploads\/2025\/09\/capture-decran-2025-08-21-a-113352.png\" decoding=\"async\" loading=\"lazy\"  \/>            <\/p>\n<p>                <img width=\"528\" height=\"470\" src=\"https:\/\/www.europesays.com\/fr\/wp-content\/uploads\/2025\/09\/capture-decran-2025-08-21-a-113405.png\" class=\"attachment-gallery size-gallery\" alt=\"Capture d\u2019e\u0301cran 2025-08-21 a\u0300 11.34.05\" data-full-url=\"https:\/\/www.europesays.com\/fr\/wp-content\/uploads\/2025\/09\/capture-decran-2025-08-21-a-113405.png\" decoding=\"async\" loading=\"lazy\"  \/>            <\/p>\n<p>                    \u00a9 Manon Jensen et Caroline Alonso Alvarez \/ Pokaa<\/p>\n","protected":false},"excerpt":{"rendered":"\u00c0 Strasbourg, avec l\u2019explosion des prix des loyers, il est de plus en plus difficile de se loger.&hellip;\n","protected":false},"author":2,"featured_media":376352,"comment_status":"","ping_status":"","sticky":false,"template":"","format":"standard","meta":{"footnotes":""},"categories":[2820],"tags":[1111,11,6379,1777,674,1011,27,775,49264,1908,12,25,640,30161],"class_list":{"0":"post-376351","1":"post","2":"type-post","3":"status-publish","4":"format-standard","5":"has-post-thumbnail","7":"category-strasbourg","8":"tag-actu","9":"tag-actualites","10":"tag-etudiants","11":"tag-eu","12":"tag-europe","13":"tag-fr","14":"tag-france","15":"tag-grand-est","16":"tag-guide-etudiant","17":"tag-logement","18":"tag-news","19":"tag-republique-francaise","20":"tag-strasbourg","21":"tag-universite-de-strasbourg"},"share_on_mastodon":{"url":"https:\/\/pubeurope.com\/@fr\/115171213643497518","error":""},"_links":{"self":[{"href":"https:\/\/www.europesays.com\/fr\/wp-json\/wp\/v2\/posts\/376351","targetHints":{"allow":["GET"]}}],"collection":[{"href":"https:\/\/www.europesays.com\/fr\/wp-json\/wp\/v2\/posts"}],"about":[{"href":"https:\/\/www.europesays.com\/fr\/wp-json\/wp\/v2\/types\/post"}],"author":[{"embeddable":true,"href":"https:\/\/www.europesays.com\/fr\/wp-json\/wp\/v2\/users\/2"}],"replies":[{"embeddable":true,"href":"https:\/\/www.europesays.com\/fr\/wp-json\/wp\/v2\/comments?post=376351"}],"version-history":[{"count":0,"href":"https:\/\/www.europesays.com\/fr\/wp-json\/wp\/v2\/posts\/376351\/revisions"}],"wp:featuredmedia":[{"embeddable":true,"href":"https:\/\/www.europesays.com\/fr\/wp-json\/wp\/v2\/media\/376352"}],"wp:attachment":[{"href":"https:\/\/www.europesays.com\/fr\/wp-json\/wp\/v2\/media?parent=376351"}],"wp:term":[{"taxonomy":"category","embeddable":true,"href":"https:\/\/www.europesays.com\/fr\/wp-json\/wp\/v2\/categories?post=376351"},{"taxonomy":"post_tag","embeddable":true,"href":"https:\/\/www.europesays.com\/fr\/wp-json\/wp\/v2\/tags?post=376351"}],"curies":[{"name":"wp","href":"https:\/\/api.w.org\/{rel}","templated":true}]}}