{"id":376365,"date":"2025-09-08T23:20:25","date_gmt":"2025-09-08T23:20:25","guid":{"rendered":"https:\/\/www.europesays.com\/fr\/376365\/"},"modified":"2025-09-08T23:20:25","modified_gmt":"2025-09-08T23:20:25","slug":"un-tres-large-perimetre-interdit-aux-manifestations-non-declarees","status":"publish","type":"post","link":"https:\/\/www.europesays.com\/fr\/376365\/","title":{"rendered":"un tr\u00e8s large p\u00e9rim\u00e8tre interdit aux manifestations non d\u00e9clar\u00e9es"},"content":{"rendered":"<p>            Par<br \/>\n        <strong><br \/>\n            <a href=\"https:\/\/actu.fr\/auteur\/mareva-laville-actu-fr\" title=\"Consulter tous les articles de Mar\u00e9va Laville\" target=\"_blank\" rel=\"noopener\">Mar\u00e9va Laville<\/a><br \/>\n        <\/strong><\/p>\n<p>        Publi\u00e9 le<\/p>\n<p>            8 sept. 2025 \u00e0 18h30        <\/p>\n<p>Le jour est guett\u00e9 de pr\u00e8s par les autorit\u00e9s. Ce <strong>mercredi 10 septembre 2025,<\/strong>\u00a0la mobilisation nationale \u00ab\u00a0Bloquons tout\u00a0\u00bb se tiendra aussi \u00e0 <a href=\"http:\/\/www.actu.fr\/toulouse\" target=\"_blank\" rel=\"noopener\"><strong>Toulouse<\/strong><\/a>. Les appels \u00e0 manifester se sont multipli\u00e9s au cours des derniers jours suite aux r\u00e9centes <a href=\"https:\/\/actu.fr\/economie\/direct-suppression-de-jours-feries-gel-des-retraites-suivez-les-annonces-de-francois-bayrou-sur-le-budget_62912955.html\" target=\"_blank\" rel=\"noopener\">annonces de restrictions budg\u00e9taires de Fran\u00e7ois Bayrou<\/a>. Dans les rues de la Ville rose, plusieurs actions revendicatives sont pr\u00e9vues.<\/p>\n<p class=\" wall-content\">\u00ab\u00a0Des<strong> d\u00e9parts concomitants de cort\u00e8ges<\/strong> pourraient avoir lieu en diff\u00e9rents points du<br \/><strong>centre-ville de Toulouse<\/strong>\u00ab\u00a0, pr\u00e9cise la<strong> pr\u00e9fecture de Haute-Garonne<\/strong> qui anticipe une journ\u00e9e \u00ab\u00a0susceptible de cr\u00e9er un grand d\u00e9sordre\u00a0\u00bb.<\/p>\n<p>Un large p\u00e9rim\u00e8tre d\u2019interdiction\u2026<\/p>\n<p class=\" wall-content\">La pr\u00e9fecture a donc pris un arr\u00eat\u00e9 \u00e0 deux jours du rendez-vous pour <strong>mobiliser les forces de l\u2019ordre<\/strong> et les secours\u2026 dans un vaste p\u00e9rim\u00e8tre. Tr\u00e8s vaste.<\/p>\n<p class=\" wall-content\">Dans l\u2019ensemble du centre-ville \u2013 et plus loin encore -, plusieurs interdictions et un <strong>p\u00e9rim\u00e8tre de surveillance<\/strong> prendront effet \u00e0 partir de 7\u00a0heures du matin ce mercredi 10\u00a0septembre, et jusqu\u2019\u00e0 21\u00a0heures.<\/p>\n<p>Les manifestations non d\u00e9clar\u00e9es interdites<\/p>\n<p class=\" wall-content\">Tous <strong>rassemblements revendicatifs non d\u00e9clar\u00e9s<\/strong> sont notamment interdits \u2013 au risque d\u2019\u00eatre condamn\u00e9 \u00e0 six mois de prison et 7500 euros d\u2019amende \u2013 dans l\u2019hyper-centre, que la pr\u00e9fecture d\u00e9limite par ces voies\u2009:<\/p>\n<p class=\" wall-content\">\u2013 Rond-point du Boulingrin,<br \/>\u2013 all\u00e9es Jules Guesde,<br \/>\u2013 all\u00e9es Paul Feuga,<br \/>\u2013 pont Saint-Michel,<br \/>\u2013 all\u00e9es Charles de Fitte,<br \/>\u2013 pont des Catalans,<br \/>\u2013 avenue Paul S\u00e9journ\u00e9,<br \/>\u2013 boulevard Lascrosses,<br \/>\u2013 boulevard d\u2019Arcole,<br \/>\u2013 boulevard de Strasbourg,<br \/>\u2013 boulevard Lazare Carnot,<br \/>\u2013 all\u00e9e Forain Fran\u00e7ois Verdier,<br \/>\u2013 Rond-point du Boulingrin.<\/p>\n<p>Vid\u00e9os : en ce moment sur Actu<br \/>\n    <img   decoding=\"async\" loading=\"lazy\" src=\"https:\/\/www.europesays.com\/fr\/wp-content\/uploads\/2025\/09\/q-960x640.png\" alt=\"Voici le p\u00e9rim\u00e8tre d'interdiction des rassemblements non revendiqu\u00e9s.\" width=\"960\" height=\"640\"\/><br \/>\n    Voici le p\u00e9rim\u00e8tre d\u2019interdiction des rassemblements non d\u00e9clar\u00e9s. (\u00a9Capture d\u2019\u00e9cran \/ Pr\u00e9fecture de Haute-Garonne)La surveillance par les airs et loin du centre-ville<\/p>\n<p class=\" wall-content\">La pr\u00e9fecture autorise \u00e9galement la captation, l\u2019enregistrement et la transmission d\u2019images par drones <strong>d\u00e8s 8\u00a0heures et jusqu\u2019\u00e0 21\u00a0heures<\/strong> \u00ab\u2009pour assurer la s\u00e9curit\u00e9 des personnes et des biens et pour r\u00e9guler les flux de transport\u2009\u00bb.<\/p>\n<p>Votre r\u00e9gion, votre actu !<\/p>\n<p>Recevez chaque jour les infos qui comptent pour vous.<\/p>\n<p>\t<a href=\"https:\/\/actu.fr\/newsletter\" class=\"ac-btn ac-btn--corner ac-btn--medium ac-btn--blue800\" target=\"_blank\" rel=\"noopener\">S&rsquo;incrire<\/a><\/p>\n<p class=\" wall-content\"><strong>Le p\u00e9rim\u00e8tre est tr\u00e8s large<\/strong> puisqu\u2019en plus du centre-ville, il englobe le<a href=\"https:\/\/actu.fr\/tag\/peripherique-de-toulouse\" target=\"_blank\" rel=\"noopener\"> p\u00e9riph\u00e9rique toulousain<\/a>, dans un couloir de 50\u00a0m\u00e8tres de part et d\u2019autres de l\u2019ensemble de l\u2019axe couvrant l<strong>\u2019A62, l\u2019A61 et l\u2019A620.<\/strong><\/p>\n<p class=\" wall-content\">En centre-ville, les voies concern\u00e9es sont\u2009:<\/p>\n<p class=\" wall-content\">\u2013 avenue Jules Julien\u2009;<br \/>\u2013 avenue de l\u2019URSS\u2009;<br \/>\u2013 grand rue Saint-Michel\u2009;<br \/>\u2013 all\u00e9es Paul Feuga\u2009;<br \/>\u2013 pont Saint-Michel\u2009;<br \/>\u2013 avenue de Muret\u2009;<br \/>\u2013 boulevard D\u00e9odat de S\u00e9verac\u2009;<br \/>\u2013 boulevard Gabriel Koenigs\u2009;<br \/>\u2013 avenue de Lombez\u2009;<br \/>\u2013 avenue de Lardenne<\/p>\n<p>    <img   decoding=\"async\" loading=\"lazy\" src=\"https:\/\/www.europesays.com\/fr\/wp-content\/uploads\/2025\/09\/perimetre-periph-960x640.png\" alt=\"Voici le p\u00e9rim\u00e8tre de surveillance autoris\u00e9 par drones.\" width=\"960\" height=\"640\"\/><br \/>\n    Voici le p\u00e9rim\u00e8tre de surveillance autoris\u00e9 par drones. (\u00a9Capture d\u2019\u00e9cran \/ Pr\u00e9fecture de Haute-Garonne)Les fumig\u00e8nes bannis<\/p>\n<p class=\" wall-content\">Sont \u00e9galement interdits l\u2019achat, la vente, la cession, l\u2019utilisation, le port et le transport des artifices de divertissement et d\u2019articles pyrotechniques (<strong>fumig\u00e8nes<\/strong> et <strong>p\u00e9tards<\/strong> de cat\u00e9gories F2 et F3). Cette mesure prend effet d\u00e8s ce lundi 8\u00a0septembre, jusqu\u2019\u00e0 jeudi 11\u00a0septembre, 8\u00a0heures. \u00ab\u2009Des contr\u00f4les al\u00e9atoires sont susceptibles d\u2019\u00eatre organis\u00e9s et multipli\u00e9s par les forces de l\u2019ordre\u2009\u00bb, pr\u00e9vient le pr\u00e9fet de Haute-Garonne.<\/p>\n<p class=\" wall-content\">Personnalisez votre actualit\u00e9 en ajoutant vos villes et m\u00e9dias en favori avec <a href=\"https:\/\/moncompte.actu.fr\" title=\"D\u00e9couvez Mon Actu\" rel=\"nofollow noopener\" data-trk=\"{&quot;cta&quot;:{&quot;action&quot;:&quot;https:\\\/\\\/moncompte.actu.fr&quot;,&quot;category&quot;:&quot;mon compte&quot;,&quot;from&quot;:&quot;article footer&quot;,&quot;name&quot;:&quot;Mon actu&quot;,&quot;type&quot;:&quot;cta&quot;}}\" target=\"_blank\">Mon Actu<\/a>.<\/p>\n","protected":false},"excerpt":{"rendered":"Par Mar\u00e9va Laville Publi\u00e9 le 8 sept. 2025 \u00e0 18h30 Le jour est guett\u00e9 de pr\u00e8s par les&hellip;\n","protected":false},"author":2,"featured_media":376366,"comment_status":"","ping_status":"","sticky":false,"template":"","format":"standard","meta":{"footnotes":""},"categories":[2816],"tags":[1111,11,1777,674,1011,27,6151,1272,12,2680,25,104,2312],"class_list":{"0":"post-376365","1":"post","2":"type-post","3":"status-publish","4":"format-standard","5":"has-post-thumbnail","7":"category-toulouse","8":"tag-actu","9":"tag-actualites","10":"tag-eu","11":"tag-europe","12":"tag-fr","13":"tag-france","14":"tag-greve","15":"tag-manifestations","16":"tag-news","17":"tag-occitanie","18":"tag-republique-francaise","19":"tag-societe","20":"tag-toulouse"},"share_on_mastodon":{"url":"https:\/\/pubeurope.com\/@fr\/115171244502032916","error":""},"_links":{"self":[{"href":"https:\/\/www.europesays.com\/fr\/wp-json\/wp\/v2\/posts\/376365","targetHints":{"allow":["GET"]}}],"collection":[{"href":"https:\/\/www.europesays.com\/fr\/wp-json\/wp\/v2\/posts"}],"about":[{"href":"https:\/\/www.europesays.com\/fr\/wp-json\/wp\/v2\/types\/post"}],"author":[{"embeddable":true,"href":"https:\/\/www.europesays.com\/fr\/wp-json\/wp\/v2\/users\/2"}],"replies":[{"embeddable":true,"href":"https:\/\/www.europesays.com\/fr\/wp-json\/wp\/v2\/comments?post=376365"}],"version-history":[{"count":0,"href":"https:\/\/www.europesays.com\/fr\/wp-json\/wp\/v2\/posts\/376365\/revisions"}],"wp:featuredmedia":[{"embeddable":true,"href":"https:\/\/www.europesays.com\/fr\/wp-json\/wp\/v2\/media\/376366"}],"wp:attachment":[{"href":"https:\/\/www.europesays.com\/fr\/wp-json\/wp\/v2\/media?parent=376365"}],"wp:term":[{"taxonomy":"category","embeddable":true,"href":"https:\/\/www.europesays.com\/fr\/wp-json\/wp\/v2\/categories?post=376365"},{"taxonomy":"post_tag","embeddable":true,"href":"https:\/\/www.europesays.com\/fr\/wp-json\/wp\/v2\/tags?post=376365"}],"curies":[{"name":"wp","href":"https:\/\/api.w.org\/{rel}","templated":true}]}}