{"id":376369,"date":"2025-09-08T23:23:33","date_gmt":"2025-09-08T23:23:33","guid":{"rendered":"https:\/\/www.europesays.com\/fr\/376369\/"},"modified":"2025-09-08T23:23:33","modified_gmt":"2025-09-08T23:23:33","slug":"venez-applaudir-ko-ko-mo-au-splendid-de-lille","status":"publish","type":"post","link":"https:\/\/www.europesays.com\/fr\/376369\/","title":{"rendered":"Venez applaudir KO KO MO au Splendid de Lille !"},"content":{"rendered":"<p class=\"article-p mdl\"><strong>KO KO MO<\/strong> c\u2019est un peu comme si le yin et le yang se retrouvaient sur sc\u00e8ne pour fusionner et \u00e9lectriser le public au cours d\u2019un show exaltant.<br \/>\u00a0En 3 albums, ce duo est parvenu \u00e0 imposer sa propre patte musicale, un son instantan\u00e9ment reconnaissable, alliant savamment Rock et touches d\u2019\u00c9lectro. La voix androgyne de Warren, tour \u00e0 tour sensible et puissante, vient parfois rivaliser avec ses riffs de guitare, pendant que K20, \u00e0 la batterie, mart\u00e8le ses f\u00fbts comme si sa vie en d\u00e9pendait. Ils d\u00e9gagent tellement d\u2019\u00e9nergie et de vibrations \u00e0 eux deux qu\u2019on a le sentiment qu\u2019ils se d\u00e9multiplient.<br \/>Apr\u00e8s 10 ans et plus de 600 concerts m\u00e9morables aux quatre coins de la plan\u00e8te, leur derni\u00e8re tourn\u00e9e les a men\u00e9s dans presque toutes les salles de France, \u00e0 guichets ferm\u00e9s. Ils ont galvanis\u00e9 et fait danser des dizaines de milliers de personnes dans les plus prestigieux festivals.\u00a0<\/p>\n<p>                <img decoding=\"async\" alt=\"\" class=\"media-item lazy\" src=\"https:\/\/www.europesays.com\/fr\/wp-content\/uploads\/2025\/09\/1779906-ko-ko-mo-en-concert-le-18-septembre-a-lille.jpg\"\/><\/p>\n<p>\n            KO KO MO en concert le 18 septembre \u00e0 Lille<\/p>\n<p>\n            Cr\u00e9dit : <\/p>\n<p class=\"article-p mdl\">Ils ont aussi \u00e9t\u00e9 adoub\u00e9s par des monuments du rock (Jack White, -M-, Shaka Ponk, Rival Sons, Royal Republic\u2026) en assurant leurs 1\u00e8res parties, devant de nouveaux fans conquis.<strong>Leur 4\u00e8me album, \u00ab STRIPED \u00bb<\/strong>, arrive en octobre comme un z\u00e8bre au galop \u00e0 la rencontre d\u2019un public de plus en plus large et fid\u00e8le qui les retrouvera sur la sc\u00e8ne du\u00a0<a class=\"link\" href=\"https:\/\/agauchedelalune.tickandyou.com\/concerts\/2592-ko-ko-mo.html\" target=\"_blank\" rel=\"noopener\">Splendid le 18 septembre 2025<\/a>\u00a0!<\/p>\n<p class=\"article-p mdl\"><a class=\"link\" href=\"https:\/\/www.rtl2.fr\/evenements\/regions\/mailto:sylvain.merlevede@rtl2.fr?subject=KO KO MO en concert\" target=\"_blank\" rel=\"noopener\">Jouez ici<\/a>, indiquez vos coordonn\u00e9es compl\u00e8tes (nom, pr\u00e9nom, adresse postale et num\u00e9ro de t\u00e9l\u00e9phone) et<strong> tentez de remporter vos 2 invitations !<\/strong><br \/><strong\/><br \/><strong>RTL2 Nord, LA radio pop-rock !<\/strong><\/p>\n<p>\n                                    Lire la suite\n                                <\/p>\n","protected":false},"excerpt":{"rendered":"KO KO MO c\u2019est un peu comme si le yin et le yang se retrouvaient sur sc\u00e8ne pour&hellip;\n","protected":false},"author":2,"featured_media":376370,"comment_status":"","ping_status":"","sticky":false,"template":"","format":"standard","meta":{"footnotes":""},"categories":[2815],"tags":[1111,11,1697,4046,1777,674,1011,27,811,1307,12,1308,25],"class_list":{"0":"post-376369","1":"post","2":"type-post","3":"status-publish","4":"format-standard","5":"has-post-thumbnail","7":"category-lille","8":"tag-actu","9":"tag-actualites","10":"tag-concert","11":"tag-concerts-rtl2","12":"tag-eu","13":"tag-europe","14":"tag-fr","15":"tag-france","16":"tag-hauts-de-france","17":"tag-lille","18":"tag-news","19":"tag-nord","20":"tag-republique-francaise"},"share_on_mastodon":{"url":"https:\/\/pubeurope.com\/@fr\/115171256273076628","error":""},"_links":{"self":[{"href":"https:\/\/www.europesays.com\/fr\/wp-json\/wp\/v2\/posts\/376369","targetHints":{"allow":["GET"]}}],"collection":[{"href":"https:\/\/www.europesays.com\/fr\/wp-json\/wp\/v2\/posts"}],"about":[{"href":"https:\/\/www.europesays.com\/fr\/wp-json\/wp\/v2\/types\/post"}],"author":[{"embeddable":true,"href":"https:\/\/www.europesays.com\/fr\/wp-json\/wp\/v2\/users\/2"}],"replies":[{"embeddable":true,"href":"https:\/\/www.europesays.com\/fr\/wp-json\/wp\/v2\/comments?post=376369"}],"version-history":[{"count":0,"href":"https:\/\/www.europesays.com\/fr\/wp-json\/wp\/v2\/posts\/376369\/revisions"}],"wp:featuredmedia":[{"embeddable":true,"href":"https:\/\/www.europesays.com\/fr\/wp-json\/wp\/v2\/media\/376370"}],"wp:attachment":[{"href":"https:\/\/www.europesays.com\/fr\/wp-json\/wp\/v2\/media?parent=376369"}],"wp:term":[{"taxonomy":"category","embeddable":true,"href":"https:\/\/www.europesays.com\/fr\/wp-json\/wp\/v2\/categories?post=376369"},{"taxonomy":"post_tag","embeddable":true,"href":"https:\/\/www.europesays.com\/fr\/wp-json\/wp\/v2\/tags?post=376369"}],"curies":[{"name":"wp","href":"https:\/\/api.w.org\/{rel}","templated":true}]}}