{"id":37637,"date":"2025-04-20T00:50:08","date_gmt":"2025-04-20T00:50:08","guid":{"rendered":"https:\/\/www.europesays.com\/fr\/37637\/"},"modified":"2025-04-20T00:50:08","modified_gmt":"2025-04-20T00:50:08","slug":"un-homme-decede-pres-de-langon-un-enfant-heliporte","status":"publish","type":"post","link":"https:\/\/www.europesays.com\/fr\/37637\/","title":{"rendered":"un homme d\u00e9c\u00e8de pr\u00e8s de Langon, un enfant h\u00e9liport\u00e9"},"content":{"rendered":"<p>            Par<br \/>\n        <strong><br \/>\n            <a href=\"https:\/\/actu.fr\/auteur\/edwin-bleunven\" title=\"Consulter tous les articles de Edwin Bleunven\" target=\"_blank\" rel=\"noopener\">Edwin Bleunven<\/a><br \/>\n        <\/strong><\/p>\n<p>        Publi\u00e9 le<\/p>\n<p>            19 avr. 2025 \u00e0 20h46        <\/p>\n<p>En <a href=\"https:\/\/actu.fr\/nouvelle-aquitaine\/gironde_33\" target=\"_blank\" rel=\"noopener\">Gironde<\/a>, <b>samedi 19\u00a0avril 2025<\/b>, peu avant 18\u2009h, la chute d\u2019un arbre a provoqu\u00e9 un accident sur l\u2019<a href=\"https:\/\/actu.fr\/tag\/autoroute-62-a62\" target=\"_blank\" rel=\"noopener\">autoroute A 62<\/a>. <b>Un homme est d\u00e9c\u00e9d\u00e9<\/b>, trois autres personnes sont <b>gri\u00e8vement bless\u00e9es<\/b>.<\/p>\n<p>Un homme d\u00e9c\u00e8de apr\u00e8s un accident de la route pr\u00e8s de Langon<\/p>\n<p class=\" wall-content\">Pr\u00e8s de <a href=\"https:\/\/actu.fr\/nouvelle-aquitaine\/langon_33227\" target=\"_blank\" rel=\"noopener\">Langon<\/a>, \u00e0 la limite entre Bieujac et Brannens, une <b>chute d\u2019arbre<\/b> a entra\u00een\u00e9 un premier accident dans le sens <b>Toulouse vers Bordeaux<\/b>. Un v\u00e9hicule a percut\u00e9 l\u2019arbre.<\/p>\n<p class=\" wall-content\">Cet incident a cr\u00e9\u00e9 un sur accident. Dans un des v\u00e9hicules impliqu\u00e9 se trouvaient <b>quatre personnes<\/b>. Parmi elles, un homme de 49\u00a0ans est d\u00e9c\u00e9d\u00e9.<\/p>\n<p>Un enfant h\u00e9liport\u00e9 vers de la CHU de Bordeaux<\/p>\n<p class=\" wall-content\">Dans le m\u00eame v\u00e9hicule, un<b> enfant de 8\u00a0ans<\/b> est gri\u00e8vement bless\u00e9. Il a \u00e9t\u00e9 <b>h\u00e9liport\u00e9<\/b> vers le CHU de Bordeaux.<\/p>\n<p class=\" wall-content\">Deux autres personnes, dont la conductrice de 29\u00a0ans, sont \u00e9galement en <b>urgence absolue<\/b>.<\/p>\n<p>Vid\u00e9os : en ce moment sur Actu<\/p>\n<p class=\" wall-content\">Les personnes pr\u00e9sentes dans le premier v\u00e9hicule ayant percut\u00e9 l\u2019arbre sont en urgence relative (blessures plus l\u00e9g\u00e8res).<\/p>\n<p>La circulation toujours perturb\u00e9e<\/p>\n<p class=\" wall-content\">La circulation a \u00e9t\u00e9 fortement impact\u00e9e. Elle se fait maintenant sur deux voies dans le sens Bordeaux vers Toulouse et sur une seule voix dans l\u2019autre sens.<\/p>\n<p class=\" wall-content\">Suivez toute l\u2019actualit\u00e9 de vos villes et m\u00e9dias favoris en vous inscrivant \u00e0 <a href=\"https:\/\/moncompte.actu.fr\" title=\"D\u00e9couvez Mon Actu\" rel=\"nofollow noopener\" data-trk=\"{&quot;cta&quot;:{&quot;action&quot;:&quot;https:\\\/\\\/moncompte.actu.fr&quot;,&quot;category&quot;:&quot;mon compte&quot;,&quot;from&quot;:&quot;article footer&quot;,&quot;name&quot;:&quot;Mon actu&quot;,&quot;type&quot;:&quot;cta&quot;}}\" target=\"_blank\">Mon Actu<\/a>.<\/p>\n","protected":false},"excerpt":{"rendered":"Par Edwin Bleunven Publi\u00e9 le 19 avr. 2025 \u00e0 20h46 En Gironde, samedi 19\u00a0avril 2025, peu avant 18\u2009h,&hellip;\n","protected":false},"author":2,"featured_media":37638,"comment_status":"","ping_status":"","sticky":false,"template":"","format":"standard","meta":{"footnotes":""},"categories":[4],"tags":[119,11,6343,11421,118,1011,27,12,25],"class_list":{"0":"post-37637","1":"post","2":"type-post","3":"status-publish","4":"format-standard","5":"has-post-thumbnail","7":"category-france","8":"tag-accident","9":"tag-actualites","10":"tag-autoroute-62-a62","11":"tag-chu-de-bordeaux","12":"tag-faits-divers","13":"tag-fr","14":"tag-france","15":"tag-news","16":"tag-republique-francaise"},"share_on_mastodon":{"url":"https:\/\/pubeurope.com\/@fr\/114367550099894583","error":""},"_links":{"self":[{"href":"https:\/\/www.europesays.com\/fr\/wp-json\/wp\/v2\/posts\/37637","targetHints":{"allow":["GET"]}}],"collection":[{"href":"https:\/\/www.europesays.com\/fr\/wp-json\/wp\/v2\/posts"}],"about":[{"href":"https:\/\/www.europesays.com\/fr\/wp-json\/wp\/v2\/types\/post"}],"author":[{"embeddable":true,"href":"https:\/\/www.europesays.com\/fr\/wp-json\/wp\/v2\/users\/2"}],"replies":[{"embeddable":true,"href":"https:\/\/www.europesays.com\/fr\/wp-json\/wp\/v2\/comments?post=37637"}],"version-history":[{"count":0,"href":"https:\/\/www.europesays.com\/fr\/wp-json\/wp\/v2\/posts\/37637\/revisions"}],"wp:featuredmedia":[{"embeddable":true,"href":"https:\/\/www.europesays.com\/fr\/wp-json\/wp\/v2\/media\/37638"}],"wp:attachment":[{"href":"https:\/\/www.europesays.com\/fr\/wp-json\/wp\/v2\/media?parent=37637"}],"wp:term":[{"taxonomy":"category","embeddable":true,"href":"https:\/\/www.europesays.com\/fr\/wp-json\/wp\/v2\/categories?post=37637"},{"taxonomy":"post_tag","embeddable":true,"href":"https:\/\/www.europesays.com\/fr\/wp-json\/wp\/v2\/tags?post=37637"}],"curies":[{"name":"wp","href":"https:\/\/api.w.org\/{rel}","templated":true}]}}