{"id":376371,"date":"2025-09-08T23:24:11","date_gmt":"2025-09-08T23:24:11","guid":{"rendered":"https:\/\/www.europesays.com\/fr\/376371\/"},"modified":"2025-09-08T23:24:11","modified_gmt":"2025-09-08T23:24:11","slug":"previsions-du-mardi-9-septembre-2025-6","status":"publish","type":"post","link":"https:\/\/www.europesays.com\/fr\/376371\/","title":{"rendered":"pr\u00e9visions du mardi 9 septembre 2025"},"content":{"rendered":"<p>Un beau soleil est pr\u00e9vu aujourd&rsquo;hui \u00e0 Marseille. Il va faire 24\u00b0C en moyenne. Les temp\u00e9ratures seront de 23\u00b0C au cours de la matin\u00e9e. Un petit vent de nord-ouest soufflera. Les valeurs seront comprises entre 25 et 26\u00b0C l&rsquo;apr\u00e8s-midi. La ville sera touch\u00e9e par un vent d&rsquo;ouest de 22 km\/h. Le ciel va quelque peu se d\u00e9gager dans la soir\u00e9e avec des \u00e9claircies. Les temp\u00e9ratures s&rsquo;\u00e9chelonneront de 23 \u00e0 24\u00b0C. On passera de mardi \u00e0 mercredi par une nuit claire.<\/p>\n<p>Une baisse des temp\u00e9ratures est pr\u00e9vue \u00e0 Marseille, demain. Il fera en moyenne 23\u00b0C. Une modeste brise de nord-ouest sera ressentie par les habitants. On annonce une embellie pour cette matin\u00e9e. Les maximales iront jusqu&rsquo;\u00e0 24\u00b0C alors que les minimales seront de 22\u00b0C. Le soleil sera au rendez-vous : un magnifique apr\u00e8s-midi se profile ! Les valeurs s&rsquo;\u00e9chelonneront entre 23 et 24\u00b0C. Demain soir, on anticipe des temp\u00e9ratures avoisinant 22\u00b0C.<\/p>\n<p>Le temps restera stable les jours \u00e0 venir. Le temps sera ensoleill\u00e9 avec des temp\u00e9ratures d&rsquo;environ 25\u00b0C.<\/p>\n<p><\/p>\n","protected":false},"excerpt":{"rendered":"Un beau soleil est pr\u00e9vu aujourd&rsquo;hui \u00e0 Marseille. Il va faire 24\u00b0C en moyenne. Les temp\u00e9ratures seront de&hellip;\n","protected":false},"author":2,"featured_media":376372,"comment_status":"","ping_status":"","sticky":false,"template":"","format":"standard","meta":{"footnotes":""},"categories":[2814],"tags":[1111,11,885,1777,674,1011,27,884,12,883,2119,882,25],"class_list":{"0":"post-376371","1":"post","2":"type-post","3":"status-publish","4":"format-standard","5":"has-post-thumbnail","7":"category-marseille","8":"tag-actu","9":"tag-actualites","10":"tag-bouches-du-rhone","11":"tag-eu","12":"tag-europe","13":"tag-fr","14":"tag-france","15":"tag-marseille","16":"tag-news","17":"tag-paca","18":"tag-previsions-meteo","19":"tag-provence-alpes-cote-dazur","20":"tag-republique-francaise"},"share_on_mastodon":{"url":"https:\/\/pubeurope.com\/@fr\/115171260214361425","error":""},"_links":{"self":[{"href":"https:\/\/www.europesays.com\/fr\/wp-json\/wp\/v2\/posts\/376371","targetHints":{"allow":["GET"]}}],"collection":[{"href":"https:\/\/www.europesays.com\/fr\/wp-json\/wp\/v2\/posts"}],"about":[{"href":"https:\/\/www.europesays.com\/fr\/wp-json\/wp\/v2\/types\/post"}],"author":[{"embeddable":true,"href":"https:\/\/www.europesays.com\/fr\/wp-json\/wp\/v2\/users\/2"}],"replies":[{"embeddable":true,"href":"https:\/\/www.europesays.com\/fr\/wp-json\/wp\/v2\/comments?post=376371"}],"version-history":[{"count":0,"href":"https:\/\/www.europesays.com\/fr\/wp-json\/wp\/v2\/posts\/376371\/revisions"}],"wp:featuredmedia":[{"embeddable":true,"href":"https:\/\/www.europesays.com\/fr\/wp-json\/wp\/v2\/media\/376372"}],"wp:attachment":[{"href":"https:\/\/www.europesays.com\/fr\/wp-json\/wp\/v2\/media?parent=376371"}],"wp:term":[{"taxonomy":"category","embeddable":true,"href":"https:\/\/www.europesays.com\/fr\/wp-json\/wp\/v2\/categories?post=376371"},{"taxonomy":"post_tag","embeddable":true,"href":"https:\/\/www.europesays.com\/fr\/wp-json\/wp\/v2\/tags?post=376371"}],"curies":[{"name":"wp","href":"https:\/\/api.w.org\/{rel}","templated":true}]}}