{"id":376377,"date":"2025-09-08T23:27:24","date_gmt":"2025-09-08T23:27:24","guid":{"rendered":"https:\/\/www.europesays.com\/fr\/376377\/"},"modified":"2025-09-08T23:27:24","modified_gmt":"2025-09-08T23:27:24","slug":"un-detenu-de-lyon-corbas-mis-en-examen-pour-un-meurtre-lie-au-trafic-de-drogue","status":"publish","type":"post","link":"https:\/\/www.europesays.com\/fr\/376377\/","title":{"rendered":"un d\u00e9tenu de Lyon-Corbas mis en examen pour un meurtre li\u00e9 au trafic de drogue"},"content":{"rendered":"<p itemprop=\"description\"><strong>L\u2019affaire avait choqu\u00e9 Vaulx-en-Velin et l\u2019agglom\u00e9ration lyonnaise.<\/strong><\/p>\n<p>Un prisonnier de 22 ans, se pr\u00e9sentant comme Tunisien et en situation irr\u00e9guli\u00e8re, a \u00e9t\u00e9 mis en examen cet \u00e9t\u00e9 pour\u00a0complicit\u00e9 de meurtre en bande organis\u00e9e, a indiqu\u00e9 le parquet de Lyon. L\u2019homme est soup\u00e7onn\u00e9 d\u2019avoir coordonn\u00e9, depuis sa cellule de la prison de Corbas, l\u2019ex\u00e9cution d\u2019un guetteur sur un point de deal \u00e0 Vaulx-en-Velin.<\/p>\n<p>Les faits remontent au 7 avril 2025. Ce jour-l\u00e0, un jeune de 19 ans avait \u00e9t\u00e9 tu\u00e9 par balles en plein apr\u00e8s-midi, pr\u00e8s d\u2019une \u00e9cole dont les \u00e9l\u00e8ves avaient d\u00fb \u00eatre confin\u00e9s. Le tireur pr\u00e9sum\u00e9, \u00e2g\u00e9 de 18 ans, avait \u00e9t\u00e9 interpell\u00e9 quelques jours plus tard en r\u00e9gion parisienne et mis en examen pour meurtre en bande organis\u00e9e. Deux autres personnes, une femme de 18 ans et un homme de 20 ans, accus\u00e9s de l\u2019avoir aid\u00e9, avaient \u00e9galement \u00e9t\u00e9 arr\u00eat\u00e9s et \u00e9crou\u00e9s.<\/p>\n<p>Selon les enqu\u00eateurs de la division de la criminalit\u00e9 organis\u00e9e et sp\u00e9cialis\u00e9e (DCOS), le d\u00e9tenu de Corbas aurait r\u00e9serv\u00e9 le taxi ayant conduit le tireur sur les lieux et donn\u00e9 des instructions \u00e0 la jeune femme charg\u00e9e d\u2019accueillir ce dernier. Il est soup\u00e7onn\u00e9 d\u2019avoir voulu \u00e9carter un rival dans la gestion du trafic local.<\/p>\n<p>L\u2019enqu\u00eate se poursuit pour d\u00e9terminer s\u2019il a agi seul ou pour le compte d\u2019un autre commanditaire.<\/p>\n","protected":false},"excerpt":{"rendered":"L\u2019affaire avait choqu\u00e9 Vaulx-en-Velin et l\u2019agglom\u00e9ration lyonnaise. Un prisonnier de 22 ans, se pr\u00e9sentant comme Tunisien et en&hellip;\n","protected":false},"author":2,"featured_media":376378,"comment_status":"","ping_status":"","sticky":false,"template":"","format":"standard","meta":{"footnotes":""},"categories":[1889],"tags":[1111,11,2813,2190,2430,1109,251,1112,2811,1777,674,118,1011,27,1922,1110,1114,2428,2810,12,241,316,25,2812,517,800],"class_list":{"0":"post-376377","1":"post","2":"type-post","3":"status-publish","4":"format-standard","5":"has-post-thumbnail","7":"category-lyon","8":"tag-actu","9":"tag-actualites","10":"tag-article","11":"tag-asvel","12":"tag-auvergne-rhone-alpes","13":"tag-breves","14":"tag-culture","15":"tag-depeches","16":"tag-economique","17":"tag-eu","18":"tag-europe","19":"tag-faits-divers","20":"tag-fr","21":"tag-france","22":"tag-info","23":"tag-informations","24":"tag-infos","25":"tag-lyon","26":"tag-lyonmag","27":"tag-news","28":"tag-ol","29":"tag-politique","30":"tag-republique-francaise","31":"tag-sociale","32":"tag-sport","33":"tag-transports"},"share_on_mastodon":{"url":"https:\/\/pubeurope.com\/@fr\/115171271838578091","error":""},"_links":{"self":[{"href":"https:\/\/www.europesays.com\/fr\/wp-json\/wp\/v2\/posts\/376377","targetHints":{"allow":["GET"]}}],"collection":[{"href":"https:\/\/www.europesays.com\/fr\/wp-json\/wp\/v2\/posts"}],"about":[{"href":"https:\/\/www.europesays.com\/fr\/wp-json\/wp\/v2\/types\/post"}],"author":[{"embeddable":true,"href":"https:\/\/www.europesays.com\/fr\/wp-json\/wp\/v2\/users\/2"}],"replies":[{"embeddable":true,"href":"https:\/\/www.europesays.com\/fr\/wp-json\/wp\/v2\/comments?post=376377"}],"version-history":[{"count":0,"href":"https:\/\/www.europesays.com\/fr\/wp-json\/wp\/v2\/posts\/376377\/revisions"}],"wp:featuredmedia":[{"embeddable":true,"href":"https:\/\/www.europesays.com\/fr\/wp-json\/wp\/v2\/media\/376378"}],"wp:attachment":[{"href":"https:\/\/www.europesays.com\/fr\/wp-json\/wp\/v2\/media?parent=376377"}],"wp:term":[{"taxonomy":"category","embeddable":true,"href":"https:\/\/www.europesays.com\/fr\/wp-json\/wp\/v2\/categories?post=376377"},{"taxonomy":"post_tag","embeddable":true,"href":"https:\/\/www.europesays.com\/fr\/wp-json\/wp\/v2\/tags?post=376377"}],"curies":[{"name":"wp","href":"https:\/\/api.w.org\/{rel}","templated":true}]}}