{"id":376379,"date":"2025-09-08T23:29:14","date_gmt":"2025-09-08T23:29:14","guid":{"rendered":"https:\/\/www.europesays.com\/fr\/376379\/"},"modified":"2025-09-08T23:29:14","modified_gmt":"2025-09-08T23:29:14","slug":"sncf-ratp-aerien-decouvrez-les-previsions-de-trafic-dans-les-transports","status":"publish","type":"post","link":"https:\/\/www.europesays.com\/fr\/376379\/","title":{"rendered":"SNCF, RATP, a\u00e9rien\u2026 D\u00e9couvrez les pr\u00e9visions de trafic dans les transports"},"content":{"rendered":"<p>Certains syndicats ont appel\u00e9 \u00e0 rejoindre le mouvement de blocage du 10 septembre par la gr\u00e8ve. Si les TGV devraient circuler \u00abnormalement\u00bb, le trafic sera en revanche perturb\u00e9 sur les TER et en \u00cele-de-France.<\/p>\n<p class=\"fig-paragraph\">Journ\u00e9e noire en vue dans les transports ce mercredi\u00a0?\u00a0<a href=\"http:\/\/www.lefigaro.fr\/social\/blocages-greves-transports-au-ralenti-a-quelles-perturbations-faut-il-s-attendre-pour-le-mouvement-du-10-septembre-20250905\" data-fig-type=\"NewsFlash\" data-gtm-custom-categorie=\"navigation\" data-gtm-custom-action=\"crossclick\" data-gtm-custom-label=\"Contextuel\" data-gtm-event=\"customEventSPE\" data-fig-domain=\"LEFIGARO\" target=\"_blank\" rel=\"noopener\">Le mouvement de protestation du 10 septembre<\/a>, baptis\u00e9 \u00abBloquons tout\u00bb, nourri par de nombreux appels sur les r\u00e9seaux sociaux, a \u00e9t\u00e9 rejoint par certains syndicats, notamment dans les transports, qui ont appel\u00e9 \u00e0 faire gr\u00e8ve ce jour-l\u00e0. \u00c0 la SNCF, le syndicat SUD-Rail a notamment appel\u00e9 \u00e0 \u00abtout bloquer dans le ferroviaire\u00bb, quand la CGT-Cheminots, premier syndicat de la compagnie en termes de repr\u00e9sentativit\u00e9, a \u00e9galement appel\u00e9 \u00abtous les cheminots \u00e0 participer massivement, par la gr\u00e8ve, \u00e0 [la] journ\u00e9e du 10 septembre\u00bb. D\u2019autres perturbations sont attendues dans les transports en commun. Le Figaro fait le point.<\/p>\n<p class=\"fig-paragraph\">Au niveau national, les TGV Inoui, Ouigo et TGV internationaux \u00abcirculeront normalement\u00bb, assure la SNCF lundi soir. En revanche, \u00abdes perturbations sont \u00e0 pr\u00e9voir sur les lignes Intercit\u00e9s Paris &#8211; Clermont-Ferrand, Paris \u2013 Limoges \u2013 Toulouse, Bordeaux \u2013 Marseille et les trains de nuit\u00bb, mais l\u2019entreprise ne pr\u00e9cise pas le nombre de trains qui devraient \u00eatre supprim\u00e9s, rappelant que \u00ables clients concern\u00e9s sont pr\u00e9venus individuellement\u00bb. Les trains de nuit entre Paris et Toulouse sont par exemple indiqu\u00e9s comme supprim\u00e9s dans les deux sens mardi et mercredi soirs, lors d\u2019une recherche de billet sur SNCF Connect.<\/p>\n<p>                                    <a class=\"fig-a11y-skip a11y-hidden\" href=\"#fig-a11y-skip-main-inarticle\"><br \/>\n        Passer la publicit\u00e9<br \/>\n    <\/a><\/p>\n<p class=\"fig-paragraph\">Du c\u00f4t\u00e9 des TER, la circulation des trains sera tr\u00e8s perturb\u00e9e, pr\u00e9vient la compagnie ferroviaire. Elle pr\u00e9voit des perturbations sur les trains r\u00e9gionaux dans la plupart des territoires, avec des difficult\u00e9s qui pourront commencer d\u00e8s mardi soir et se prolonger jeudi matin. Selon SNCF Connect, le trafic sera \u00abfortement\u00bb perturb\u00e9 dans les Hauts-de-France, \u00abtr\u00e8s perturb\u00e9\u00bb en Auvergne-Rh\u00f4ne-Alpes et en Occitanie, et \u00abperturb\u00e9\u00bb en Bourgogne-Franche-Comt\u00e9, Bretagne, Centre-Val de Loire, Nouvelle-Aquitaine et Pays de la Loire. Les autres r\u00e9gions n\u2019ont encore rien annonc\u00e9.<\/p>\n<p>Perturbations de trafic en \u00cele-de-France<\/p>\n<p class=\"fig-paragraph\">En \u00cele-de-France, la SNCF n\u2019a pas communiqu\u00e9 sur l\u2019ampleur de la gr\u00e8ve mais pr\u00e9f\u00e9r\u00e9 distiller des informations sur les comptes de chaque ligne sur les r\u00e9seaux sociaux. Le trafic devrait ainsi \u00eatre \u00abtr\u00e8s fortement perturb\u00e9\u00bb sur le RER D, \u00abfortement perturb\u00e9\u00bb sur le RER C et les lignes H, K, N et U, \u00abperturb\u00e9\u00bb sur les lignes E, J et L et \u00abl\u00e9g\u00e8rement perturb\u00e9\u00bb sur la ligne P. Le compte de la ligne V n\u2019a, quant \u00e0 lui, donn\u00e9 aucune information. \u00abDans la mesure du possible, nous vous conseillons de limiter vos d\u00e9placements\u00bb, indique la SNCF aux usagers franciliens, pr\u00e9cisant que les horaires des trains maintenus ou supprim\u00e9s seront d\u00e9voil\u00e9s mardi \u00e0 17 heures.<\/p>\n<p class=\"fig-paragraph\">C\u00f4t\u00e9 RATP, le trafic sera seulement \u00abperturb\u00e9\u00bb sur le RER B, cog\u00e9r\u00e9 avec la SNCF, indique la r\u00e9gie francilienne, sans toutefois pr\u00e9ciser quelle proportion de trains circulera. L\u2019interconnexion est en tout cas maintenue \u00e0 Gare du Nord ; c\u2019est l\u00e0 que RATP et SNCF se passent le relais dans la gestion de la ligne. Le trafic sera \u00abnormal\u00bb sur le RER A et les tramways g\u00e9r\u00e9s par la RATP, et \u00abquasi normal\u00bb dans le m\u00e9tro et les bus.\u00a0Seul le syndicat La Base, qui repr\u00e9sente surtout des conducteurs de RER, appelle \u00e0 faire gr\u00e8ve \u00e0 la RATP.<\/p>\n<p>Vers des blocages de gares et d\u2019a\u00e9roports\u00a0?<\/p>\n<p class=\"fig-paragraph\">Dans les airs, le syndicat Sud A\u00e9rien appelle \u00e0 la gr\u00e8ve et au blocage des a\u00e9roports le 10 septembre, rejoint par la CGT Air France qui appelle \u00e9galement \u00e0 la mobilisation. L\u2019ampleur des perturbations n\u2019est pas encore connue, mais le gros de la gr\u00e8ve dans ce secteur devrait surtout \u00eatre pour le 18 septembre, le SNCTA, syndicat majoritaire des contr\u00f4leurs a\u00e9riens,\u00a0<a href=\"http:\/\/www.lefigaro.fr\/social\/les-controleurs-aeriens-annoncent-une-nouvelle-greve-le-18-septembre-20250828\" target=\"_blank\" data-fig-type=\"NewsFlash\" rel=\"noopener\" data-gtm-custom-categorie=\"navigation\" data-gtm-custom-action=\"crossclick\" data-gtm-custom-label=\"Contextuel\" data-gtm-event=\"customEventSPE\" data-fig-domain=\"LEFIGARO\">appelant \u00e0 la mobilisation \u00e0 cette date-l\u00e0<\/a>.<\/p>\n<p class=\"fig-paragraph\">La direction g\u00e9n\u00e9rale de l\u2019Aviation civile (DGAC) pr\u00e9voit toutefois des perturbations et des retards \u00absur l\u2019ensemble des a\u00e9roports fran\u00e7ais\u00bb mercredi. \u00abAfin de limiter les perturbations du trafic\u00bb, la DGAC \u00abappliquera les dispositions du service minimum en soir\u00e9e dans le centre en route de la navigation a\u00e9rienne d\u2019Aix-en-Provence\u00bb et dans les services de navigation a\u00e9rienne de l\u2019a\u00e9roport de Marseille-Provence, ajoute-t-elle.<\/p>\n<p>                                    <a class=\"fig-a11y-skip a11y-hidden\" href=\"#fig-a11y-skip-main-inarticle_mtf\"><br \/>\n        Passer la publicit\u00e9<br \/>\n    <\/a><\/p>\n<p class=\"fig-paragraph\">Par cons\u00e9quent, la DGAC a demand\u00e9 aux compagnies a\u00e9riennes de r\u00e9duire de 50% leur programme de vol entre 18h00 et minuit sur les a\u00e9roports de Nice et ceux de Corse (Bastia, Ajaccio, Figari, Calvi), \u00abce qui repr\u00e9sente un peu plus d\u2019une cinquantaine de vols sur les plus de 10.000\u00bb pr\u00e9vus dans le ciel fran\u00e7ais mercredi. \u00abEn d\u00e9pit de ces mesures pr\u00e9ventives, des perturbations et des retards sont n\u00e9anmoins \u00e0 pr\u00e9voir sur l\u2019ensemble des a\u00e9roports fran\u00e7ais\u00bb, pr\u00e9cise la DGAC, qui invite les passagers qui le peuvent \u00ab\u00e0 reporter leur voyage et \u00e0 s\u2019informer aupr\u00e8s de leur compagnie a\u00e9rienne\u00bb.<\/p>\n<p class=\"fig-paragraph\">Au-del\u00e0 des perturbations pr\u00e9visibles de trafic li\u00e9es aux agents gr\u00e9vistes, les partisans du mouvement du 10 septembre\u00a0<a href=\"http:\/\/www.lefigaro.fr\/actualite-france\/blocages-manifestations-actes-de-sabotage-les-autorites-craignent-une-vague-de-coups-d-eclat-le-10-septembre-20250905\" data-fig-type=\"Article\" data-gtm-custom-categorie=\"navigation\" data-gtm-custom-action=\"crossclick\" data-gtm-custom-label=\"Contextuel\" data-gtm-event=\"customEventSPE\" data-fig-domain=\"LEFIGARO\" target=\"_blank\" rel=\"noopener\">ont appel\u00e9 \u00e0 bloquer les gares, les routes ou encore les a\u00e9roports<\/a>. Les autorit\u00e9s fran\u00e7aises s\u2019attendent \u00e9galement \u00e0 des actions diverses sur tout le territoire allant de blocages de raffineries \u00e0 des op\u00e9rations de sabotages de radars automatiques. Des actions dont l\u2019ampleur d\u00e9pend surtout de\u00a0<a href=\"http:\/\/www.lefigaro.fr\/social\/mouvement-du-10-septembre-100-000-participants-attendus-est-ce-un-chiffre-assez-bas-comme-le-dit-bayrou-20250905\" data-fig-type=\"NewsFlash\" data-gtm-custom-categorie=\"navigation\" data-gtm-custom-action=\"crossclick\" data-gtm-custom-label=\"Contextuel\" data-gtm-event=\"customEventSPE\" data-fig-domain=\"LEFIGARO\" target=\"_blank\" rel=\"noopener\">la capacit\u00e9 de mobilisation ce mercredi<\/a>, par essence difficile \u00e0 pr\u00e9voir.<\/p>\n","protected":false},"excerpt":{"rendered":"Certains syndicats ont appel\u00e9 \u00e0 rejoindre le mouvement de blocage du 10 septembre par la gr\u00e8ve. Si les&hellip;\n","protected":false},"author":2,"featured_media":376380,"comment_status":"","ping_status":"","sticky":false,"template":"","format":"standard","meta":{"footnotes":""},"categories":[1592],"tags":[1111,11,1777,674,1011,27,662,11639,12,626,625,25,2215,800],"class_list":{"0":"post-376379","1":"post","2":"type-post","3":"status-publish","4":"format-standard","5":"has-post-thumbnail","7":"category-ile-de-france","8":"tag-actu","9":"tag-actualites","10":"tag-eu","11":"tag-europe","12":"tag-fr","13":"tag-france","14":"tag-ile-de-france","15":"tag-mouvement-social","16":"tag-news","17":"tag-paris","18":"tag-ratp","19":"tag-republique-francaise","20":"tag-sncf","21":"tag-transports"},"share_on_mastodon":{"url":"https:\/\/pubeurope.com\/@fr\/115171279696847453","error":""},"_links":{"self":[{"href":"https:\/\/www.europesays.com\/fr\/wp-json\/wp\/v2\/posts\/376379","targetHints":{"allow":["GET"]}}],"collection":[{"href":"https:\/\/www.europesays.com\/fr\/wp-json\/wp\/v2\/posts"}],"about":[{"href":"https:\/\/www.europesays.com\/fr\/wp-json\/wp\/v2\/types\/post"}],"author":[{"embeddable":true,"href":"https:\/\/www.europesays.com\/fr\/wp-json\/wp\/v2\/users\/2"}],"replies":[{"embeddable":true,"href":"https:\/\/www.europesays.com\/fr\/wp-json\/wp\/v2\/comments?post=376379"}],"version-history":[{"count":0,"href":"https:\/\/www.europesays.com\/fr\/wp-json\/wp\/v2\/posts\/376379\/revisions"}],"wp:featuredmedia":[{"embeddable":true,"href":"https:\/\/www.europesays.com\/fr\/wp-json\/wp\/v2\/media\/376380"}],"wp:attachment":[{"href":"https:\/\/www.europesays.com\/fr\/wp-json\/wp\/v2\/media?parent=376379"}],"wp:term":[{"taxonomy":"category","embeddable":true,"href":"https:\/\/www.europesays.com\/fr\/wp-json\/wp\/v2\/categories?post=376379"},{"taxonomy":"post_tag","embeddable":true,"href":"https:\/\/www.europesays.com\/fr\/wp-json\/wp\/v2\/tags?post=376379"}],"curies":[{"name":"wp","href":"https:\/\/api.w.org\/{rel}","templated":true}]}}