{"id":376391,"date":"2025-09-08T23:35:17","date_gmt":"2025-09-08T23:35:17","guid":{"rendered":"https:\/\/www.europesays.com\/fr\/376391\/"},"modified":"2025-09-08T23:35:17","modified_gmt":"2025-09-08T23:35:17","slug":"un-missile-a-ete-utilise-pour-frapper-le-siege-du-gouvernement-dimanche-selon-kiev","status":"publish","type":"post","link":"https:\/\/www.europesays.com\/fr\/376391\/","title":{"rendered":"un missile a \u00e9t\u00e9 utilis\u00e9 pour frapper le si\u00e8ge du gouvernement dimanche, selon Kiev"},"content":{"rendered":"<p>\u00ab\u00a0Pour la premi\u00e8re fois, l&rsquo;ennemi a attaqu\u00e9 le b\u00e2timent du gouvernement ukrainien \u2014 une frappe de missile balistique Iskander\u00a0\u00bb, a \u00e9crit sur X Andri\u00ef Iermak, chef de l&rsquo;administration pr\u00e9sidentielle ukrainienne.<\/p>\n<p>Il a pr\u00e9cis\u00e9 avoir \u00e9voqu\u00e9 cette attaque lors d&rsquo;un appel avec le chef de la diplomatie am\u00e9ricaine, Marco Rubio.<\/p>\n<p>Le puissant missile balistique Iskander est tr\u00e8s utilis\u00e9 par la Russie contre l&rsquo;Ukraine.<\/p>\n<p>La Russie a lanc\u00e9 dimanche sa plus grande vague de drones et missiles sur l&rsquo;Ukraine depuis le d\u00e9but de la guerre en f\u00e9vrier 2022.<\/p>\n<p><img alt=\"Un sauveteur ukrainien dans une pi\u00e8ce du b\u00e2timent du gouvernement ukrainien endommag\u00e9 la veille par une frappe a\u00e9rienne russe massive, le 8 septembre 2025 \u00e0 Kiev\" loading=\"lazy\" decoding=\"async\" data-nimg=\"fill\" class=\" TwicCore_img__i9TC1 undefined  undefined\" style=\"position:absolute;height:100%;width:100%;left:0;top:0;right:0;bottom:0;color:transparent;background-size:cover;background-position:50% 50%;background-repeat:no-repeat;background-image:url(&quot;data:image\/svg+xml;charset=utf-8,%3Csvg xmlns='http:\/\/www.w3.org\/2000\/svg' %3E%3Cfilter id='b' color-interpolation-filters='sRGB'%3E%3CfeGaussianBlur stdDeviation='20'\/%3E%3CfeColorMatrix values='1 0 0 0 0 0 1 0 0 0 0 0 1 0 0 0 0 0 100 -1' result='s'\/%3E%3CfeFlood x='0' y='0' width='100%25' height='100%25'\/%3E%3CfeComposite operator='out' in='s'\/%3E%3CfeComposite in2='SourceGraphic'\/%3E%3CfeGaussianBlur stdDeviation='20'\/%3E%3C\/filter%3E%3Cimage width='100%25' height='100%25' x='0' y='0' preserveAspectRatio='none' style='filter: url(%23b);' href='https:\/\/pictures.laprovence.com\/cdn-cgi\/image\/blur=250\/media\/afp\/698ca3d597466c88afe091514b24460151070f04.jpg'\/%3E%3C\/svg%3E&quot;)\"   src=\"https:\/\/www.europesays.com\/fr\/wp-content\/uploads\/2025\/09\/698ca3d597466c88afe091514b24460151070f04.jpg\"\/>Un sauveteur ukrainien dans une pi\u00e8ce du b\u00e2timent du gouvernement ukrainien endommag\u00e9 la veille par une frappe a\u00e9rienne russe massive, le 8 septembre 2025 \u00e0 Kiev PHOTO AFP \/ Genya SAVILOV<\/p>\n<p>L&rsquo;ambassadrice de l&rsquo;UE en Ukraine, Katarina Mathernova, avait indiqu\u00e9 plus t\u00f4t avoir visit\u00e9 le si\u00e8ge du gouvernement, et y avoir constat\u00e9 le \u00ab\u00a0trou b\u00e9ant\u00a0\u00bb laiss\u00e9 par l&rsquo;impact ainsi que des restes du missile.<\/p>\n<p>\u00ab\u00a0C&rsquo;est uniquement parce que le missile n&rsquo;a pas pu compl\u00e8tement d\u00e9toner que l&rsquo;ensemble du b\u00e2timent n&rsquo;a pas \u00e9t\u00e9 transform\u00e9 en ruines\u00a0\u00bb, a-t-elle assur\u00e9.<\/p>\n<p>Andri\u00ef Danyk, le chef du service ukrainien des Situations d&rsquo;urgence, a fait \u00e9tat lundi de 800 \u00e0 900 m2 endommag\u00e9s.<\/p>\n<p>L&rsquo;attaque a provoqu\u00e9 un incendie qui s&rsquo;est propag\u00e9 \u00ab\u00a0tr\u00e8s rapidement\u00a0\u00bb, a-t-il dit \u00e0 un groupe de journalistes, dont l&rsquo;AFP, venus visiter les lieux.<\/p>\n<p>Apr\u00e8s l&rsquo;attaque record de dimanche, qui a fait plusieurs morts et bless\u00e9s \u00e0 travers le pays, Kiev a appel\u00e9 ses alli\u00e9s \u00e0 de nouvelles sanctions \u00e9conomiques contre Moscou, ce \u00e0 quoi le pr\u00e9sident am\u00e9ricain Donald Trump s&rsquo;est dit pr\u00eat.<\/p>\n<p>Andri\u00ef Iermak a dit avoir \u00e9voqu\u00e9 le \u00ab\u00a0renforcement des sanctions contre la Russie\u00a0\u00bb avec Marco Rubio, ainsi que les garanties de s\u00e9curit\u00e9 demand\u00e9es par Kiev en cas de cessez-le-feu.<\/p>\n<p><img alt=\"Des sauveteurs ukrainiens dans le b\u00e2timent du gouvernement ukrainien endommag\u00e9 la veille lors d'une frappe a\u00e9rienne russe massive, le 8 septembre 2025 \u00e0 Kiev\" loading=\"lazy\" decoding=\"async\" data-nimg=\"fill\" class=\" TwicCore_img__i9TC1 undefined  undefined\" style=\"position:absolute;height:100%;width:100%;left:0;top:0;right:0;bottom:0;color:transparent;background-size:cover;background-position:50% 50%;background-repeat:no-repeat;background-image:url(&quot;data:image\/svg+xml;charset=utf-8,%3Csvg xmlns='http:\/\/www.w3.org\/2000\/svg' %3E%3Cfilter id='b' color-interpolation-filters='sRGB'%3E%3CfeGaussianBlur stdDeviation='20'\/%3E%3CfeColorMatrix values='1 0 0 0 0 0 1 0 0 0 0 0 1 0 0 0 0 0 100 -1' result='s'\/%3E%3CfeFlood x='0' y='0' width='100%25' height='100%25'\/%3E%3CfeComposite operator='out' in='s'\/%3E%3CfeComposite in2='SourceGraphic'\/%3E%3CfeGaussianBlur stdDeviation='20'\/%3E%3C\/filter%3E%3Cimage width='100%25' height='100%25' x='0' y='0' preserveAspectRatio='none' style='filter: url(%23b);' href='https:\/\/pictures.laprovence.com\/cdn-cgi\/image\/blur=250\/media\/afp\/1b419e0b0a3f80e2792f22d0837d6f5024517fa0.jpg'\/%3E%3C\/svg%3E&quot;)\"   src=\"https:\/\/www.europesays.com\/fr\/wp-content\/uploads\/2025\/09\/1b419e0b0a3f80e2792f22d0837d6f5024517fa0.jpg\"\/>Des sauveteurs ukrainiens dans le b\u00e2timent du gouvernement ukrainien endommag\u00e9 la veille lors d&rsquo;une frappe a\u00e9rienne russe massive, le 8 septembre 2025 \u00e0 Kiev PHOTO AFP \/ Genya SAVILOV<\/p>\n<p>En parall\u00e8le, deux personnes ont \u00e9t\u00e9 tu\u00e9es et 16 autres bless\u00e9es apr\u00e8s des attaques ukrainiennes lundi dans l&rsquo;est de l&rsquo;Ukraine occup\u00e9, a indiqu\u00e9 l&rsquo;agence d&rsquo;Etat russe Tass en citant des sources anonymes au sein des autorit\u00e9s prorusses locales.<\/p>\n<p>Plus t\u00f4t, des m\u00e9dias russes avaient diffus\u00e9 des vid\u00e9os montrant de la fum\u00e9e s&rsquo;\u00e9chappant d&rsquo;\u00e9difices dans la ville de Donetsk, affirmant que ceux-ci avaient \u00e9t\u00e9 vis\u00e9s par des drones. <\/p>\n","protected":false},"excerpt":{"rendered":"\u00ab\u00a0Pour la premi\u00e8re fois, l&rsquo;ennemi a attaqu\u00e9 le b\u00e2timent du gouvernement ukrainien \u2014 une frappe de missile balistique&hellip;\n","protected":false},"author":2,"featured_media":376392,"comment_status":"","ping_status":"","sticky":false,"template":"","format":"standard","meta":{"footnotes":""},"categories":[1590],"tags":[17,11,2883,1777,674,329,16514,3343,12,471,21874,220,21157],"class_list":{"0":"post-376391","1":"post","2":"type-post","3":"status-publish","4":"format-standard","5":"has-post-thumbnail","7":"category-ukraine","8":"tag-17","9":"tag-actualites","10":"tag-ete","11":"tag-eu","12":"tag-europe","13":"tag-france-monde","14":"tag-frapper","15":"tag-missile","16":"tag-news","17":"tag-pour","18":"tag-siege","19":"tag-ukraine","20":"tag-utilise"},"share_on_mastodon":{"url":"https:\/\/pubeurope.com\/@fr\/115171303581903501","error":""},"_links":{"self":[{"href":"https:\/\/www.europesays.com\/fr\/wp-json\/wp\/v2\/posts\/376391","targetHints":{"allow":["GET"]}}],"collection":[{"href":"https:\/\/www.europesays.com\/fr\/wp-json\/wp\/v2\/posts"}],"about":[{"href":"https:\/\/www.europesays.com\/fr\/wp-json\/wp\/v2\/types\/post"}],"author":[{"embeddable":true,"href":"https:\/\/www.europesays.com\/fr\/wp-json\/wp\/v2\/users\/2"}],"replies":[{"embeddable":true,"href":"https:\/\/www.europesays.com\/fr\/wp-json\/wp\/v2\/comments?post=376391"}],"version-history":[{"count":0,"href":"https:\/\/www.europesays.com\/fr\/wp-json\/wp\/v2\/posts\/376391\/revisions"}],"wp:featuredmedia":[{"embeddable":true,"href":"https:\/\/www.europesays.com\/fr\/wp-json\/wp\/v2\/media\/376392"}],"wp:attachment":[{"href":"https:\/\/www.europesays.com\/fr\/wp-json\/wp\/v2\/media?parent=376391"}],"wp:term":[{"taxonomy":"category","embeddable":true,"href":"https:\/\/www.europesays.com\/fr\/wp-json\/wp\/v2\/categories?post=376391"},{"taxonomy":"post_tag","embeddable":true,"href":"https:\/\/www.europesays.com\/fr\/wp-json\/wp\/v2\/tags?post=376391"}],"curies":[{"name":"wp","href":"https:\/\/api.w.org\/{rel}","templated":true}]}}