{"id":376393,"date":"2025-09-08T23:36:14","date_gmt":"2025-09-08T23:36:14","guid":{"rendered":"https:\/\/www.europesays.com\/fr\/376393\/"},"modified":"2025-09-08T23:36:14","modified_gmt":"2025-09-08T23:36:14","slug":"seoul-rapatriera-les-300-travailleurs-arretes","status":"publish","type":"post","link":"https:\/\/www.europesays.com\/fr\/376393\/","title":{"rendered":"S\u00e9oul rapatriera les 300 travailleurs arr\u00eat\u00e9s"},"content":{"rendered":"<p>\t\t <br class=\"texte clear\" \/><\/p>\n<p>\t\t <br class=\"texte clear\" \/><\/p>\n<p>R\u00e9dig\u00e9 par L&rsquo;Opinion Lundi 8 Septembre 2025<\/p>\n<p>\t\t\t\t Plus de 300 travailleurs sud-cor\u00e9ens arr\u00eat\u00e9s lors d&rsquo;une vaste op\u00e9ration de police \u00e0 l&rsquo;usine Hyundai en G\u00e9orgie seront lib\u00e9r\u00e9s et rapatri\u00e9s, a annonc\u00e9 dimanche le gouvernement sud-cor\u00e9en. <\/p>\n<p>\t\t <br class=\"texte clear\" \/><\/p>\n<p>\t\t <br id=\"sep_para_1\" class=\"sep_para access\" \/><\/p>\n<p>\t\t\t\t <a href=\"https:\/\/www.lopinion.ma\/javascript:void(0)\" rel=\"https:\/\/www.europesays.com\/fr\/wp-content\/uploads\/2025\/09\/90989932-64054200.jpg&amp;ibox noopener\" title=\"Cor\u00e9e du Sud-USA : S\u00e9oul rapatriera les 300 travailleurs arr\u00eat\u00e9s\" target=\"_blank\"><img decoding=\"async\" class=\"responsive\" style=\"display:none\" src=\"https:\/\/www.europesays.com\/fr\/wp-content\/uploads\/2025\/09\/90989932-64054200.jpg\" alt=\"Cor\u00e9e du Sud-USA : S\u00e9oul rapatriera les 300 travailleurs arr\u00eat\u00e9s\" title=\"Cor\u00e9e du Sud-USA : S\u00e9oul rapatriera les 300 travailleurs arr\u00eat\u00e9s\" \/><br \/>\n<img decoding=\"async\" class=\"not-responsive\" src=\"https:\/\/www.europesays.com\/fr\/wp-content\/uploads\/2025\/09\/1757374574_943_90989932-64054200.jpg\" alt=\"Cor\u00e9e du Sud-USA : S\u00e9oul rapatriera les 300 travailleurs arr\u00eat\u00e9s\" title=\"Cor\u00e9e du Sud-USA : S\u00e9oul rapatriera les 300 travailleurs arr\u00eat\u00e9s\" width=\"688\" \/><\/a><\/p>\n<p>\t\t\t\t\t Kang Hoon-sik, chef de cabinet du pr\u00e9sident Lee Jae-Myung, a d\u00e9clar\u00e9 que la Cor\u00e9e du Sud et les \u00c9tats-Unis avaient finalis\u00e9 les n\u00e9gociations concernant la lib\u00e9ration des travailleurs. Il a ajout\u00e9 que la Cor\u00e9e du Sud pr\u00e9voit d&rsquo;envoyer un avion-charter pour rapatrier les travailleurs d\u00e8s que les formalit\u00e9s administratives seront termin\u00e9es.\u00a0 <\/p>\n<p>Le minist\u00e8re des Affaires \u00e9trang\u00e8res sud-cor\u00e9en a indiqu\u00e9 que S\u00e9oul et Washington examinaient les modalit\u00e9s permettant \u00e0 tous les travailleurs arr\u00eat\u00e9s de rentrer volontairement en Cor\u00e9e du Sud. Le ministre des Affaires \u00e9trang\u00e8res, Cho Hyun, devait se rendre aux \u00c9tats-Unis lundi apr\u00e8s-midi pour des discussions sur la lib\u00e9ration des travailleurs.\u00a0 <\/p>\n<p>Les autorit\u00e9s am\u00e9ricaines d&rsquo;immigration ont d\u00e9clar\u00e9 vendredi avoir arr\u00eat\u00e9 475 personnes, principalement des ressortissants sud-cor\u00e9ens, lors d&rsquo;une op\u00e9ration de police men\u00e9e par des agents f\u00e9d\u00e9raux dans l&rsquo;usine Hyundai en G\u00e9orgie, o\u00f9 le constructeur automobile cor\u00e9en produit des v\u00e9hicules \u00e9lectriques. Les agents se sont concentr\u00e9s sur une usine en construction, o\u00f9 Hyundai collabore avec LG Energy Solution pour produire des batteries pour v\u00e9hicules \u00e9lectriques. Cho a pr\u00e9cis\u00e9 que plus de 300 Sud-Cor\u00e9ens \u00e9taient parmi les personnes arr\u00eat\u00e9es. Cette op\u00e9ration est la derni\u00e8re d&rsquo;une longue s\u00e9rie de raids sur les lieux de travail men\u00e9s dans le cadre de la politique de d\u00e9portation massive de l&rsquo;administration Trump.\u00a0<\/p>\n<p>\t\t <br class=\"texte clear\" \/><\/p>\n<p>\t\t <\/p>\n","protected":false},"excerpt":{"rendered":"R\u00e9dig\u00e9 par L&rsquo;Opinion Lundi 8 Septembre 2025 Plus de 300 travailleurs sud-cor\u00e9ens arr\u00eat\u00e9s lors d&rsquo;une vaste op\u00e9ration de&hellip;\n","protected":false},"author":2,"featured_media":376394,"comment_status":"","ping_status":"","sticky":false,"template":"","format":"standard","meta":{"footnotes":""},"categories":[1589],"tags":[11,5024,5025,5026,258,5028,1659,5029,5027,251,33,2518,73,1866,1283,1757,1393,985,12,316,104,517,5030,1864,1865,1863,308],"class_list":{"0":"post-376393","1":"post","2":"type-post","3":"status-publish","4":"format-standard","5":"has-post-thumbnail","7":"category-etats-unis","8":"tag-actualites","9":"tag-actualites-et-infos-au-maroc","10":"tag-actualites-et-infos-mondiale","11":"tag-actualites-marocaines-du-jour","12":"tag-alimentation","13":"tag-analyses","14":"tag-art-de-vivre","15":"tag-chronique","16":"tag-consommation-et-bien-etre","17":"tag-culture","18":"tag-economie","19":"tag-edito","20":"tag-etats-unis","21":"tag-etats-unis-damerique","22":"tag-etudes","23":"tag-insolite","24":"tag-loisirs","25":"tag-mode","26":"tag-news","27":"tag-politique","28":"tag-societe","29":"tag-sport","30":"tag-tribune","31":"tag-united-states","32":"tag-united-states-of-america","33":"tag-us","34":"tag-usa"},"share_on_mastodon":{"url":"https:\/\/pubeurope.com\/@fr\/115171307478788112","error":""},"_links":{"self":[{"href":"https:\/\/www.europesays.com\/fr\/wp-json\/wp\/v2\/posts\/376393","targetHints":{"allow":["GET"]}}],"collection":[{"href":"https:\/\/www.europesays.com\/fr\/wp-json\/wp\/v2\/posts"}],"about":[{"href":"https:\/\/www.europesays.com\/fr\/wp-json\/wp\/v2\/types\/post"}],"author":[{"embeddable":true,"href":"https:\/\/www.europesays.com\/fr\/wp-json\/wp\/v2\/users\/2"}],"replies":[{"embeddable":true,"href":"https:\/\/www.europesays.com\/fr\/wp-json\/wp\/v2\/comments?post=376393"}],"version-history":[{"count":0,"href":"https:\/\/www.europesays.com\/fr\/wp-json\/wp\/v2\/posts\/376393\/revisions"}],"wp:featuredmedia":[{"embeddable":true,"href":"https:\/\/www.europesays.com\/fr\/wp-json\/wp\/v2\/media\/376394"}],"wp:attachment":[{"href":"https:\/\/www.europesays.com\/fr\/wp-json\/wp\/v2\/media?parent=376393"}],"wp:term":[{"taxonomy":"category","embeddable":true,"href":"https:\/\/www.europesays.com\/fr\/wp-json\/wp\/v2\/categories?post=376393"},{"taxonomy":"post_tag","embeddable":true,"href":"https:\/\/www.europesays.com\/fr\/wp-json\/wp\/v2\/tags?post=376393"}],"curies":[{"name":"wp","href":"https:\/\/api.w.org\/{rel}","templated":true}]}}