{"id":376417,"date":"2025-09-08T23:53:10","date_gmt":"2025-09-08T23:53:10","guid":{"rendered":"https:\/\/www.europesays.com\/fr\/376417\/"},"modified":"2025-09-08T23:53:10","modified_gmt":"2025-09-08T23:53:10","slug":"anne-elisabeth-lemoine-perd-ses-mots-a-levocation-de-francois-ba","status":"publish","type":"post","link":"https:\/\/www.europesays.com\/fr\/376417\/","title":{"rendered":"Anne-Elisabeth Lemoine perd ses mots \u00e0 l&rsquo;\u00e9vocation de Fran\u00e7ois Ba &#8230;"},"content":{"rendered":"<p>EN BREF<\/p>\n<ul class=\"bloc_resume_post_list\">\n<li>Ce lundi 8 septembre, Fran\u00e7ois Bayrou n\u00a0\u00bba pas obtenu la<br \/>\nconfiance de l&rsquo;Assembl\u00e9e nationale, avec 194 votes pour et 364<br \/>\ncontre.<\/li>\n<li>Anne-Elisabeth Lemoine a bafouill\u00e9 en direct sur C \u00e0<br \/>\nvous, d\u00e9stabilis\u00e9e par les r\u00e9sultats du vote de<br \/>\nconfiance.<\/li>\n<li>Emmanuel Macron s&rsquo;appr\u00eate \u00e0 nommer un nouveau Premier<br \/>\nministre apr\u00e8s la d\u00e9mission de Fran\u00e7ois Bayrou.<\/li>\n<\/ul>\n<p>Ce lundi 8 septembre, le r\u00e9sultat <a href=\"https:\/\/www.telestar.fr\/actu_tv\/on-est-oblige-de-supporter-ca-francois-bayrou-revolte-par-un-edito-inutile-et-infamant-le-concernant-1737300\" target=\"_blank\" rel=\"noopener\"><br \/>\ndu vote de confiance<\/a> est tomb\u00e9. <a href=\"https:\/\/www.telestar.fr\/societe\/demission-de-francois-bayrou-france-inter-lache-une-bombe-1737465\" target=\"_blank\" rel=\"noopener\"><br \/>\nFran\u00e7ois Bayrou<\/a> n&rsquo;a pas obtenu la confiance de l&rsquo;Assembl\u00e9e<br \/>\nnationale. Son gouvernement est donc renvers\u00e9. 194 d\u00e9put\u00e9s ont vot\u00e9<br \/>\npour la confiance, 364 contre. 558 d\u00e9put\u00e9s sur 573 pr\u00e9sents ont<br \/>\nvot\u00e9. \u00ab\u00a0Le Premier ministre doit remettre au pr\u00e9sident de la<br \/>\nR\u00e9publique <strong>la d\u00e9mission du gouvernement<\/strong>\u00ab\u00a0, a<br \/>\nd\u00e9clar\u00e9 Ya\u00ebl Braun-Pivet \u00e0 la tribune, levant la s\u00e9ance.<\/p>\n<p>Sur le plateau de C \u00e0 vous, <a href=\"https:\/\/www.telestar.fr\/actu_tv\/huit-ans-que-je-refuse-anne-elisabeth-lemoine-compte-bien-profiter-de-son-absence-dans-c-a-vous-les-vendredis-1737442\" target=\"_blank\" rel=\"noopener\"><br \/>\nAnne-Elisabeth Lemoine<\/a> a \u00e9t\u00e9 <strong>prise au d\u00e9pourvu<\/strong><br \/>\nen \u00e9voquant les r\u00e9sultats du vote de confiance crucial pour<br \/>\nFran\u00e7ois Bayrou. Visiblement d\u00e9stabilis\u00e9e par la complexit\u00e9 de la<br \/>\nsituation politique, l\u2019animatrice a bafouill\u00e9 devant ses<br \/>\nchroniqueurs. La s\u00e9quence a provoqu\u00e9 un court moment<br \/>\nd\u2019embarras.<\/p>\n<p>Anne-Elisabeth Lemoine bafouille dans C \u00e0 vous<\/p>\n<p>La pr\u00e9sentatrice de 55 ans s\u2019est emm\u00eal\u00e9e les pinceaux sur le<br \/>\nplateau. Elle a but\u00e9 <strong>sur les r\u00e9sultats<\/strong>, h\u00e9sitant \u00e0<br \/>\nexpliquer les implications de la proc\u00e9dure parlementaire. Ce<br \/>\npassage bancal a retenu l\u2019attention des t\u00e9l\u00e9spectateurs.<\/p>\n<p>Face \u00e0 la situation, <a href=\"https:\/\/www.telestar.fr\/actu_tv\/video-compromettante-de-patrick-cohen-et-thomas-legrand-pascal-praud-sort-le-bazooka-sur-cnews-1737475\" target=\"_blank\" rel=\"noopener\"><br \/>\nle chroniqueur Patrick Cohen<\/a> n\u2019a pas tard\u00e9 \u00e0 <strong>voler au<br \/>\nsecours de sa coll\u00e8gue.<\/strong> Avec son exp\u00e9rience, il a repris<br \/>\nla parole pour clarifier les chiffres en jeu et rappeler l\u2019enjeu<br \/>\ninstitutionnel derri\u00e8re le vote de confiance. Cette intervention a<br \/>\npermis \u00e0 Anne-Elisabeth Lemoine de se ressaisir et de r\u00e9orienter la<br \/>\ndiscussion.<\/p>\n<p>Un \u00ab\u00a0rejet massif\u00a0\u00bb de la politique de<br \/>\nFran\u00e7ois Bayrou<\/p>\n<p>Le gouvernement de Fran\u00e7ois Bayrou a donc \u00e9t\u00e9 renvers\u00e9 ce lundi.<br \/>\nC&rsquo;est la premi\u00e8re fois qu&rsquo;un ex\u00e9cutif de la Ve R\u00e9publique chute \u00e0<br \/>\nl&rsquo;issue de cette proc\u00e9dure. Juste apr\u00e8s l&rsquo;annonce du vote de<br \/>\nconfiance, le chef des d\u00e9put\u00e9s PS Boris Vallaud a aussi pris la<br \/>\nparole devant la presse. Il a estim\u00e9 que le r\u00e9sultat t\u00e9moigne<br \/>\n<strong>d&rsquo;un \u00ab\u00a0rejet massif\u00a0\u00bb<\/strong> de la politique de Fran\u00e7ois<br \/>\nBayrou. \u00ab\u00a0Depuis plusieurs mois, au fond nous n&rsquo;avons re\u00e7u<br \/>\nqu&rsquo;indiff\u00e9rence, silence et trahison de la part de celui qui avait<br \/>\npu faire adopter un budget\u00a0\u00bb, a-t-il ajout\u00e9.<\/p>\n<p>Le pr\u00e9sident <a href=\"https:\/\/www.closermag.fr\/non-classe\/emmanuel-macron-ses-deux-telephones-passes-au-peigne-fin-cest-plus-controle-que-fort-knox-3576276\" target=\"_blank\" rel=\"noopener\"><br \/>\nEmmanuel Macron<\/a> \u00ab\u00a0recevra demain le Premier ministre<br \/>\nFran\u00e7ois Bayrou pour accepter la d\u00e9mission de son<br \/>\ngouvernement\u00a0\u00bb. Il nommera <strong>\u00ab\u00a0un nouveau Premier<br \/>\nministre<\/strong> dans les tout prochains jours\u00a0\u00bb, a annonc\u00e9<br \/>\nl&rsquo;Elys\u00e9e ce lundi soir.<\/p>\n","protected":false},"excerpt":{"rendered":"EN BREF Ce lundi 8 septembre, Fran\u00e7ois Bayrou n\u00a0\u00bba pas obtenu la confiance de l&rsquo;Assembl\u00e9e nationale, avec 194&hellip;\n","protected":false},"author":2,"featured_media":376418,"comment_status":"","ping_status":"","sticky":false,"template":"","format":"standard","meta":{"footnotes":""},"categories":[1359],"tags":[5631,548,58,59,1011,27,973],"class_list":{"0":"post-376417","1":"post","2":"type-post","3":"status-publish","4":"format-standard","5":"has-post-thumbnail","7":"category-people","8":"tag-anne-elisabeth-lemoine","9":"tag-article-simple","10":"tag-divertissement","11":"tag-entertainment","12":"tag-fr","13":"tag-france","14":"tag-people"},"share_on_mastodon":{"url":"https:\/\/pubeurope.com\/@fr\/115171374156338350","error":""},"_links":{"self":[{"href":"https:\/\/www.europesays.com\/fr\/wp-json\/wp\/v2\/posts\/376417","targetHints":{"allow":["GET"]}}],"collection":[{"href":"https:\/\/www.europesays.com\/fr\/wp-json\/wp\/v2\/posts"}],"about":[{"href":"https:\/\/www.europesays.com\/fr\/wp-json\/wp\/v2\/types\/post"}],"author":[{"embeddable":true,"href":"https:\/\/www.europesays.com\/fr\/wp-json\/wp\/v2\/users\/2"}],"replies":[{"embeddable":true,"href":"https:\/\/www.europesays.com\/fr\/wp-json\/wp\/v2\/comments?post=376417"}],"version-history":[{"count":0,"href":"https:\/\/www.europesays.com\/fr\/wp-json\/wp\/v2\/posts\/376417\/revisions"}],"wp:featuredmedia":[{"embeddable":true,"href":"https:\/\/www.europesays.com\/fr\/wp-json\/wp\/v2\/media\/376418"}],"wp:attachment":[{"href":"https:\/\/www.europesays.com\/fr\/wp-json\/wp\/v2\/media?parent=376417"}],"wp:term":[{"taxonomy":"category","embeddable":true,"href":"https:\/\/www.europesays.com\/fr\/wp-json\/wp\/v2\/categories?post=376417"},{"taxonomy":"post_tag","embeddable":true,"href":"https:\/\/www.europesays.com\/fr\/wp-json\/wp\/v2\/tags?post=376417"}],"curies":[{"name":"wp","href":"https:\/\/api.w.org\/{rel}","templated":true}]}}