{"id":376419,"date":"2025-09-08T23:54:14","date_gmt":"2025-09-08T23:54:14","guid":{"rendered":"https:\/\/www.europesays.com\/fr\/376419\/"},"modified":"2025-09-08T23:54:14","modified_gmt":"2025-09-08T23:54:14","slug":"banksy-peint-a-londres-la-violence-du-systeme-judiciaire-sur-le-mur-de-ce-batiment-tres-symbolique","status":"publish","type":"post","link":"https:\/\/www.europesays.com\/fr\/376419\/","title":{"rendered":"Banksy peint \u00e0 Londres la violence du syst\u00e8me judiciaire sur le mur de ce b\u00e2timent tr\u00e8s symbolique"},"content":{"rendered":"<p>        <img decoding=\"async\" loading=\"lazy\" src=\"https:\/\/www.europesays.com\/fr\/wp-content\/uploads\/2025\/09\/17ebea0_upload-1-hddt91gmohs0-afp-20250908-2234295601-v1-highres-latestbanksymuralcoveredandguardedb.jpeg\"  width=\"728\" height=\"409\" alt=\"Deux agents de s\u00e9cutit\u00e9, ce lundi 8\u00a0septembre, devant deux palissades dissimulant aux passants la nouvelle oeuvre de Banksy, \u00e0 Londres.\"\/>  <\/p>\n<p>DAN KITWOOD \/ Getty Images via AFP<\/p>\n<p>Deux agents de s\u00e9cutit\u00e9, ce lundi 8\u00a0septembre, devant deux palissades dissimulant aux passants la nouvelle oeuvre de Banksy, \u00e0 Londres.<\/p>\n<p class=\"asset asset-text\">ART &#8211; Banksy a encore frapp\u00e9. Apr\u00e8s avoir sign\u00e9 <a href=\"https:\/\/www.huffingtonpost.fr\/culture\/article\/banksy-devoile-une-nouvelle-uvre-a-marseille-les-habitants-se-ruent-pour-la-photographier_250715.html\" target=\"_blank\" rel=\"noopener\">un petit phare<\/a> dans une rue de la ville de <a href=\"https:\/\/www.huffingtonpost.fr\/culture\/article\/a-marseille-le-tournage-annule-de-la-serie-israelienne-fauda-vire-a-la-polemique_254434.html\" target=\"_blank\" rel=\"noopener\">Marseille<\/a> au printemps dernier, <a href=\"https:\/\/www.huffingtonpost.fr\/culture\/article\/banksy-veut-redonner-le-moral-aux-britanniques-avec-ses-uvres-d-animaux-disseminees-dans-londres-clx1_238232.html\" target=\"_blank\" rel=\"noopener\">le street artiste britannique<\/a> a d\u00e9voil\u00e9, ce lundi 8\u00a0septembre, sur son compte Instagram une nouvelle \u0153uvre lourde de sens r\u00e9alis\u00e9e sur l\u2019un des murs de la Cour royale de justice, en plein c\u0153ur de Londres.<\/p>\n<p class=\"asset asset-text\">La photo publi\u00e9e sur son profil &#8211; une fa\u00e7on pour lui de certifier l\u2019authenticit\u00e9 de ses projets &#8211; montre un dessin repr\u00e9sentant un juge v\u00eatu d\u2019une perruque blanche traditionnelle et d\u2019une robe noire en train de frapper un manifestant allong\u00e9 sur le sol. Du sang semble \u00e9clabousser la pancarte qu\u2019il tient dans la main.<\/p>\n<p class=\"asset asset-text\">Banksy n\u2019a pas donn\u00e9 plus d\u2019indications quant \u00e0 sa signification. En guise de l\u00e9gende, celui-ci a simplement mentionn\u00e9 le lieu o\u00f9 le pochoir a \u00e9t\u00e9 r\u00e9alis\u00e9. Un fait rare pour l\u2019artiste qui laisse g\u00e9n\u00e9ralement au public la mission de retrouver ses \u0153uvres sans indice. Ses fans auront, ici, plus de mal apercevoir la nouvelle\u00a0: celle-ci a d\u00e9j\u00e0 \u00e9t\u00e9 dissimul\u00e9e derri\u00e8re de grandes palissades gard\u00e9es par deux agents de s\u00e9curit\u00e9.<\/p>\n<p> La lecture de ce contenu est susceptible d\u2019entra\u00eener un d\u00e9p\u00f4t de cookies de la part de l\u2019op\u00e9rateur tiers qui l\u2019h\u00e9berge. Compte-tenu des choix que vous avez exprim\u00e9s en mati\u00e8re de d\u00e9p\u00f4t de cookies, nous avons bloqu\u00e9 l\u2019affichage de ce contenu. Si vous souhaitez y acc\u00e9der, vous devez accepter la cat\u00e9gorie de cookies \u201cContenus tiers\u201d en cliquant sur le bouton ci-dessous. <\/p>\n<p> Lire la Vid\u00e9o        <\/p>\n<p class=\"asset asset-text\">Comme le souligne <a href=\"https:\/\/www.bbc.com\/news\/articles\/cgrq0r0y878o\" target=\"_blank\" rel=\"noopener\" title=\"Nouvelle fen\u00eatre\">la BBC,<\/a> ce nouveau dessin a \u00e9t\u00e9 d\u00e9couvert deux jours apr\u00e8s l\u2019arrestation de 890\u00a0personnes \u00e0 Londres, lors d\u2019une manifestation contre l\u2019interdiction du groupe Palestine Action\u00a0: 857 pour soutien \u00e0 une organisation interdite en vertu de la l\u00e9gislation sur le terrorisme, et 33 pour d\u2019autres infractions, dont 17 pour violence envers des policiers.<\/p>\n<p class=\"asset asset-text\">Au Royaume-Uni, ce r\u00e9seau de protestation a \u00e9t\u00e9 class\u00e9 comme \u00ab\u00a0terroriste\u00a0\u00bb par le gouvernement travailliste d\u00e9but juillet \u00e0 la suite d\u2019actes de vandalisme, notamment sur une base de l\u2019arm\u00e9e de l\u2019air. L\u2019organisme revendiquait, elle, de d\u00e9noncer \u00ab\u00a0la complicit\u00e9 britannique\u00a0\u00bb avec l\u2019\u00c9tat d\u2019Isra\u00ebl, en particulier sur la question des ventes d\u2019armes.<\/p>\n<p>    Une interdiction \u00ab\u00a0disproportionn\u00e9e\u00a0\u00bb    <\/p>\n<p class=\"asset asset-text\">Son interdiction est tr\u00e8s critiqu\u00e9e. Jug\u00e9e \u00ab\u00a0disproportionn\u00e9e\u00a0\u00bb par l\u2019ONU, elle est d\u00e9nonc\u00e9e par des organisations de d\u00e9fense des droits humains, comme Amnesty International, et des personnalit\u00e9s de premier plan, comme le cin\u00e9aste britannique Ken Loach ou la romanci\u00e8re irlandaise \u00e0 succ\u00e8s Sally Rooney, elle-m\u00eame tr\u00e8s critique de la situation \u00e0 Gaza.<\/p>\n<p class=\"asset asset-text\">Banksy, dont l\u2019identit\u00e9 n\u2019a jamais \u00e9t\u00e9 r\u00e9v\u00e9l\u00e9e, est pour sa part connu pour ses \u0153uvres d\u00e9non\u00e7ant \u00e0 la fois la politique de son pays, le capitalisme et la guerre, mais aussi le contr\u00f4le social ou encore les droits de l\u2019homme. L\u2019an dernier, c\u2019est dans un autre registre qu\u2019il avait cr\u00e9\u00e9 l\u2019engouement en peignant une s\u00e9rie de neuf animaux \u00e9chapp\u00e9s du zoo.<\/p>\n<p class=\"asset asset-text\">Une mani\u00e8re, avait-il exprim\u00e9 par la voix de son agent, de \u00ab\u00a0remonter le moral\u00a0\u00bb \u00e0 la population britannique dans une p\u00e9riode domin\u00e9e par une actualit\u00e9 morose et violente, marqu\u00e9e \u00e0 l\u2019\u00e9poque par de nombreuses <a href=\"https:\/\/www.huffingtonpost.fr\/life\/article\/au-royaume-uni-les-musulmans-victimes-des-emeutes-racistes-temoignent-ma-vie-a-ete-menacee_238022.html\" target=\"_blank\" rel=\"noopener\">\u00e9meutes racistes<\/a> et islamophobes dans le pays.<\/p>\n","protected":false},"excerpt":{"rendered":"DAN KITWOOD \/ Getty Images via AFP Deux agents de s\u00e9cutit\u00e9, ce lundi 8\u00a0septembre, devant deux palissades dissimulant&hellip;\n","protected":false},"author":2,"featured_media":376420,"comment_status":"","ping_status":"","sticky":false,"template":"","format":"standard","meta":{"footnotes":""},"categories":[1358],"tags":[3734,1348,1384,1385,7190,3259,251,1386,58,59,1011,27,473],"class_list":{"0":"post-376419","1":"post","2":"type-post","3":"status-publish","4":"format-standard","5":"has-post-thumbnail","7":"category-arts-et-design","8":"tag-art","9":"tag-arts","10":"tag-arts-and-design","11":"tag-arts-et-design","12":"tag-banksy","13":"tag-conflit-israelo-palestinien","14":"tag-culture","15":"tag-design","16":"tag-divertissement","17":"tag-entertainment","18":"tag-fr","19":"tag-france","20":"tag-royaume-uni"},"share_on_mastodon":{"url":"https:\/\/pubeurope.com\/@fr\/115171378210324781","error":""},"_links":{"self":[{"href":"https:\/\/www.europesays.com\/fr\/wp-json\/wp\/v2\/posts\/376419","targetHints":{"allow":["GET"]}}],"collection":[{"href":"https:\/\/www.europesays.com\/fr\/wp-json\/wp\/v2\/posts"}],"about":[{"href":"https:\/\/www.europesays.com\/fr\/wp-json\/wp\/v2\/types\/post"}],"author":[{"embeddable":true,"href":"https:\/\/www.europesays.com\/fr\/wp-json\/wp\/v2\/users\/2"}],"replies":[{"embeddable":true,"href":"https:\/\/www.europesays.com\/fr\/wp-json\/wp\/v2\/comments?post=376419"}],"version-history":[{"count":0,"href":"https:\/\/www.europesays.com\/fr\/wp-json\/wp\/v2\/posts\/376419\/revisions"}],"wp:featuredmedia":[{"embeddable":true,"href":"https:\/\/www.europesays.com\/fr\/wp-json\/wp\/v2\/media\/376420"}],"wp:attachment":[{"href":"https:\/\/www.europesays.com\/fr\/wp-json\/wp\/v2\/media?parent=376419"}],"wp:term":[{"taxonomy":"category","embeddable":true,"href":"https:\/\/www.europesays.com\/fr\/wp-json\/wp\/v2\/categories?post=376419"},{"taxonomy":"post_tag","embeddable":true,"href":"https:\/\/www.europesays.com\/fr\/wp-json\/wp\/v2\/tags?post=376419"}],"curies":[{"name":"wp","href":"https:\/\/api.w.org\/{rel}","templated":true}]}}