{"id":376423,"date":"2025-09-08T23:56:25","date_gmt":"2025-09-08T23:56:25","guid":{"rendered":"https:\/\/www.europesays.com\/fr\/376423\/"},"modified":"2025-09-08T23:56:25","modified_gmt":"2025-09-08T23:56:25","slug":"je-souffre-beaucoup-malade-perrine-de-lamour-est-dans-le-pre-doit-vendre-sa-ferme-descargots","status":"publish","type":"post","link":"https:\/\/www.europesays.com\/fr\/376423\/","title":{"rendered":"\u00ab\u00a0Je souffre beaucoup\u00a0\u00bb\u00a0: malade, Perrine de \u00ab\u00a0L\u2019Amour est dans le pr\u00e9\u00a0\u00bb doit vendre sa ferme d\u2019escargots"},"content":{"rendered":"<p class=\"paragraph text_align_left lp-f-body-02\">\u00ab Combien d\u2019animaux ? J\u2019en ai 200 000 \u00bb, avait-elle r\u00e9pondu, non sans malice, \u00e0 une <a href=\"https:\/\/www.leparisien.fr\/culture-loisirs\/tv\/karine-le-marchand-lance-son-club-de-celibataires-je-ne-minterdis-pas-de-regarder-dans-les-donnees-31-08-2025-7DZKNFSBXZBY7EJXGHQVTJGP24.php\" target=\"_blank\" rel=\"noreferrer nofollow noopener\">Karine Le Marchand<\/a>, interloqu\u00e9e. Perrine Doudin, candidate de la 18e saison de <a href=\"https:\/\/www.leparisien.fr\/culture-loisirs\/tv\/l-amour-est-dans-le-pre\/\" target=\"_blank\" rel=\"noreferrer nofollow noopener\">\u00ab L\u2019amour est dans le pr\u00e9 \u00bb<\/a> a annonc\u00e9 dans un message publi\u00e9 samedi sur Instagram mettre en vente son \u00e9levage d\u2019escargots, Helixine, situ\u00e9 \u00e0 Flavigny-sur-Ozerain (<a href=\"https:\/\/www.leparisien.fr\/cote-d-or-21\/\" target=\"_blank\" rel=\"noreferrer nofollow noopener\">C\u00f4te-d\u2019Or<\/a>), en Bourgogne.<\/p>\n<p class=\"paragraph text_align_left lp-f-body-02\">\u00ab Je suis arriv\u00e9 \u00e0 bout physiquement. Je souffre beaucoup, cette ann\u00e9e a \u00e9t\u00e9 la pire, je pense \u00bb, explique-t-elle \u00e0 ses 32 000 abonn\u00e9s du r\u00e9seau social. L\u2019agricultrice de 29 ans souffre de plusieurs pathologies dont <a href=\"https:\/\/www.leparisien.fr\/societe\/sante\/cest-doublement-lenfer-les-personnes-malades-impuissantes-face-a-la-canicule-21-06-2025-2SVIHII5NNG6VBCMOJPEZR7XQE.php\" target=\"_self\" rel=\"nofollow noopener\">la maladie de Crohn<\/a>, maladie inflammatoire de l\u2019intestin et d\u2019endom\u00e9triose. Dans ce court message, poignant, elle ajoute que sa m\u00e8re a fait un AVC, ce qui l\u2019emp\u00eache de l\u2019aider \u00e0 la ferme, comme elle le faisait auparavant.<\/p>\n<p class=\"paragraph text_align_left lp-f-body-02\">Elle semble abattue, pleine d\u2019amertume, quand on la contacte au t\u00e9l\u00e9phone ce lundi 8 septembre. \u00ab C\u2019est un combat permanent, souffle Perrine. Les finances ne suivent pas. On n\u2019est pas reconnu, on n\u2019a pas d\u2019aide, rien. Tout part vers la banque, elle me prend tout, je n\u2019ai rien pour moi. \u00bb<\/p>\n<p class=\"paragraph text_align_left lp-f-body-02\">Elle assure avoir cru, en d\u00e9but d\u2019ann\u00e9e, aux <a href=\"https:\/\/www.leparisien.fr\/politique\/la-ministre-de-lagriculture-annonce-des-aides-de-tresorerie-pour-les-exploitants-en-difficulte-05-11-2024-K5IGFSYMXNF4RJDWLH4L7LCKJY.php\" target=\"_self\" rel=\"nofollow noopener\">nouvelles aides promises par le minist\u00e8re de l\u2019Agriculture pour les agriculteurs en difficult\u00e9<\/a>. \u00ab Mais ma banqui\u00e8re m\u2019a dit que je n\u2019\u00e9tais pas \u00e9ligible, alors que je suis persuad\u00e9e que je r\u00e9ponds aux crit\u00e8res d\u2019attribution. Cela m\u2019aurait sauv\u00e9 pour toujours \u00bb, soupire celle qui ne se verse aucun salaire apr\u00e8s six ans d\u2019exploitation, sauf 200 euros une fois tous les trois mois environ.<\/p>\n<p class=\"paragraph text_align_left lp-f-body-02\">Pourtant, ses gast\u00e9ropodes, \u00e9lev\u00e9s en <a href=\"https:\/\/www.leparisien.fr\/economie\/crise-de-lagriculture-bio-des-signes-de-reprise-en-ile-de-france-22-04-2025-GFRITTMVBZDTJKUK2NZNCTOIGA.php\" target=\"_blank\" rel=\"noreferrer nofollow noopener\">agriculture biologique<\/a>, sont reconnus pour leur grande qualit\u00e9, dans un secteur, les escargots de Bourgogne, o\u00f9 95 % des produits sont import\u00e9s des pays de l\u2019Est. Elle fournit des chefs \u00e9toil\u00e9s et la vente en ligne marche bien. Parmi ses clients, elle compte ainsi le \u00ab Clos du C\u00e8dre \u00bb, \u00e9toil\u00e9 de Beaune ou encore <a href=\"https:\/\/www.leparisien.fr\/bien-manger\/top-chef-que-sont-devenus-les-anciens-candidats-des-11-premieres-saisons-08-04-2021-LJWEGNZJ4RHODAFADSUUBLY5P4.php\" target=\"_self\" rel=\"nofollow noopener\">Olivier Streiff, ancien candidat de \u00ab Top Chef \u00bb<\/a>.<\/p>\n<p>\u00ab Je ressens beaucoup d\u2019amertume, de d\u00e9couragement \u00bb<\/p>\n<p class=\"paragraph text_align_left lp-f-body-02\">Elle lance un cri de col\u00e8re au nom de toute la profession. \u00ab La majorit\u00e9 des agriculteurs ne vivent pas bien, rappelle <a href=\"https:\/\/www.leparisien.fr\/culture-loisirs\/tv\/lamour-est-dans-le-pre-jamais-personne-ne-ma-pris-dans-ses-bras-06-02-2023-2KPYRF7LIVDQXCVTSWEKSDRSLA.php\" target=\"_self\" rel=\"nofollow noopener\">la jeune femme au caract\u00e8re bien tremp\u00e9<\/a>, qui avait \u00e9conduit Firmin et Florian dans <a href=\"https:\/\/www.leparisien.fr\/culture-loisirs\/tv\/l-amour-est-dans-le-pre\/\" target=\"_blank\" rel=\"noreferrer nofollow noopener\">l\u2019\u00e9mission de M6<\/a>. On n\u2019est pas l\u00e0 pour s\u2019enrichir, on aime ce qu\u2019on fait. Mais les probl\u00e8mes s\u2019accumulent. Moi j\u2019ai tout cr\u00e9\u00e9. Tout donn\u00e9 pour ma ferme, je n\u2019ai pas de regrets. Je me suis battue pour faire de la qualit\u00e9, \u00e7a devrait marcher et \u00e7a ne marche pas. C\u2019est douloureux, je ressens beaucoup d\u2019amertume, de d\u00e9couragement et j\u2019ai le c\u0153ur serr\u00e9 \u00bb.<\/p>\n<p class=\"paragraph text_align_left lp-f-body-02\">Elle a mont\u00e9 sa ferme il y a six ans sur une prairie en friche. Appris son m\u00e9tier, d\u00e9velopp\u00e9 son r\u00e9seau. Elle organise des visites dans sa ferme, des ateliers p\u00e9dagogiques pour les adultes, les enfants. \u00ab On a fait les choses bien, on avait beaucoup d\u2019espoir, assure-t-elle, en pleine saison de production des escargots. Ce m\u00e9tier me correspondait, je me sentais faite pour \u00e7a. \u00bb<\/p>\n<p class=\"paragraph text_align_left lp-f-body-02\">Elle esp\u00e8re qu\u2019un repreneur se manifestera et promet de l\u2019accompagner. Elle compte aussi sur un coup de pouce d\u2019<a href=\"https:\/\/www.leparisien.fr\/culture-loisirs\/tv\/je-vous-laisse-deviner-qui-vient-a-la-ferme-eva-longoria-en-visite-chez-une-ex-candidate-de-lamour-est-dans-le-pre-23-07-2025-EC5PRTUJBFGXXCJOAP27HZGJPM.php\" target=\"_self\" rel=\"nofollow noopener\">Eva Longoria, qui lui avait rendu visite l\u2019\u00e9t\u00e9 dernier pour une \u00e9mission culinaire de la cha\u00eene CNN<\/a>. Elle en veut \u00e0 son r\u00e9seau de banque, comptable, d\u00e9partement, de la laisser tomber. \u00ab Les gens pensent qu\u2019en tant que chef d\u2019entreprise on est libre, mais on ne l\u2019est pas, mart\u00e8le-t-elle. On d\u00e9pend de ce r\u00e9seau. S\u2019il ne suit plus, on peut vite couler. \u00bb<\/p>\n","protected":false},"excerpt":{"rendered":"\u00ab Combien d\u2019animaux ? J\u2019en ai 200 000 \u00bb, avait-elle r\u00e9pondu, non sans malice, \u00e0 une Karine Le&hellip;\n","protected":false},"author":2,"featured_media":376424,"comment_status":"","ping_status":"","sticky":false,"template":"","format":"standard","meta":{"footnotes":""},"categories":[1356],"tags":[872,459,58,59,1011,27,252,1364],"class_list":{"0":"post-376423","1":"post","2":"type-post","3":"status-publish","4":"format-standard","5":"has-post-thumbnail","7":"category-television","8":"tag-culture-et-loisirs","9":"tag-departements-horsidfo","10":"tag-divertissement","11":"tag-entertainment","12":"tag-fr","13":"tag-france","14":"tag-television","15":"tag-tv"},"share_on_mastodon":{"url":"https:\/\/pubeurope.com\/@fr\/115171386122278401","error":""},"_links":{"self":[{"href":"https:\/\/www.europesays.com\/fr\/wp-json\/wp\/v2\/posts\/376423","targetHints":{"allow":["GET"]}}],"collection":[{"href":"https:\/\/www.europesays.com\/fr\/wp-json\/wp\/v2\/posts"}],"about":[{"href":"https:\/\/www.europesays.com\/fr\/wp-json\/wp\/v2\/types\/post"}],"author":[{"embeddable":true,"href":"https:\/\/www.europesays.com\/fr\/wp-json\/wp\/v2\/users\/2"}],"replies":[{"embeddable":true,"href":"https:\/\/www.europesays.com\/fr\/wp-json\/wp\/v2\/comments?post=376423"}],"version-history":[{"count":0,"href":"https:\/\/www.europesays.com\/fr\/wp-json\/wp\/v2\/posts\/376423\/revisions"}],"wp:featuredmedia":[{"embeddable":true,"href":"https:\/\/www.europesays.com\/fr\/wp-json\/wp\/v2\/media\/376424"}],"wp:attachment":[{"href":"https:\/\/www.europesays.com\/fr\/wp-json\/wp\/v2\/media?parent=376423"}],"wp:term":[{"taxonomy":"category","embeddable":true,"href":"https:\/\/www.europesays.com\/fr\/wp-json\/wp\/v2\/categories?post=376423"},{"taxonomy":"post_tag","embeddable":true,"href":"https:\/\/www.europesays.com\/fr\/wp-json\/wp\/v2\/tags?post=376423"}],"curies":[{"name":"wp","href":"https:\/\/api.w.org\/{rel}","templated":true}]}}