{"id":376425,"date":"2025-09-08T23:57:13","date_gmt":"2025-09-08T23:57:13","guid":{"rendered":"https:\/\/www.europesays.com\/fr\/376425\/"},"modified":"2025-09-08T23:57:13","modified_gmt":"2025-09-08T23:57:13","slug":"kendji-girac-pourquoi-il-a-arrete-lecole-a-14-ans-journal-des-femmes","status":"publish","type":"post","link":"https:\/\/www.europesays.com\/fr\/376425\/","title":{"rendered":"Kendji Girac : pourquoi il a arr\u00eat\u00e9 l&#039;\u00e9cole \u00e0 14 ans &#8211; Journal des Femmes"},"content":{"rendered":"<ol>\n<li><a href=\"https:\/\/news.google.com\/rss\/articles\/CBMi1wFBVV95cUxOaHlfVTZ5MC1NZ0V2ck9QaDc0VFFEQU5aT1ZCSm5HREdmNGhzSm5pSlFWSjRyWXZBSHhQUTVnNmUtb1I0cFhweHZRYXRKRDZkM283SF9aMmJ1Z3cybXp6dVRxY3lxTEVqdmN5S0ZpYU5PSmpzQ1hpaUk2MHpybEN4UEtGT0dBUVcxUWVtaDNyR3Vjb01Tamd3VVJicGk4b0JITzE3SVUzdzVydml4YzM4VUV6Rm0tNzZrMGxmdDhlTXdjRWpEcDkyUkVvNWg3RFdKb25Lb2V4NA?oc=5\" target=\"_blank\" rel=\"nofollow noopener\">Kendji Girac : pourquoi il a arr\u00eat\u00e9 l&rsquo;\u00e9cole \u00e0 14 ans<\/a>&nbsp;&nbsp;Journal des Femmes<\/li>\n<li><a href=\"https:\/\/news.google.com\/rss\/articles\/CBMi4gFBVV95cUxPUmk5b2FCTWJSTVl2WkhwNThyMEliU1I3RFd5QnRnMkVoWDk3WXowOVdwa1FxWmM4YmpZeWhxcy1EZV9YMGZVLXdCb1l5TURXZEdwRkdST0RQRzgzVl96VDRxNjNOeHptaEpGZGNpSUJSOU9TSkx0WVY0eWkzaTJWZlV2UWxIUnNYczdPemdVSE5IR1lpbmJWZkYwVlRNcTdSdGItLTNuS0d4TFMyQ3VSbkgzVFJKLU9OSjhXTGQ4TUJLWkJFV0E2OUJaSDVNdEoxRkpia2M2TDJOY1paZEFvc2Nn?oc=5\" target=\"_blank\" rel=\"nofollow noopener\">J&rsquo;ai pas les mots &#8211; 8 semaines pour sortir de l&rsquo;illettrisme<\/a>&nbsp;&nbsp;francetelevisions.fr<\/li>\n<li><a href=\"https:\/\/news.google.com\/rss\/articles\/CBMiuwFBVV95cUxQeHNCdEY3dVJqZXVMR2dDZjhuMW45QnZXOEVYN2NTSHZsRVdvWFAyQkh6eVB4anNwS1pMUGFwWV9YaEhLWjlkTW9zQklDSDhPVDRqYmswRlNRR0dueWN4MDAxR2txVzJkc1o4ODhEcmg4Z1UzdTZWSFlKa0swRjdQYkp6S2RzYU40NVd0VmU3ZGVkU20tazBmYVhqb29adHlfNGpoYUJLQkJnNXlvMWJyczVTbG5kYW9Gcjhr?oc=5\" target=\"_blank\" rel=\"nofollow noopener\">Kendji Girac a fait une promesse \u00e0 sa m\u00e8re, touch\u00e9e par l\u2019illettrisme<\/a>&nbsp;&nbsp;20 Minutes<\/li>\n<li><a href=\"https:\/\/news.google.com\/rss\/articles\/CBMi2AFBVV95cUxNX0RtZ1VGdEFfbWhuQ3h1cG15RnB4N2hXSkhXclBaMGN0ZHdpbk1YRGxwLS1YWkhaOTZNNmFaOVBIVGN6NUpjSWNZTllUeC1GM0tyWWdFSFFCNjFRN3BINmhsQ3RCOUNLcGhjeDF5NDRnUzl0UWlJMHgyb0VlRnQ3VTdjbWp1MWh6eDdoOGltdEVqSFNmcFNVMFhzQ0NFRVpZRU1zeThxYkREQnh4WG94SWRPN2tJTjFMaUFxcWF5b3BmRFUyaGVfcmhMTDAtYVVHRW5nQTRQWUI?oc=5\" target=\"_blank\" rel=\"nofollow noopener\">\u00ab Les difficult\u00e9s sont multipli\u00e9es par dix \u00bb : illettr\u00e9, il va suivre un programme intensif sur France 2<\/a>&nbsp;&nbsp;Le Progr\u00e8s<\/li>\n<li><a href=\"https:\/\/news.google.com\/rss\/articles\/CBMi9AFBVV95cUxQZXprR01OazVrQk8yd0RyLVY3dlNvWGVCa2ZXX1lQR0tqbW42dW9Jalk5aG5PSUw0VnpGc0o3ZEJtUjJqcWxyQTB1ODBRbE1YSmhTTlU1MmJCaWt5M0t3QUc0T0FvWEdmaTl2MDFNcnRNMkZfTktFZ2JYZXZmNWx1V2VDaVZKazdfWk9TWEh3c1dXVEI1X3hGSldzOFZpVE0zTGpwMUQ0Sy00NVI4a1VEUkNmYXhma0poVy04YzEtYWVjX29ESzRseVlUSE1xOUF0TVRKdnhQNWdac3B5UnJ3NmFUQWFORFZjZTVrdUd1SGpPSlFM?oc=5\" target=\"_blank\" rel=\"nofollow noopener\">Kendji Girac, papa d\u00e9vou\u00e9, ce rituel qu\u2019il honore \u201ctous les soirs\u201d avec sa fille Eva : \u201cDepuis qu\u2019elle est toute petite\u201d<\/a>&nbsp;&nbsp;Gala<\/li>\n<\/ol>\n","protected":false},"excerpt":{"rendered":"Kendji Girac : pourquoi il a arr\u00eat\u00e9 l&rsquo;\u00e9cole \u00e0 14 ans&nbsp;&nbsp;Journal des Femmes J&rsquo;ai pas les mots &#8211;&hellip;\n","protected":false},"author":2,"featured_media":376426,"comment_status":"","ping_status":"","sticky":false,"template":"","format":"standard","meta":{"footnotes":""},"categories":[1355],"tags":[58,59,1011,27,1361,873],"class_list":{"0":"post-376425","1":"post","2":"type-post","3":"status-publish","4":"format-standard","5":"has-post-thumbnail","7":"category-musique","8":"tag-divertissement","9":"tag-entertainment","10":"tag-fr","11":"tag-france","12":"tag-music","13":"tag-musique"},"share_on_mastodon":{"url":"https:\/\/pubeurope.com\/@fr\/115171389965869944","error":""},"_links":{"self":[{"href":"https:\/\/www.europesays.com\/fr\/wp-json\/wp\/v2\/posts\/376425","targetHints":{"allow":["GET"]}}],"collection":[{"href":"https:\/\/www.europesays.com\/fr\/wp-json\/wp\/v2\/posts"}],"about":[{"href":"https:\/\/www.europesays.com\/fr\/wp-json\/wp\/v2\/types\/post"}],"author":[{"embeddable":true,"href":"https:\/\/www.europesays.com\/fr\/wp-json\/wp\/v2\/users\/2"}],"replies":[{"embeddable":true,"href":"https:\/\/www.europesays.com\/fr\/wp-json\/wp\/v2\/comments?post=376425"}],"version-history":[{"count":0,"href":"https:\/\/www.europesays.com\/fr\/wp-json\/wp\/v2\/posts\/376425\/revisions"}],"wp:featuredmedia":[{"embeddable":true,"href":"https:\/\/www.europesays.com\/fr\/wp-json\/wp\/v2\/media\/376426"}],"wp:attachment":[{"href":"https:\/\/www.europesays.com\/fr\/wp-json\/wp\/v2\/media?parent=376425"}],"wp:term":[{"taxonomy":"category","embeddable":true,"href":"https:\/\/www.europesays.com\/fr\/wp-json\/wp\/v2\/categories?post=376425"},{"taxonomy":"post_tag","embeddable":true,"href":"https:\/\/www.europesays.com\/fr\/wp-json\/wp\/v2\/tags?post=376425"}],"curies":[{"name":"wp","href":"https:\/\/api.w.org\/{rel}","templated":true}]}}