{"id":376433,"date":"2025-09-09T00:01:19","date_gmt":"2025-09-09T00:01:19","guid":{"rendered":"https:\/\/www.europesays.com\/fr\/376433\/"},"modified":"2025-09-09T00:01:19","modified_gmt":"2025-09-09T00:01:19","slug":"jordan-bardella-ensorcele-par-lea-salame-cette-petite-phrase-en-privee-qui-en-dit-long-sur-le-protege-de-marine-le-pen","status":"publish","type":"post","link":"https:\/\/www.europesays.com\/fr\/376433\/","title":{"rendered":"Jordan Bardella ensorcel\u00e9 par L\u00e9a Salam\u00e9 ? Cette petite phrase en priv\u00e9e qui en dit long sur le prot\u00e9g\u00e9 de Marine Le Pen"},"content":{"rendered":"<p>C\u2019est une grande rentr\u00e9e pour L\u00e9a Salam\u00e9. Depuis le 1er<br \/>\nseptembre, la journaliste a pris <strong>les r\u00eanes du 20<br \/>\nHeures de France 2<\/strong>. En parall\u00e8le, celle qui a succ\u00e9d\u00e9<br \/>\n\u00e0 Anne-Sophie Lapix continue d\u2019assurer la pr\u00e9sentation de<br \/>\nQuelle \u00c9poque !\u00a0tous les samedis en deuxi\u00e8me partie<br \/>\nde soir\u00e9e.<\/p>\n<p>L\u2019un des premiers invit\u00e9s de la nouvelle pr\u00e9sentatrice du JT<br \/>\nn\u2019\u00e9tait autre qu\u2019Artus. Venue faire la promotion de ses prochains<br \/>\nspectacles au 20 Heures, <a href=\"https:\/\/www.mariefrance.fr\/news-people\/artus-ruine-malgre-succes-ptit-truc-en-plus-lartiste-oblige-vendre-appart-sera-jamais-rentable-1146089.html\" rel=\"nofollow noopener\" target=\"_blank\"><br \/>\nla star d\u2019Un truc en plus<\/a> n\u2019a pas manqu\u00e9 de<br \/>\n<strong>lui envoyer un \u00ab\u00a0pic\u00a0\u00bb<\/strong>. L\u2019humoriste est arriv\u00e9 avec<br \/>\nun joli bouquet de fleurs et une bo\u00eete de chocolats. \u00ab\u00a0Il y en a<br \/>\navec de la liqueur dedans, je sais que \u00e7a vous parle\u00a0\u00bb, a-t-il<br \/>\npr\u00e9venu, faisant r\u00e9f\u00e9rence \u00e0 <a href=\"https:\/\/www.mariefrance.fr\/tele\/lea-salame-taquine-artus-lhumoriste-la-remet-a-sa-place-je-vous-emmerde-1021541.html\" rel=\"nofollow noopener\" target=\"_blank\"><br \/>\nune vieille pol\u00e9mique<\/a>. En avril 2024, sur son talk-show, la<br \/>\ncompagne de Rapha\u00ebl Glucksmann lui avait reproch\u00e9 d\u2019\u00eatre<br \/>\n\u00ab\u00a0devenu chiant\u00a0\u00bb lorsqu\u2019il avait avou\u00e9 avoir arr\u00eat\u00e9 de<br \/>\nboire et de fumer.<\/p>\n<p>Quand L\u00e9a Salam\u00e9 confrontait Jordan Bardella sur son manque<br \/>\nd\u2019exp\u00e9rience professionnelle<\/p>\n<p>Manifestement, L\u00e9a Salam\u00e9 n\u2019a pas laiss\u00e9 qu\u2019un souvenir<br \/>\nimp\u00e9rissable \u00e0 Artus. Jordan Bardella, lui non plus, n\u2019est pas pr\u00e8s<br \/>\nd\u2019oublier <strong>son dernier passage<\/strong> sur le plateau de<br \/>\nQuelle \u00c9poque !.<\/p>\n<p>En novembre 2024, \u00e0 l\u2019occasion de la sortie de son<br \/>\nautobiographie Ce que je cherche (\u00e9d. Fayard), L\u00e9a Salam\u00e9<br \/>\nrecevait le pr\u00e9sident du Rassemblement National (RN) dans<br \/>\nQuelle \u00c9poque !. Lors de cet entretien muscl\u00e9, elle<br \/>\nn\u2019avait pas h\u00e9sit\u00e9 \u00e0 le confronter sur son manque d\u2019exp\u00e9rience<br \/>\nprofessionnelle. \u00c0 en croire le Nouvel Obs, <strong>le<br \/>\npolitique ne lui en a pas tenu rigueur<\/strong>. Bien au contraire<br \/>\n!<\/p>\n<p><img loading=\"lazy\" decoding=\"async\" aria-describedby=\"caption-attachment-1096543\" itemprop=\"thumbnailUrl\" class=\"wp-image-1096543 img-responsive size-full\" src=\"https:\/\/www.europesays.com\/fr\/wp-content\/uploads\/2025\/09\/untitled-5.jpg\" alt=\"\" width=\"1280\" height=\"720\"\/> \u00a9 France 2<\/p>\n<p id=\"caption-attachment-1096543\" class=\"wp-caption-text\">Jordan<br \/>\nBardella n\u2019est pas pr\u00e8s d\u2019oublier son dernier passage sur le<br \/>\nplateau de Quelle \u00c9poque !.<\/p>\n<p>Jordan Bardella sous le charme de\u00a0L\u00e9a Salam\u00e9<\/p>\n<p>\u00ab\u00a0Vous n\u2019avez jamais exerc\u00e9 un m\u00e9tier, un vrai m\u00e9tier comme<br \/>\non dit, vous \u00eates entr\u00e9 tr\u00e8s t\u00f4t en politique, avait attaqu\u00e9<br \/>\nL\u00e9a Salam\u00e9. Sans vous faire offense, c\u2019est la question qui est<br \/>\nlancinante chez moi : vouloir \u00eatre Premier ministre, vouloir<br \/>\ndiriger peut-\u00eatre la sixi\u00e8me puissance mondiale \u00e0 m\u00eame pas 29<br \/>\nans\u00a0\u00bb. La pr\u00e9sentatrice l\u2019avait ensuite interrog\u00e9 : \u00ab\u00a0Est-ce<br \/>\nque vraiment vous vous sentez pr\u00eat \u00e0 <strong>diriger un pays \u00e0 29<br \/>\nans \u00e0 peine<\/strong>, n\u2019ayant jamais travaill\u00e9 ?\u00a0\u00bb<\/p>\n<p><a href=\"https:\/\/www.mariefrance.fr\/news-people\/jordan-bardella-malmene-par-lea-salame-dans-quelle-epoque-elle-ne-mache-pas-ses-mots-nayant-jamais-travaille-de-votre-vie-1096542.html\" rel=\"nofollow noopener\" target=\"_blank\"><br \/>\nMalgr\u00e9 un entretien tendu<\/a>, Jordan Bardella en serait sorti sous<br \/>\nle charme de celle qui l\u2019a men\u00e9. <strong>\u00ab\u00a0Elle est sympa,<br \/>\nL\u00e9a\u00a0\u00bb<\/strong>, aurait-il l\u00e2ch\u00e9 en coulisses \u00e0 propos de la<br \/>\njournaliste, d\u2019apr\u00e8s l\u2019hebdomadaire.<\/p>\n<p><img loading=\"lazy\" decoding=\"async\" aria-describedby=\"caption-attachment-1172713\" class=\"size-full wp-image-1172713 img-responsive\" src=\"https:\/\/www.europesays.com\/fr\/wp-content\/uploads\/2025\/09\/copie-de-copie-de-sans-titre-1280-x-720-px-39.jpg\" alt=\"Jordan Bardella\" width=\"1280\" height=\"720\"\/><br \/>\n\u00a9 Tom<br \/>\nNicholson\/Shutterstock<\/p>\n<p id=\"caption-attachment-1172713\" class=\"wp-caption-text\">Jordan<br \/>\nBardella aurait appr\u00e9ci\u00e9 son \u00e9change avec L\u00e9a Salam\u00e9.<\/p>\n<p>Jordan Bardella se rebiffe face<br \/>\n\u00e0 L\u00e9a Salam\u00e9<\/p>\n<p>Si Jordan Bardella a pu appr\u00e9cier son passage dans Quelle<br \/>\n\u00c9poque !, sa rencontre suivante avec L\u00e9a Salam\u00e9 semble s\u2019\u00eatre<br \/>\nmoins bien d\u00e9roul\u00e9e. En mars dernier, le pr\u00e9sident du RN avait<br \/>\nmontr\u00e9 <strong>une l\u00e9g\u00e8re irritation<\/strong> face aux questions de<br \/>\nla journaliste sur le salut nazi de Steve Bannon.<\/p>\n<blockquote class=\"instagram-media\" style=\"background: #ffffff;border: 0;margin: 1px;width: 100%;padding: 0;max-width: 500px;\" data-instgrm-permalink=\"https:\/\/www.instagram.com\/p\/DL2AQTNt8AH\/?hl=fr\" data-instgrm-version=\"14\"\/>\n<p>Cette fois-ci invit\u00e9 de France Inter, <strong>il s\u2019\u00e9tait<br \/>\nindign\u00e9<\/strong> des questions portant sur sa participation au<br \/>\nmeeting de Steve Bannon. \u00ab\u00a0Pardon, mais je n\u2019\u00e9tais pas en lune<br \/>\nde miel avec Steve Bannon. Je me suis rendu \u00e0 un meeting aux<br \/>\n\u00c9tats-Unis dans lequel il y avait beaucoup de partis patriotes,<br \/>\ndont celui de Madame Meloni, du pr\u00e9sident argentin ou de Donald<br \/>\nTrump\u00a0\u00bb, avait-il d\u00e9clar\u00e9. Avant de poursuivre : \u00ab\u00a0Si vous<br \/>\nme reprochez de ne pas avoir voulu m\u2019exprimer sur sc\u00e8ne o\u00f9<br \/>\nquelqu\u2019un a fait un salut nazi, l\u00e0 je suis extr\u00eamement inquiet par<br \/>\nvos griefs\u00a0\u00bb.<\/p>\n<p><script async src=\"\/\/www.instagram.com\/embed.js\"><\/script><\/p>\n","protected":false},"excerpt":{"rendered":"C\u2019est une grande rentr\u00e9e pour L\u00e9a Salam\u00e9. Depuis le 1er septembre, la journaliste a pris les r\u00eanes du&hellip;\n","protected":false},"author":2,"featured_media":376434,"comment_status":"","ping_status":"","sticky":false,"template":"","format":"standard","meta":{"footnotes":""},"categories":[8],"tags":[21303,58,59,1011,27],"class_list":{"0":"post-376433","1":"post","2":"type-post","3":"status-publish","4":"format-standard","5":"has-post-thumbnail","7":"category-divertissement","8":"tag-buzz_nonli","9":"tag-divertissement","10":"tag-entertainment","11":"tag-fr","12":"tag-france"},"share_on_mastodon":{"url":"https:\/\/pubeurope.com\/@fr\/115171405866263276","error":""},"_links":{"self":[{"href":"https:\/\/www.europesays.com\/fr\/wp-json\/wp\/v2\/posts\/376433","targetHints":{"allow":["GET"]}}],"collection":[{"href":"https:\/\/www.europesays.com\/fr\/wp-json\/wp\/v2\/posts"}],"about":[{"href":"https:\/\/www.europesays.com\/fr\/wp-json\/wp\/v2\/types\/post"}],"author":[{"embeddable":true,"href":"https:\/\/www.europesays.com\/fr\/wp-json\/wp\/v2\/users\/2"}],"replies":[{"embeddable":true,"href":"https:\/\/www.europesays.com\/fr\/wp-json\/wp\/v2\/comments?post=376433"}],"version-history":[{"count":0,"href":"https:\/\/www.europesays.com\/fr\/wp-json\/wp\/v2\/posts\/376433\/revisions"}],"wp:featuredmedia":[{"embeddable":true,"href":"https:\/\/www.europesays.com\/fr\/wp-json\/wp\/v2\/media\/376434"}],"wp:attachment":[{"href":"https:\/\/www.europesays.com\/fr\/wp-json\/wp\/v2\/media?parent=376433"}],"wp:term":[{"taxonomy":"category","embeddable":true,"href":"https:\/\/www.europesays.com\/fr\/wp-json\/wp\/v2\/categories?post=376433"},{"taxonomy":"post_tag","embeddable":true,"href":"https:\/\/www.europesays.com\/fr\/wp-json\/wp\/v2\/tags?post=376433"}],"curies":[{"name":"wp","href":"https:\/\/api.w.org\/{rel}","templated":true}]}}