{"id":376437,"date":"2025-09-09T00:03:22","date_gmt":"2025-09-09T00:03:22","guid":{"rendered":"https:\/\/www.europesays.com\/fr\/376437\/"},"modified":"2025-09-09T00:03:22","modified_gmt":"2025-09-09T00:03:22","slug":"voici-le-cupra-tindaya-une-voiture-electrique-ultra-impressionnante","status":"publish","type":"post","link":"https:\/\/www.europesays.com\/fr\/376437\/","title":{"rendered":"Voici le Cupra Tindaya, une voiture \u00e9lectrique ultra impressionnante"},"content":{"rendered":"<p>Profitant de la rentr\u00e9e et du salon IAA de Munich, Cupra pr\u00e9sente le concept Tindaya. Avec son style ultra-agressif, cette voiture \u00e9lectrique a tout pour devenir le parfait rempla\u00e7ant du Cupra Formentor.<\/p>\n<p><a href=\"https:\/\/images.frandroid.com\/wp-content\/uploads\/2025\/09\/cupra-tindaya-showcar-01-grande.jpeg\" target=\"_blank\" class=\"article-content__figure\" rel=\"noopener\"><img fetchpriority=\"high\" decoding=\"async\" loading=\"eager\" width=\"1200\" height=\"675\" src=\"https:\/\/www.europesays.com\/fr\/wp-content\/uploads\/2025\/09\/cupra-tindaya-showcar-01-grande.jpeg\" alt=\"\" class=\"wp-image-2784465 wp-image wp-image\"  \/><\/a><\/p>\n<p><a href=\"https:\/\/www.frandroid.com\/produits\/cupra\" target=\"_blank\" rel=\"noopener\">Cupra<\/a> mise de plus en plus sur l\u2019\u00e9lectrique. Apr\u00e8s une p\u00e9riode de transition avec des moteurs thermiques puissants passant \u00e0 des hybrides performants, le constructeur espagnol occupant une place bien pr\u00e9cise au sein du groupe <a href=\"https:\/\/www.frandroid.com\/produits\/volkswagen\" target=\"_blank\" rel=\"noopener\">Volkswagen<\/a>, celle des v\u00e9hicules de sport, passe \u00e0 l\u2019\u00e9lectrique.<\/p>\n<p>On a d\u00e9j\u00e0 d\u00e9couvert les Cupra Born et Cupra Tavascan. Mais avec le concept-car Tindaya, Cupra nous montre ses desseins pour le futur, et la marque se montre vraiment ambitieuse.<\/p>\n<p>Un concept inspir\u00e9 d\u2019une montagne volcanique<\/p>\n<p>Le Tindaya a pour nous toute l\u2019\u00e9toffe pour remplacer le Formentor au sein de la gamme Cupra d\u2019ici quelque temps. Et si Formentor d\u00e9signait le magnifique cap au nord de Majorque, Tindaya est d\u2019une inspiration bien plus sombre. Il s\u2019agit du nom d\u2019un volcan situ\u00e9 sur l\u2019\u00eele de Fuerteventura dans l\u2019archipel des Canaries.<\/p>\n<p><a href=\"https:\/\/images.frandroid.com\/wp-content\/uploads\/2025\/09\/cupra-tindaya-01.jpg\" target=\"_blank\" class=\"article-content__figure\" rel=\"noopener\"><img loading=\"lazy\" decoding=\"async\" width=\"1200\" height=\"649\" src=\"https:\/\/www.europesays.com\/fr\/wp-content\/uploads\/2025\/09\/cupra-tindaya-01-1200x649.jpg\" alt=\"\" class=\"wp-image-2784445 wp-image\"  \/><\/a><\/p>\n<p>Et le lieu est, selon le communiqu\u00e9 de presse de Cupra, parfaitement adapt\u00e9 \u00e0 l\u2019image de la marque et du concept portant le nom du volcan, puisque les couleurs utilis\u00e9es par le concept sont celles que l\u2019on retrouve sur le Tindaya.<\/p>\n<p>La couleur du Tindaya varie, passant du gris m\u00e9tallique profond faisant penser \u00e0 l\u2019oc\u00e9an Atlantique \u00e0 un beige doux plus proche des couleurs des montagnes.<\/p>\n<p><a href=\"https:\/\/images.frandroid.com\/wp-content\/uploads\/2025\/09\/cupra-tindaya-04.jpg\" target=\"_blank\" class=\"article-content__figure\" rel=\"noopener\"><img loading=\"lazy\" decoding=\"async\" width=\"1200\" height=\"684\" src=\"https:\/\/www.europesays.com\/fr\/wp-content\/uploads\/2025\/09\/cupra-tindaya-04-1200x684.jpg\" alt=\"\" class=\"wp-image-2784451 wp-image\"  \/><\/a><\/p>\n<p>Lorsque l\u2019on d\u00e9couvre le Tindaya, on a du mal \u00e0 le regarder dans les yeux. Le dessin de la partie avant est si agressif qu\u2019on a tendance \u00e0 baisser le regard, comme face \u00e0 la chaleur d\u2019une lave en fusion. Au fur et \u00e0 mesure que l\u2019intimidation dispara\u00eet, on peut d\u00e9couvrir le concept Tindaya qui pr\u00e9sente un style tr\u00e8s travaill\u00e9.<\/p>\n<p>Bien s\u00fbr, on remarque imm\u00e9diatement son logo avant illumin\u00e9, effet de style indispensable des nouvelles productions depuis que l\u2019Union europ\u00e9enne autorise leur r\u00e9tro\u00e9clairage.<\/p>\n<p><a target=\"_blank\" href=\"https:\/\/images.frandroid.com\/wp-content\/uploads\/2025\/09\/cupra-tindaya-showcar-03-grande.jpeg\" class=\"article-content__figure\" rel=\"noopener\"><img loading=\"lazy\" decoding=\"async\" width=\"1200\" height=\"675\" src=\"https:\/\/www.europesays.com\/fr\/wp-content\/uploads\/2025\/09\/cupra-tindaya-showcar-03-grande-1200x675.jpeg\" alt=\"\" class=\"wp-image-2784469 wp-image\"  \/><\/a><\/p>\n<p>Le gros logo Cupra cuivr\u00e9 est pos\u00e9 sur un avant inspir\u00e9 d\u2019un museau de requin selon la marque. On y retrouve des d\u00e9flecteurs guidant l\u2019air vers les prises lat\u00e9rales. La calandre donne l\u2019impression d\u2019un grand masque noir, ce qui met en avant les deux projecteurs LED int\u00e9grant une signature lumineuse sous la forme de trois \u00e9l\u00e9ments LED triangulaires. Le capot est nervur\u00e9 et abrite un coffre avant (frunk).<\/p>\n<p>De profil, on remarque \u00e9videmment les jantes de 23 pouces mais aussi la longueur de 4,73 m du Tindaya, ce qui est plus long que les 4,45 m du Formentor. Cupra a l\u2019ambition de faire grandir son SUV phare ? Pour l\u2019instant, rien ne permet de le confirmer, ce gabarit servant peut-\u00eatre simplement \u00e0 l\u2019aspect spectaculaire de ce concept. Et spectaculaire il l\u2019est, surtout lorsque l\u2019on voit son profil muscl\u00e9 avec des ailes larges, une ligne de toit fuyante et un aileron habillant le hayon.<\/p>\n<p>\t\t\t\t\t\t<a href=\"https:\/\/images.frandroid.com\/wp-content\/uploads\/2025\/09\/cupra-tindaya-showcar-02-grande.jpeg\" itemprop=\"url\" target=\"_blank\" rel=\"noopener\"><\/p>\n<p>\t\t\t\t\t\t\t<img class=\"wp-image\" decoding=\"async\" src=\"https:\/\/www.europesays.com\/fr\/wp-content\/uploads\/2025\/09\/cupra-tindaya-showcar-02-grande.jpeg\"  width=\"499\" height=\"281\" loading=\"lazy\" data-original-width=\"499\" data-original-height=\"281\" itemprop=\"http:\/\/schema.org\/image\" title=\"CUPRA_Tindaya_Showcar_02 Grande\" alt=\"CUPRA_Tindaya_Showcar_02 Grande\" style=\"width: 499px; height: 281px;\"\/><br \/>\n\t\t\t\t\t\t<\/a><\/p>\n<p>\t\t\t\t\t\t<a href=\"https:\/\/images.frandroid.com\/wp-content\/uploads\/2025\/09\/cupra-tindaya-11.jpg\" itemprop=\"url\" target=\"_blank\" rel=\"noopener\"><\/p>\n<p>\t\t\t\t\t\t\t<img class=\"wp-image\" decoding=\"async\" src=\"https:\/\/www.europesays.com\/fr\/wp-content\/uploads\/2025\/09\/cupra-tindaya-11.jpg\"  width=\"421\" height=\"281\" loading=\"lazy\" data-original-width=\"421\" data-original-height=\"281\" itemprop=\"http:\/\/schema.org\/image\" title=\"CUPRA_Tindaya_11\" alt=\"CUPRA_Tindaya_11\" style=\"width: 421px; height: 281px;\"\/><br \/>\n\t\t\t\t\t\t<\/a><\/p>\n<p>\u00c0 l\u2019arri\u00e8re, on reste dans la m\u00eame veine. On retrouve aussi un logo lumineux et des phares avec une signature lumineuse comparable \u00e0 celle de l\u2019avant. Dans les \u00e9l\u00e9ments de style que l\u2019on peut mentionner, on peut citer une colonne vert\u00e9brale sur le toit entre deux panneaux de verre qui peuvent se d\u00e9monter pour ouvrir l\u2019habitacle vers l\u2019ext\u00e9rieur.<\/p>\n<p>Un habitacle inspir\u00e9 du sport auto<\/p>\n<p>Cupra est une marque qui mise sur la sportivit\u00e9 pour s\u00e9duire. L\u2019habitacle ne d\u00e9roge pas \u00e0 cette strat\u00e9gie. On retrouve un cockpit tourn\u00e9 vers le conducteur, avec un volant de type \u00ab\u00a0Yoke\u00a0\u00bb avec des boutons satellites et un compteur num\u00e9rique de 24 pouces inspir\u00e9 du jeu vid\u00e9o. Ce grand \u00e9cran est associ\u00e9 au \u00ab\u00a0Monitor +\u00a0\u00bb qui affiche des donn\u00e9es de conduite directement sur le pare-brise.<\/p>\n<p><a href=\"https:\/\/images.frandroid.com\/wp-content\/uploads\/2025\/09\/cupra-tindaya-showcar-04.jpg\" target=\"_blank\" class=\"article-content__figure\" rel=\"noopener\"><img loading=\"lazy\" decoding=\"async\" width=\"1200\" height=\"675\" src=\"https:\/\/www.europesays.com\/fr\/wp-content\/uploads\/2025\/09\/cupra-tindaya-showcar-04-1200x675.jpg\" alt=\"\" class=\"wp-image-2784437 wp-image\"  \/><\/a><\/p>\n<p>\u00c0 bord, l\u2019exp\u00e9rience est renforc\u00e9e par le \u00ab\u00a0phygital\u00a0\u00bb \u2013 comprenez un m\u00e9lange d\u2019interactions physiques et digitales. La technologie nomm\u00e9e \u00ab\u00a0The Jewel\u00a0\u00bb est une interface sensorielle modifiant l\u2019exp\u00e9rience du conducteur gr\u00e2ce au mode de conduite, au son et \u00e0 la lumi\u00e8re.<\/p>\n<p>Pour cela, elle peut s\u2019appuyer sur un bandeau de projection situ\u00e9 sous le pare-brise, des commandes haptiques et un syst\u00e8me audio en collaboration avec <a href=\"https:\/\/www.frandroid.com\/produits\/sennheiser\" target=\"_blank\" rel=\"noopener\">Sennheiser<\/a> Mobility.<\/p>\n<p>\t\t\t\t\t\t<a href=\"https:\/\/images.frandroid.com\/wp-content\/uploads\/2025\/09\/cupra-tindaya-showcar-06-grande.jpeg\" itemprop=\"url\" target=\"_blank\" rel=\"noopener\"><\/p>\n<p>\t\t\t\t\t\t\t<img class=\"wp-image\" decoding=\"async\" src=\"https:\/\/www.europesays.com\/fr\/wp-content\/uploads\/2025\/09\/cupra-tindaya-showcar-06-grande.jpeg\"  width=\"499\" height=\"281\" loading=\"lazy\" data-original-width=\"499\" data-original-height=\"281\" itemprop=\"http:\/\/schema.org\/image\" title=\"CUPRA_Tindaya_Showcar_06 Grande\" alt=\"CUPRA_Tindaya_Showcar_06 Grande\" style=\"width: 499px; height: 281px;\"\/><br \/>\n\t\t\t\t\t\t<\/a><\/p>\n<p>\t\t\t\t\t\t<a href=\"https:\/\/images.frandroid.com\/wp-content\/uploads\/2025\/09\/cupra-tindaya-18.jpg\" itemprop=\"url\" target=\"_blank\" rel=\"noopener\"><\/p>\n<p>\t\t\t\t\t\t\t<img class=\"wp-image\" decoding=\"async\" src=\"https:\/\/www.europesays.com\/fr\/wp-content\/uploads\/2025\/09\/cupra-tindaya-18.jpg\"  width=\"421\" height=\"281\" loading=\"lazy\" data-original-width=\"421\" data-original-height=\"281\" itemprop=\"http:\/\/schema.org\/image\" title=\"CUPRA_Tindaya_18\" alt=\"CUPRA_Tindaya_18\" style=\"width: 421px; height: 281px;\"\/><br \/>\n\t\t\t\t\t\t<\/a><\/p>\n<p>Mais que serait un habitacle sportif sans si\u00e8ges dignes de ce nom. Cupra a int\u00e9gr\u00e9 des baquets nomm\u00e9s CUPBucket dans une voiture \u00e0 la configuration 2+2 avec des portes antagonistes pour acc\u00e9der aux places arri\u00e8re. Dans cet habitacle, on retrouve du cuir v\u00e9gan d\u2019origine biologique, de la microfibre en bronze cir\u00e9 et des \u00e9l\u00e9ments en verre.<\/p>\n<p>Notre avis sur le Cupra Tindaya<\/p>\n<p>Cupra n\u2019indique pour l\u2019instant pas si le Tindaya donnera naissance \u00e0 un mod\u00e8le de s\u00e9rie un jour. Mais on l\u2019imagine bien en rempla\u00e7ant du Cupra Formentor, affirmant encore un peu plus le caract\u00e8re sportif de la marque de Martorell.<\/p>\n<p>On peut regretter que Cupra n\u2019annonce rien sur les performances et l\u2019autonomie de ce concept. Nous sommes curieux de conna\u00eetre l\u2019avenir de Cupra sur ces sujets, notamment si le constructeur va utiliser dans un avenir proche la <a href=\"https:\/\/www.frandroid.com\/marques\/volkswagen\/1963826_voici-larme-ultime-de-volkswagen-pour-creer-des-voitures-electriques-hyper-performantes-et-rechargeables-en-un-eclair\" target=\"_blank\" rel=\"noopener\">plateforme PPE<\/a> et la <a href=\"https:\/\/www.frandroid.com\/survoltes\/voitures-electriques\/1537354_pourquoi-les-voitures-electriques-800-volts-vont-ringardiser-les-modeles-actuels\" target=\"_blank\" rel=\"noopener\">technologie 800 volts<\/a> que l\u2019on retrouve chez ses cousins allemands <a href=\"https:\/\/www.frandroid.com\/produits\/audi\" target=\"_blank\" rel=\"noopener\">Audi<\/a> et <a href=\"https:\/\/www.frandroid.com\/produits\/porsche\" target=\"_blank\" rel=\"noopener\">Porsche<\/a>. Pour ce qui est des performances, il faut se contenter de cette d\u00e9claration : \u00ab\u00a0Con\u00e7u pour les sensations fortes, il offre des performances \u00e9lectrisantes inspir\u00e9es de l\u2019ADN de Cupra\u00ab\u00a0.<\/p>\n<p><a href=\"https:\/\/images.frandroid.com\/wp-content\/uploads\/2025\/09\/cupra-tindaya-02.jpg\" target=\"_blank\" class=\"article-content__figure\" rel=\"noopener\"><img loading=\"lazy\" decoding=\"async\" width=\"1200\" height=\"648\" src=\"https:\/\/www.europesays.com\/fr\/wp-content\/uploads\/2025\/09\/cupra-tindaya-02-1200x648.jpg\" alt=\"\" class=\"wp-image-2784447 wp-image\"  \/><\/a><\/p>\n<p>Avec le Tindaya, Cupra montre donc ses ambitions, celles de devenir un acteur incontournable parmi les v\u00e9hicules \u00e9lectriques offrant des sensations.<\/p>\n<p>Un tel mod\u00e8le en s\u00e9rie lui permettrait de prendre une place plus importante sur le march\u00e9 des v\u00e9hicules \u00e9lectriques, la <a href=\"https:\/\/www.frandroid.com\/produits\/voitures\/seat\/958549-cupra-born\" target=\"_blank\" rel=\"noopener\">Cupra Born<\/a> reste un ton en dessous d\u2019une <a href=\"https:\/\/www.frandroid.com\/marques\/tesla\/2317780_jai-roule-1000-km-avec-la-nouvelle-tesla-model-3-performance-et-jai-pris-une-immense-claque\" target=\"_blank\" rel=\"noopener\">Tesla Model 3 Performance<\/a>, tandis que le <a href=\"https:\/\/www.frandroid.com\/produits\/voitures\/cupra\/1785095-cupra-tavascan\" target=\"_blank\" rel=\"noopener\">Cupra Tavascan<\/a> reste moins puissant qu\u2019un <a href=\"https:\/\/www.frandroid.com\/marques\/tesla\/2775295_voici-le-tesla-model-y-performance-une-voiture-electrique-toujours-ultra-performante-mais-plus-facile-a-vivre\" target=\"_blank\" rel=\"noopener\">Tesla Model Y Performance<\/a>.<\/p>\n<p>Envie de rejoindre une communaut\u00e9 de passionn\u00e9s ? <a href=\"https:\/\/discord.com\/invite\/frandroid-311789172149190657\" target=\"_blank\" rel=\"noopener\">Notre Discord<\/a> vous accueille, c\u2019est un lieu d\u2019entraide et de passion autour de la tech.<\/p>\n","protected":false},"excerpt":{"rendered":"Profitant de la rentr\u00e9e et du salon IAA de Munich, Cupra pr\u00e9sente le concept Tindaya. Avec son style&hellip;\n","protected":false},"author":2,"featured_media":376438,"comment_status":"","ping_status":"","sticky":false,"template":"","format":"standard","meta":{"footnotes":""},"categories":[6],"tags":[35,51015,33,34,1011,27,49839],"class_list":{"0":"post-376437","1":"post","2":"type-post","3":"status-publish","4":"format-standard","5":"has-post-thumbnail","7":"category-economie","8":"tag-business","9":"tag-cupra-tindaya","10":"tag-economie","11":"tag-economy","12":"tag-fr","13":"tag-france","14":"tag-iaa-munich"},"share_on_mastodon":{"url":"https:\/\/pubeurope.com\/@fr\/115171413776719202","error":""},"_links":{"self":[{"href":"https:\/\/www.europesays.com\/fr\/wp-json\/wp\/v2\/posts\/376437","targetHints":{"allow":["GET"]}}],"collection":[{"href":"https:\/\/www.europesays.com\/fr\/wp-json\/wp\/v2\/posts"}],"about":[{"href":"https:\/\/www.europesays.com\/fr\/wp-json\/wp\/v2\/types\/post"}],"author":[{"embeddable":true,"href":"https:\/\/www.europesays.com\/fr\/wp-json\/wp\/v2\/users\/2"}],"replies":[{"embeddable":true,"href":"https:\/\/www.europesays.com\/fr\/wp-json\/wp\/v2\/comments?post=376437"}],"version-history":[{"count":0,"href":"https:\/\/www.europesays.com\/fr\/wp-json\/wp\/v2\/posts\/376437\/revisions"}],"wp:featuredmedia":[{"embeddable":true,"href":"https:\/\/www.europesays.com\/fr\/wp-json\/wp\/v2\/media\/376438"}],"wp:attachment":[{"href":"https:\/\/www.europesays.com\/fr\/wp-json\/wp\/v2\/media?parent=376437"}],"wp:term":[{"taxonomy":"category","embeddable":true,"href":"https:\/\/www.europesays.com\/fr\/wp-json\/wp\/v2\/categories?post=376437"},{"taxonomy":"post_tag","embeddable":true,"href":"https:\/\/www.europesays.com\/fr\/wp-json\/wp\/v2\/tags?post=376437"}],"curies":[{"name":"wp","href":"https:\/\/api.w.org\/{rel}","templated":true}]}}