{"id":376442,"date":"2025-09-09T00:06:10","date_gmt":"2025-09-09T00:06:10","guid":{"rendered":"https:\/\/www.europesays.com\/fr\/376442\/"},"modified":"2025-09-09T00:06:10","modified_gmt":"2025-09-09T00:06:10","slug":"frederic-pechier-martele-son-innocence-a-louverture-de-son-proces-je-nai-jamais-empoisonne-quelquun-je-nai-jamais-empoisonne-de-poche-le-monde-fr","status":"publish","type":"post","link":"https:\/\/www.europesays.com\/fr\/376442\/","title":{"rendered":"Fr\u00e9d\u00e9ric P\u00e9chier mart\u00e8le son innocence \u00e0 l\u2019ouverture de son proc\u00e8s : \u00ab Je n\u2019ai jamais empoisonn\u00e9 quelqu\u2019un, je n\u2019ai jamais empoisonn\u00e9 de poche \u00bb &#8211; Le Monde.fr"},"content":{"rendered":"<ol>\n<li><a href=\"https:\/\/news.google.com\/rss\/articles\/CBMirgJBVV95cUxNOU1LYnI0cUh1ZHdmWkNueklQQlFfRTZTN2NBaWJEYWJpLW9FNHlIdnVCRGlGaDBXQ1lvY24wemJLell1RzUxZnVTNi1VdjloOEFIeXZJUVRzOW1Vakk2QjRwcEstMk5DYnE1a1I2cTh1am1vd3phLWxzcUptZ0VzYjBqRDNXc2ZISW9keEtRZG9PbldiMnBnUWJIYVp5N2w4UUQ2NFVkNHBtQ1B1UlhOMmlCY0Y0SVlSdUUxdHRBNkJJa1FhMElnNm5DRzJYc2E0WFhNTW1XeUNlUF9TNTB0dmJfNTZZRzIyOU9OQzRTdFhtNzR3RDZNNld0VUhleGdrS2NGNzRNXzNUSGQ1NXdUb1d0Z1FDeVl6em1ZY01UTGNmTWxRRmZ0YW5ZdnVRQQ?oc=5\" target=\"_blank\" rel=\"nofollow noopener\">Fr\u00e9d\u00e9ric P\u00e9chier mart\u00e8le son innocence \u00e0 l\u2019ouverture de son proc\u00e8s : \u00ab Je n\u2019ai jamais empoisonn\u00e9 quelqu\u2019un, je n\u2019ai jamais empoisonn\u00e9 de poche \u00bb<\/a>&nbsp;&nbsp;Le Monde.fr<\/li>\n<li><a href=\"https:\/\/news.google.com\/rss\/articles\/CBMi0AJBVV95cUxOelEzeXFkUm13aTZnbVBrcS1UM2pGZGRrVzMycG04Rkh2MnpnX3p1ZnV4RlUyN1hnQ1lJMEQzTGpJWm5tVU9FWnJJcEF1bzJQcE5MZk5fMWI4a2xrbHdIV1A1ZFBySF9pQktfcjgzSzkwLTZaTTNMVnpMX2djdlZERzg4WEpHVjU0ZDl2bF9xbVhsbDhlZV9XNU5JSVVpQUQzMmhpT2hMSVR2YjM3MkZ6VTdvSDRYSVA4a2J1dHNVblVzdHozM0g4eWxxRVlyNHRaUzI0Xy1va3g4QnZYeXZWVFc5dWRkbEs4cTlRdXJ2dUdqc1hBb19leDhaZXlVWEhXb3BFOE95NkFZQllyMnQ0X3ZqWGYtWGl3T0tCbzZtc2RYT0R0eTdfRWhHWVNOZ3B6NmE2WGVrU0NaS2luZm1WYzl1WkI2ZU0zanBjUDV6aG8?oc=5\" target=\"_blank\" rel=\"nofollow noopener\">Affaire Fr\u00e9d\u00e9ric P\u00e9chier : l\u2019ancien anesth\u00e9siste, accus\u00e9 d\u2019empoisonnement devant la justice, clame son \u00ab innocence \u00bb \u00e0 l\u2019ouverture de son proc\u00e8s<\/a>&nbsp;&nbsp;Le Monde.fr<\/li>\n<li><a href=\"https:\/\/news.google.com\/rss\/articles\/CBMizgJBVV95cUxPS0dfSHczZjJsNFZoaDdpbFBCVUt1Y1hwT2VFVFVhQnB4dGxyU2sta19xbC1pWG1ROF9GZk9YR1RIVzkzZXo4OTBLc0VTWllpRTNfcVM2cDI0YUJIX1NpdGl6NXlRcnAzUXpJdXRDYnZJM3hCemNid0ZOMURIaTl6RE9zYjE1eDNSNzFURlVFVmJLQ1RnaHgwc1JyXzNTb2dtNDhkbWY4MnBQQVY2X0tuUy1VMjU3Rlk5UXVyTmhWczlza1lFdFVYUUgtQmhFQWROUWNxUnIxdDBYcFdfdGJPOFd0MTZ0c2tpNGVCTWFsQmdVTU9DbU1wbThubnUwYkdfS0xGNHRMVFhlSXgwSXNONE95Z0FUMWVMRGhScFJQa255TVRqVVJHN2JHc1oyaFh0aUdOekxRc1RiVUItdTJqMlU5ZnpvV2JIaTloT053?oc=5\" target=\"_blank\" rel=\"nofollow noopener\">Proc\u00e8s de Fr\u00e9d\u00e9ric P\u00e9chier : \u00ab\u00a0On dort avec la t\u00e9l\u00e9, parce qu&rsquo;il a peur de ne pas se r\u00e9veiller\u00a0\u00bb, confie l&rsquo;\u00e9pouse de Jean-Claude Gandon, ex-patient de l&rsquo;anesth\u00e9siste<\/a>&nbsp;&nbsp;France Info<\/li>\n<li><a href=\"https:\/\/news.google.com\/rss\/articles\/CBMi6AFBVV95cUxQTkZNTk9SbXg1T2dqazhuelE3MWhwaXZJLWhRRzV2NDVhMm5pU1RUaFdkQnB6dlZfbVNhN1FBeXNFclpmNVowTV9WdXJJUVlLS1ZMRXdsQk1TSlVYRmJob09LbEktMmYxZVV4cWt6SzRncUpfcF9DcmVZU3REZUxLTmRGaHVwd2NqVld2OXF2N0JsLWhGRWItY0VhcFFtd2VjQ0FaRUdSbDI3U3Y5N2RjdXRVdkZxMDc5bFZhRHk3YWQ5WDlxQVpZTDJGeGhaQ0Z2aW5KUDE1TWc0d2ljaGRxbVdfeTBiSlgw?oc=5\" target=\"_blank\" rel=\"nofollow noopener\">Fr\u00e9d\u00e9ric P\u00e9chier invit\u00e9 \u00e0 la matinale de RTL, un dispositif ind\u00e9cent<\/a>&nbsp;&nbsp;Lib\u00e9ration<\/li>\n<li><a href=\"https:\/\/news.google.com\/rss\/articles\/CBMixwFBVV95cUxPMWJiWU9TMkJOSS14LXVqZ0kwX0xfdWhMQzFnWERrUUNhTW00OXBwbnV6V1FPRVM4TVhwR3hRS0NHdUY5bnQ4X2pCdzRXdXNsZE9NcWtPTE56WXhlNnFRbHl5andWU3I3TE5sUC11NXd5VUxVd1dLdjg3Q0twemdfZWJxLTZ4TFlRNmhrdHBtM3pySTVveTFXU28yWFBXVDdjc2d4Z1RfeVV4VUJDenBZanI5NTRFV1A1Y0o1aU05NzUxRjJRQ1pv?oc=5\" target=\"_blank\" rel=\"nofollow noopener\">\u00ab\u00a0Je suis innocent\u00a0\u00bb: l&rsquo;ex-anesth\u00e9siste de Besan\u00e7on campe sur sa position<\/a>&nbsp;&nbsp;Actualit\u00e9s \u2013 Orange<\/li>\n<\/ol>\n","protected":false},"excerpt":{"rendered":"Fr\u00e9d\u00e9ric P\u00e9chier mart\u00e8le son innocence \u00e0 l\u2019ouverture de son proc\u00e8s : \u00ab Je n\u2019ai jamais empoisonn\u00e9 quelqu\u2019un, je&hellip;\n","protected":false},"author":2,"featured_media":376443,"comment_status":"","ping_status":"","sticky":false,"template":"","format":"standard","meta":{"footnotes":""},"categories":[2],"tags":[11,1011,27,12],"class_list":{"0":"post-376442","1":"post","2":"type-post","3":"status-publish","4":"format-standard","5":"has-post-thumbnail","7":"category-actualites","8":"tag-actualites","9":"tag-fr","10":"tag-france","11":"tag-news"},"share_on_mastodon":{"url":"https:\/\/pubeurope.com\/@fr\/115171425338151089","error":""},"_links":{"self":[{"href":"https:\/\/www.europesays.com\/fr\/wp-json\/wp\/v2\/posts\/376442","targetHints":{"allow":["GET"]}}],"collection":[{"href":"https:\/\/www.europesays.com\/fr\/wp-json\/wp\/v2\/posts"}],"about":[{"href":"https:\/\/www.europesays.com\/fr\/wp-json\/wp\/v2\/types\/post"}],"author":[{"embeddable":true,"href":"https:\/\/www.europesays.com\/fr\/wp-json\/wp\/v2\/users\/2"}],"replies":[{"embeddable":true,"href":"https:\/\/www.europesays.com\/fr\/wp-json\/wp\/v2\/comments?post=376442"}],"version-history":[{"count":0,"href":"https:\/\/www.europesays.com\/fr\/wp-json\/wp\/v2\/posts\/376442\/revisions"}],"wp:featuredmedia":[{"embeddable":true,"href":"https:\/\/www.europesays.com\/fr\/wp-json\/wp\/v2\/media\/376443"}],"wp:attachment":[{"href":"https:\/\/www.europesays.com\/fr\/wp-json\/wp\/v2\/media?parent=376442"}],"wp:term":[{"taxonomy":"category","embeddable":true,"href":"https:\/\/www.europesays.com\/fr\/wp-json\/wp\/v2\/categories?post=376442"},{"taxonomy":"post_tag","embeddable":true,"href":"https:\/\/www.europesays.com\/fr\/wp-json\/wp\/v2\/tags?post=376442"}],"curies":[{"name":"wp","href":"https:\/\/api.w.org\/{rel}","templated":true}]}}