{"id":376446,"date":"2025-09-09T00:08:27","date_gmt":"2025-09-09T00:08:27","guid":{"rendered":"https:\/\/www.europesays.com\/fr\/376446\/"},"modified":"2025-09-09T00:08:27","modified_gmt":"2025-09-09T00:08:27","slug":"plusieurs-victimes-potentielles-un-professeur-dhistoire-geo-mis-en-examen-pour-viols-et-agressions-sexuelles-sur-anciens-eleves","status":"publish","type":"post","link":"https:\/\/www.europesays.com\/fr\/376446\/","title":{"rendered":"Plusieurs victimes potentielles\u00a0: un professeur d\u2019histoire-g\u00e9o mis en examen pour viols et agressions sexuelles sur anciens \u00e9l\u00e8ves"},"content":{"rendered":"<p>\n                                                                Un professeur de lyc\u00e9e priv\u00e9 \u00e0 Saint-\u00c9tienne, a \u00e9t\u00e9 interpell\u00e9 le mercredi 3\u00a0septembre 2025. Il est accus\u00e9 de viols et d\u2019agressions sexuelles sur plusieurs victimes, des faits qui remonteraient au d\u00e9but des ann\u00e9es 2\u00a0000, alors qu\u2019il enseignait dans un autre \u00e9tablissement de Saint-Chamond. Mis en examen, il a \u00e9t\u00e9 remis en libert\u00e9 sous contr\u00f4le judiciaire.\n                            <\/p>\n<p>Un enseignant d\u2019histoire-g\u00e9ographie, aujourd\u2019hui en poste au\u00a0lyc\u00e9e priv\u00e9 T\u00e9zenas-du-Montcel, \u00e0 Saint-\u00c9tienne, est accus\u00e9 d\u2019avoir agress\u00e9 sexuellement plusieurs \u00e9l\u00e8ves au d\u00e9but des ann\u00e9es 2000. \u00c0 l\u2019\u00e9poque, il enseignait l\u2019histoire-g\u00e9ographie au\u00a0lyc\u00e9e Sainte-Marie-La Grand\u2019Grange, un \u00e9tablissement catholique de Saint-Chamond. Ces soup\u00e7ons, port\u00e9s \u00e0 la connaissance de la justice \u00e0 la suite d\u2019un signalement r\u00e9cent, ont conduit \u00e0 son interpellation par la police.<\/p>\n<p>Interpellation et perquisitions<\/p>\n<p>Mercredi 3\u00a0septembre, le professeur a \u00e9t\u00e9\u00a0arr\u00eat\u00e9 \u00e0 son domicile. Des perquisitions ont suivi, men\u00e9es chez lui et dans son \u00e9tablissement actuel. Selon<a href=\"https:\/\/www.leprogres.fr\/faits-divers-justice\/2025\/09\/08\/un-professeur-interpelle-pour-viols-et-agressions-sexuelles\" target=\"_blank\" rel=\"nofollow noopener\">\u00a0Le Progr\u00e8s<\/a>, ces investigations ont permis de\u00a0corroborer le premier t\u00e9moignage\u00a0\u00e0 l\u2019origine du signalement et d\u2019identifier\u00a0plusieurs victimes potentielles.<\/p>\n<p>L\u2019information transmise aux \u00e9l\u00e8ves<\/p>\n<p>D\u00e8s le lendemain, un responsable du lyc\u00e9e T\u00e9zenas-du-Montcel a fait le tour des classes pour\u00a0informer les \u00e9l\u00e8ves\u00a0de l\u2019interpellation de leur professeur. \u00ab\u00a0Un responsable du lyc\u00e9e a fait le tour des classes pour pr\u00e9venir les \u00e9l\u00e8ves de l\u2019interpellation de ce professeur\u00a0\u00bb, a confirm\u00e9 \u00e0 nos confr\u00e8res un parent d\u2019\u00e9l\u00e8ve, sous couvert d\u2019anonymat.<\/p>\n<p>Mise en examen, contr\u00f4le judiciaire<\/p>\n<p>Apr\u00e8s sa garde \u00e0 vue, le sexag\u00e9naire a \u00e9t\u00e9\u00a0mis en examen\u00a0pour viols et agressions sexuelles. Il a ensuite \u00e9t\u00e9\u00a0remis en libert\u00e9 sous contr\u00f4le judiciaire, dans l\u2019attente de la suite de l\u2019instruction. Sollicit\u00e9s par la presse, la\u00a0police nationale de la Loire\u00a0et le\u00a0parquet de Saint-\u00c9tienne\u00a0n\u2019ont pas souhait\u00e9 commenter l\u2019affaire, indiquent nos confr\u00e8res.<\/p>\n","protected":false},"excerpt":{"rendered":"Un professeur de lyc\u00e9e priv\u00e9 \u00e0 Saint-\u00c9tienne, a \u00e9t\u00e9 interpell\u00e9 le mercredi 3\u00a0septembre 2025. Il est accus\u00e9 de&hellip;\n","protected":false},"author":2,"featured_media":376447,"comment_status":"","ping_status":"","sticky":false,"template":"","format":"standard","meta":{"footnotes":""},"categories":[9653],"tags":[1111,11,2430,1777,674,1011,27,12,25,4001],"class_list":{"0":"post-376446","1":"post","2":"type-post","3":"status-publish","4":"format-standard","5":"has-post-thumbnail","7":"category-saint-etienne","8":"tag-actu","9":"tag-actualites","10":"tag-auvergne-rhone-alpes","11":"tag-eu","12":"tag-europe","13":"tag-fr","14":"tag-france","15":"tag-news","16":"tag-republique-francaise","17":"tag-saint-etienne"},"share_on_mastodon":{"url":"https:\/\/pubeurope.com\/@fr\/115171433022628430","error":""},"_links":{"self":[{"href":"https:\/\/www.europesays.com\/fr\/wp-json\/wp\/v2\/posts\/376446","targetHints":{"allow":["GET"]}}],"collection":[{"href":"https:\/\/www.europesays.com\/fr\/wp-json\/wp\/v2\/posts"}],"about":[{"href":"https:\/\/www.europesays.com\/fr\/wp-json\/wp\/v2\/types\/post"}],"author":[{"embeddable":true,"href":"https:\/\/www.europesays.com\/fr\/wp-json\/wp\/v2\/users\/2"}],"replies":[{"embeddable":true,"href":"https:\/\/www.europesays.com\/fr\/wp-json\/wp\/v2\/comments?post=376446"}],"version-history":[{"count":0,"href":"https:\/\/www.europesays.com\/fr\/wp-json\/wp\/v2\/posts\/376446\/revisions"}],"wp:featuredmedia":[{"embeddable":true,"href":"https:\/\/www.europesays.com\/fr\/wp-json\/wp\/v2\/media\/376447"}],"wp:attachment":[{"href":"https:\/\/www.europesays.com\/fr\/wp-json\/wp\/v2\/media?parent=376446"}],"wp:term":[{"taxonomy":"category","embeddable":true,"href":"https:\/\/www.europesays.com\/fr\/wp-json\/wp\/v2\/categories?post=376446"},{"taxonomy":"post_tag","embeddable":true,"href":"https:\/\/www.europesays.com\/fr\/wp-json\/wp\/v2\/tags?post=376446"}],"curies":[{"name":"wp","href":"https:\/\/api.w.org\/{rel}","templated":true}]}}