{"id":376448,"date":"2025-09-09T00:11:23","date_gmt":"2025-09-09T00:11:23","guid":{"rendered":"https:\/\/www.europesays.com\/fr\/376448\/"},"modified":"2025-09-09T00:11:23","modified_gmt":"2025-09-09T00:11:23","slug":"meteo-deux-departements-de-lorraine-en-vigilance-orange-pluie-inondation-jusqua-80-mm-attendus-localement","status":"publish","type":"post","link":"https:\/\/www.europesays.com\/fr\/376448\/","title":{"rendered":"M\u00e9t\u00e9o. Deux d\u00e9partements de Lorraine en vigilance orange pluie-inondation : jusqu&rsquo;\u00e0 80 mm attendus\u00a0localement"},"content":{"rendered":"<p>            Par<br \/>\n        <strong><br \/>\n            <a href=\"https:\/\/actu.fr\/auteur\/ninon-oget\" title=\"Consulter tous les articles de Ninon Oget\" target=\"_blank\" rel=\"noopener\">Ninon Oget<\/a><br \/>\n        <\/strong><\/p>\n<p>        Publi\u00e9 le<\/p>\n<p>            8 sept. 2025 \u00e0 12h21        <\/p>\n<p>Apr\u00e8s un <a href=\"https:\/\/actu.fr\/meteo\/grand-soleil-pointes-a-35-c-et-orages-violents-la-meteo-renversante-qui-nous-attend-ce-week-end-en-france_63119814.html\" target=\"_blank\" rel=\"noopener\">week-end ensoleill\u00e9<\/a>, les habitants de la <strong>Moselle<\/strong> et de la <strong>Meurthe-et-Moselle<\/strong> vont devoir sortir leur parapluie : les deux d\u00e9partements lorrains seront en <a href=\"https:\/\/actu.fr\/meteo\/orages-et-fortes-pluies-en-france-ce-lundi-la-vigilance-orange-activee-trentaine-de-departements-en-jaune_63126853.html\" target=\"_blank\" rel=\"noopener\">vigilance orange<\/a> <strong>\u00ab pluie-inondation \u00bb<\/strong> du lundi 8 septembre 20h au mardi 9 septembre 6h. \u00c0 cela, il faut ajouter une alerte jaune \u00ab orages \u00bb d\u00e9j\u00e0 en cours. On fait un point sur les pr\u00e9visions avec Christophe Mertz, m\u00e9t\u00e9orologue chez <a href=\"https:\/\/www.atmo-risk.fr\/\" target=\"_blank\" rel=\"noopener\">Atmo-Risk<\/a>.<\/p>\n<p>\u00ab\u00a0Un gros paquet pluvieux va stagner\u00a0\u00bb sur le nord de la Lorraine<\/p>\n<p class=\" wall-content\">Selon l\u2019expert, un <strong>\u00ab front froid ondulant \u00bb<\/strong>\u00a0va <strong>stagner<\/strong> sur la Lorraine toute la journ\u00e9e de ce lundi jusqu\u2019\u00e0 mardi. Si le front n\u2019est pas tr\u00e8s actif cet apr\u00e8s-midi, il va se r\u00e9activer au sud de la Lorraine en fin de journ\u00e9e.<\/p>\n<p class=\" wall-content\">\u00ab Vers <strong>18h<\/strong>, des <strong>averses<\/strong> vont se d\u00e9clencher sur les Vosges et, rapidement, elles vont se diriger vers le nord de la r\u00e9gion. \u00c7a va se g\u00e9n\u00e9raliser au courant de la soir\u00e9e et, ensuite, un <strong>gros paquet pluvieux va stagner<\/strong> \u00bb, explique M. Mertz.<\/p>\n<p>Jusqu\u2019\u00e0 80 mm de pluie attendus localement<\/p>\n<p class=\" wall-content\">Sur l\u2019ensemble de l\u2019\u00e9pisode pluvieux, il faudra s\u2019attendre \u00e0 des cumuls situ\u00e9s <strong>entre 20 et 40 mm<\/strong> en Lorraine. Toutefois, \u00ab l\u2019axe des pluies va vraiment passer vers Nancy et Metz \u00bb, poursuit le m\u00e9t\u00e9orologue.<\/p>\n<p class=\" wall-content\">Plus localement, les cumuls pourront \u00eatre compris <strong>entre 40 et 80 mm<\/strong>. Les secteurs de Metz, Thionville, la fronti\u00e8re luxembourgeoise, Nancy et le Pays haut devraient \u00eatre particuli\u00e8rement concern\u00e9s.<\/p>\n<p>Inondations, crues, circulation\u2026 La pr\u00e9fecture alerte la population<\/p>\n<p class=\" wall-content\">La pr\u00e9fecture de la Moselle alerte sur de <strong>possibles inondations importantes<\/strong> dans les zones habituellement inondables, des<strong> crues inhabituelles<\/strong> de ruisseaux et foss\u00e9s, des <strong>conditions de circulation difficiles<\/strong> sur le r\u00e9seau secondaire ou encore des <strong>coupures d\u2019\u00e9lectricit\u00e9<\/strong>.<\/p>\n<p>Votre r\u00e9gion, votre actu !<\/p>\n<p>Recevez chaque jour les infos qui comptent pour vous.<\/p>\n<p>\t<a href=\"https:\/\/actu.fr\/newsletter\" class=\"ac-btn ac-btn--corner ac-btn--medium ac-btn--blue800\" target=\"_blank\" rel=\"noopener\">S&rsquo;incrire<\/a><\/p>\n<p class=\" wall-content\">\u00c0 ce titre, les services de l\u2019\u00c9tat invitent la population \u00e0 \u00ab <strong>s\u2019\u00e9loigner des cours d\u2019eaux<\/strong> et des points bas, de rejoindre un point haut ou de s\u2019abriter \u00e0 l\u2019\u00e9tage ; de ne <strong>pas descendre dans les sous-sols<\/strong> ; de ne <strong>pas s\u2019engager sur une route immerg\u00e9e<\/strong>, m\u00eame partiellement ;<strong> d\u2019adapter la vitesse<\/strong> de votre v\u00e9hicule \u00e0 l\u2019\u00e9tat de la chauss\u00e9e et \u00e0 la visibilit\u00e9 \u00bb.<\/p>\n<p class=\" wall-content\">Personnalisez votre actualit\u00e9 en ajoutant vos villes et m\u00e9dias en favori avec <a href=\"https:\/\/moncompte.actu.fr\" title=\"D\u00e9couvez Mon Actu\" rel=\"nofollow noopener\" data-trk=\"{&quot;cta&quot;:{&quot;action&quot;:&quot;https:\\\/\\\/moncompte.actu.fr&quot;,&quot;category&quot;:&quot;mon compte&quot;,&quot;from&quot;:&quot;article footer&quot;,&quot;name&quot;:&quot;Mon actu&quot;,&quot;type&quot;:&quot;cta&quot;}}\" target=\"_blank\">Mon Actu<\/a>.<\/p>\n","protected":false},"excerpt":{"rendered":"Par Ninon Oget Publi\u00e9 le 8 sept. 2025 \u00e0 12h21 Apr\u00e8s un week-end ensoleill\u00e9, les habitants de la&hellip;\n","protected":false},"author":2,"featured_media":376449,"comment_status":"","ping_status":"","sticky":false,"template":"","format":"standard","meta":{"footnotes":""},"categories":[9635],"tags":[1111,11,1777,674,1011,27,775,2487,2357,1702,12,4459,25],"class_list":{"0":"post-376448","1":"post","2":"type-post","3":"status-publish","4":"format-standard","5":"has-post-thumbnail","7":"category-nancy","8":"tag-actu","9":"tag-actualites","10":"tag-eu","11":"tag-europe","12":"tag-fr","13":"tag-france","14":"tag-grand-est","15":"tag-meteo","16":"tag-meteo-france","17":"tag-nancy","18":"tag-news","19":"tag-pluie","20":"tag-republique-francaise"},"share_on_mastodon":{"url":"https:\/\/pubeurope.com\/@fr\/115171444961534932","error":""},"_links":{"self":[{"href":"https:\/\/www.europesays.com\/fr\/wp-json\/wp\/v2\/posts\/376448","targetHints":{"allow":["GET"]}}],"collection":[{"href":"https:\/\/www.europesays.com\/fr\/wp-json\/wp\/v2\/posts"}],"about":[{"href":"https:\/\/www.europesays.com\/fr\/wp-json\/wp\/v2\/types\/post"}],"author":[{"embeddable":true,"href":"https:\/\/www.europesays.com\/fr\/wp-json\/wp\/v2\/users\/2"}],"replies":[{"embeddable":true,"href":"https:\/\/www.europesays.com\/fr\/wp-json\/wp\/v2\/comments?post=376448"}],"version-history":[{"count":0,"href":"https:\/\/www.europesays.com\/fr\/wp-json\/wp\/v2\/posts\/376448\/revisions"}],"wp:featuredmedia":[{"embeddable":true,"href":"https:\/\/www.europesays.com\/fr\/wp-json\/wp\/v2\/media\/376449"}],"wp:attachment":[{"href":"https:\/\/www.europesays.com\/fr\/wp-json\/wp\/v2\/media?parent=376448"}],"wp:term":[{"taxonomy":"category","embeddable":true,"href":"https:\/\/www.europesays.com\/fr\/wp-json\/wp\/v2\/categories?post=376448"},{"taxonomy":"post_tag","embeddable":true,"href":"https:\/\/www.europesays.com\/fr\/wp-json\/wp\/v2\/tags?post=376448"}],"curies":[{"name":"wp","href":"https:\/\/api.w.org\/{rel}","templated":true}]}}