{"id":376453,"date":"2025-09-09T00:14:21","date_gmt":"2025-09-09T00:14:21","guid":{"rendered":"https:\/\/www.europesays.com\/fr\/376453\/"},"modified":"2025-09-09T00:14:21","modified_gmt":"2025-09-09T00:14:21","slug":"laeroclub-de-montpellier-ouvre-ses-portes-au-public","status":"publish","type":"post","link":"https:\/\/www.europesays.com\/fr\/376453\/","title":{"rendered":"L&rsquo;A\u00e9roclub de Montpellier ouvre ses portes au public"},"content":{"rendered":"<p>\t\t\t\t\t\t\t\t50 ans de passion<\/p>\n<p>Le samedi 13 septembre, l\u2019A\u00e9roclub de Montpellier c\u00e9l\u00e8brera un demi-si\u00e8cle de passion pour l\u2019aviation. Une JPO est organis\u00e9e de <strong>15h \u00e0 17h<\/strong>, pour offrir une occasion unique de d\u00e9couvrir le monde de l\u2019a\u00e9ronautique et les carri\u00e8res qu\u2019il propose.<\/p>\n<p><strong>A la d\u00e9couverte du monde de l\u2019a\u00e9ronautique<\/strong><\/p>\n<p><strong>Fond\u00e9 sur une \u00e9quipe 100% b\u00e9n\u00e9vole<\/strong>, l\u2019A\u00e9roclub de Montpellier a pour mission de rendre le vol accessible au plus grand nombre et d\u2019\u00e9veiller les jeunes aux m\u00e9tiers de l\u2019a\u00e9ronautique. Son pr\u00e9sident, Pierre Sartre, souligne le r\u00f4le primordial des a\u00e9roclubs dans la formation des futurs pilotes civils, commerciaux et militaires.<\/p>\n<p>De nombreux anciens \u00e9l\u00e8ves, aujourd\u2019hui pilotes de ligne, contr\u00f4leurs a\u00e9riens ou ing\u00e9nieurs, t\u00e9moignent du r\u00f4le d\u00e9terminant de l\u2019a\u00e9roclub dans leur parcours. Pour J\u00e9r\u00e9my Charignon, commandant de bord, les a\u00e9roclubs sont m\u00eame une \u00ab\u00a0marche quasi indispensable\u00a0\u00bb \u00e0 la formation des pilotes de ligne en France.<\/p>\n<p>Programme de la journ\u00e9e portes ouvertes<\/p>\n<p>Tout l\u2019apr\u00e8s-midi, le public pourra explorer le site et en apprendre plus sur les formations et services propos\u00e9s par l\u2019a\u00e9roclub. L\u2019Arm\u00e9e de l\u2019air sera \u00e9galement pr\u00e9sente avec un stand. Les visiteurs pourront tenter leur chance \u00e0 la tombola pour <strong>remporter des bapt\u00eames de l\u2019air<\/strong> et peut-\u00eatre, s\u2019envoler vers une nouvelle vocation.<\/p>\n<p>Adresse : 130 rue Maryse Hilsz,\u00a0A\u00e9roport International de Montpellier M\u00e9diterran\u00e9e, 34130 Mauguio<\/p>\n<blockquote class=\"instagram-media\" style=\"background: #FFF; border: 0; border-radius: 3px; box-shadow: 0 0 1px 0 rgba(0,0,0,0.5),0 1px 10px 0 rgba(0,0,0,0.15); margin: 1px; max-width: 540px; min-width: 326px; padding: 0; width: calc(100% - 2px);\" data-instgrm-captioned=\"\" data-instgrm-permalink=\"https:\/\/www.instagram.com\/p\/DJjp-GUoppm\/?utm_source=ig_embed&amp;utm_campaign=loading\" data-instgrm-version=\"14\">\n<\/blockquote>\n<p>\t\t\t\t\t\t\t\t\t\t\t\t\t\t\t<script async src=\"\/\/www.instagram.com\/embed.js\"><\/script><\/p>\n","protected":false},"excerpt":{"rendered":"50 ans de passion Le samedi 13 septembre, l\u2019A\u00e9roclub de Montpellier c\u00e9l\u00e8brera un demi-si\u00e8cle de passion pour l\u2019aviation.&hellip;\n","protected":false},"author":2,"featured_media":376454,"comment_status":"","ping_status":"","sticky":false,"template":"","format":"standard","meta":{"footnotes":""},"categories":[9599],"tags":[1111,11,1777,674,1011,27,2208,12,2680,25],"class_list":{"0":"post-376453","1":"post","2":"type-post","3":"status-publish","4":"format-standard","5":"has-post-thumbnail","7":"category-montpellier","8":"tag-actu","9":"tag-actualites","10":"tag-eu","11":"tag-europe","12":"tag-fr","13":"tag-france","14":"tag-montpellier","15":"tag-news","16":"tag-occitanie","17":"tag-republique-francaise"},"share_on_mastodon":{"url":"https:\/\/pubeurope.com\/@fr\/115171456758763587","error":""},"_links":{"self":[{"href":"https:\/\/www.europesays.com\/fr\/wp-json\/wp\/v2\/posts\/376453","targetHints":{"allow":["GET"]}}],"collection":[{"href":"https:\/\/www.europesays.com\/fr\/wp-json\/wp\/v2\/posts"}],"about":[{"href":"https:\/\/www.europesays.com\/fr\/wp-json\/wp\/v2\/types\/post"}],"author":[{"embeddable":true,"href":"https:\/\/www.europesays.com\/fr\/wp-json\/wp\/v2\/users\/2"}],"replies":[{"embeddable":true,"href":"https:\/\/www.europesays.com\/fr\/wp-json\/wp\/v2\/comments?post=376453"}],"version-history":[{"count":0,"href":"https:\/\/www.europesays.com\/fr\/wp-json\/wp\/v2\/posts\/376453\/revisions"}],"wp:featuredmedia":[{"embeddable":true,"href":"https:\/\/www.europesays.com\/fr\/wp-json\/wp\/v2\/media\/376454"}],"wp:attachment":[{"href":"https:\/\/www.europesays.com\/fr\/wp-json\/wp\/v2\/media?parent=376453"}],"wp:term":[{"taxonomy":"category","embeddable":true,"href":"https:\/\/www.europesays.com\/fr\/wp-json\/wp\/v2\/categories?post=376453"},{"taxonomy":"post_tag","embeddable":true,"href":"https:\/\/www.europesays.com\/fr\/wp-json\/wp\/v2\/tags?post=376453"}],"curies":[{"name":"wp","href":"https:\/\/api.w.org\/{rel}","templated":true}]}}