{"id":376455,"date":"2025-09-09T00:15:19","date_gmt":"2025-09-09T00:15:19","guid":{"rendered":"https:\/\/www.europesays.com\/fr\/376455\/"},"modified":"2025-09-09T00:15:19","modified_gmt":"2025-09-09T00:15:19","slug":"il-tente-de-voler-un-velo-chez-decathlon-a-montpellier-jen-avais-marre-de-marcher-explique-t-il-aux-policiers","status":"publish","type":"post","link":"https:\/\/www.europesays.com\/fr\/376455\/","title":{"rendered":"Il tente de voler un v\u00e9lo chez D\u00e9cathlon \u00e0 Montpellier\u00a0: \u00ab\u00a0J\u2019en avais marre de marcher\u00a0\u00bb&lsquo;, explique-t-il aux policiers"},"content":{"rendered":"<p>\n                                                                Faisant mine d\u2019essayer un v\u00e9lo \u00e9lectrique d\u2019une valeur de 3\u00a0000\u00a0\u20ac, cet homme de 40 ans a franchi les portiques de s\u00e9curit\u00e9, avant d\u2019\u00eatre intercept\u00e9 par des agents de s\u00e9curit\u00e9. Il avait \u00e9galement emport\u00e9 un sac \u00e0 dos rempli d\u2019accessoires, pour un montant de plus de 1\u00a0000\u00a0\u20ac.\n                            <\/p>\n<p>Une explication aussi franche que d\u00e9routante. \u00ab\u00a0J\u2019en avais marre de marcher\u00a0\u00bb, s\u2019est justifi\u00e9 un homme de 40 ans, interpell\u00e9 apr\u00e8s avoir <a href=\"https:\/\/www.midilibre.fr\/2023\/08\/03\/il-tente-de-voler-un-velo-electrique-chez-decathlon-odysseum-a-montpellier-11376536.php\" target=\"_blank\" rel=\"nofollow noopener\">tent\u00e9 de voler un v\u00e9lo \u00e9lectrique <\/a>d\u2019une valeur de 3\u00a0000\u00a0\u20ac, samedi 6\u00a0septembre vers 19\u00a0h au magasin D\u00e9cathlon du centre commercial Odysseum, \u00e0 Montpellier.<\/p>\n<p>Intercept\u00e9 le parking<\/p>\n<p>Faisant mine d\u2019essayer le deux-roues, le quadrag\u00e9naire a roul\u00e9 jusqu\u2019aux portiques de s\u00e9curit\u00e9. C\u2019est sur le parking que des agents de s\u00e9curit\u00e9 l\u2019ont intercept\u00e9, le priant de rentrer, ce qu\u2019il a fait sans r\u00e9sistance.<\/p>\n<p>Un sac \u00e0 dos rempli d\u2019accessoires<\/p>\n<p>Le mis en cause avait \u00e9galement emport\u00e9 un sac \u00e0 dos, choisi dans un rayon, et l\u2019avait rempli de divers accessoires cyclistes (pompe \u00e0 v\u00e9lo, chambre \u00e0 air, kit de r\u00e9paration), ainsi que d\u2019articles divers, dont il a reconnu ne pas avoir sp\u00e9cialement besoin. En tout, 41 produits pour une facture totale de plus de 1\u00a0000\u00a0\u20ac.<\/p>\n<p>La police nationale est intervenue. Plac\u00e9 en garde \u00e0 vue puis lib\u00e9r\u00e9, l\u2019individu fait l\u2019objet d\u2019une interdiction de para\u00eetre au centre commercial Odysseum. Les articles, eux, ont \u00e9t\u00e9 restitu\u00e9s \u00e0 l\u2019enseigne.<\/p>\n","protected":false},"excerpt":{"rendered":"Faisant mine d\u2019essayer un v\u00e9lo \u00e9lectrique d\u2019une valeur de 3\u00a0000\u00a0\u20ac, cet homme de 40 ans a franchi les&hellip;\n","protected":false},"author":2,"featured_media":376456,"comment_status":"","ping_status":"","sticky":false,"template":"","format":"standard","meta":{"footnotes":""},"categories":[9599],"tags":[1111,11,1777,674,1011,27,2208,12,2680,25],"class_list":{"0":"post-376455","1":"post","2":"type-post","3":"status-publish","4":"format-standard","5":"has-post-thumbnail","7":"category-montpellier","8":"tag-actu","9":"tag-actualites","10":"tag-eu","11":"tag-europe","12":"tag-fr","13":"tag-france","14":"tag-montpellier","15":"tag-news","16":"tag-occitanie","17":"tag-republique-francaise"},"share_on_mastodon":{"url":"https:\/\/pubeurope.com\/@fr\/115171460624899031","error":""},"_links":{"self":[{"href":"https:\/\/www.europesays.com\/fr\/wp-json\/wp\/v2\/posts\/376455","targetHints":{"allow":["GET"]}}],"collection":[{"href":"https:\/\/www.europesays.com\/fr\/wp-json\/wp\/v2\/posts"}],"about":[{"href":"https:\/\/www.europesays.com\/fr\/wp-json\/wp\/v2\/types\/post"}],"author":[{"embeddable":true,"href":"https:\/\/www.europesays.com\/fr\/wp-json\/wp\/v2\/users\/2"}],"replies":[{"embeddable":true,"href":"https:\/\/www.europesays.com\/fr\/wp-json\/wp\/v2\/comments?post=376455"}],"version-history":[{"count":0,"href":"https:\/\/www.europesays.com\/fr\/wp-json\/wp\/v2\/posts\/376455\/revisions"}],"wp:featuredmedia":[{"embeddable":true,"href":"https:\/\/www.europesays.com\/fr\/wp-json\/wp\/v2\/media\/376456"}],"wp:attachment":[{"href":"https:\/\/www.europesays.com\/fr\/wp-json\/wp\/v2\/media?parent=376455"}],"wp:term":[{"taxonomy":"category","embeddable":true,"href":"https:\/\/www.europesays.com\/fr\/wp-json\/wp\/v2\/categories?post=376455"},{"taxonomy":"post_tag","embeddable":true,"href":"https:\/\/www.europesays.com\/fr\/wp-json\/wp\/v2\/tags?post=376455"}],"curies":[{"name":"wp","href":"https:\/\/api.w.org\/{rel}","templated":true}]}}