{"id":376461,"date":"2025-09-09T00:18:40","date_gmt":"2025-09-09T00:18:40","guid":{"rendered":"https:\/\/www.europesays.com\/fr\/376461\/"},"modified":"2025-09-09T00:18:40","modified_gmt":"2025-09-09T00:18:40","slug":"grenoble-badaboom-le-mini-festival-pour-les-familles-le-13-septembre","status":"publish","type":"post","link":"https:\/\/www.europesays.com\/fr\/376461\/","title":{"rendered":"Grenoble. Badaboom, le mini-festival pour les familles le 13\u00a0septembre"},"content":{"rendered":"<p>Tohu Bohu, l\u2019association qui fait bouger les lignes de la parentalit\u00e9, et Le Minimistan s\u2019unissent pour une journ\u00e9e. V\u00e9ritable mini-festival pour les familles, Badaboom met \u00e0 l\u2019honneur les tribus en tout genre et embarque petits et grands dans un joyeux tourbillon de rires, d\u2019\u00e9motion et de partages. Un pas plus loin , con\u00e7u pour les 0-3 ans \u00e0 10 et 11 heures\u00a0; corridor \u00e9cologique sonore, d\u00e9ambulation marionnett\u00e9e musicale et participative, inspir\u00e9e des f\u00eates populaires br\u00e9siliennes\u00a0; atelier cabinet de curiosit\u00e9s avec l\u2019Ebullarium\u00a0; un DJ set pour faire bouger enfants et parents. Tout au long de la journ\u00e9e\u00a0: atelier de cr\u00e9ation d\u2019avions en papier, grands jeux, maquillage paillettes, espace chill pour les tout-petits, Twister g\u00e9ant, coin lecture\u2026<\/p>\n<p class=\"note\">Samedi 13\u00a0septembre de 10 \u00e0 18 heures au Minimistan. Gratuit sauf les spectacles du matin. www.icitohubohu.fr<\/p>\n","protected":false},"excerpt":{"rendered":"Tohu Bohu, l\u2019association qui fait bouger les lignes de la parentalit\u00e9, et Le Minimistan s\u2019unissent pour une journ\u00e9e.&hellip;\n","protected":false},"author":2,"featured_media":376462,"comment_status":"","ping_status":"","sticky":false,"template":"","format":"standard","meta":{"footnotes":""},"categories":[9566],"tags":[1111,11,2430,1687,112,1777,674,1011,27,2731,2732,12,25],"class_list":{"0":"post-376461","1":"post","2":"type-post","3":"status-publish","4":"format-standard","5":"has-post-thumbnail","7":"category-grenoble","8":"tag-actu","9":"tag-actualites","10":"tag-auvergne-rhone-alpes","11":"tag-culture-loisirs","12":"tag-edition-grenoble-agglomeration","13":"tag-eu","14":"tag-europe","15":"tag-fr","16":"tag-france","17":"tag-grenoble","18":"tag-grenoble-bassin","19":"tag-news","20":"tag-republique-francaise"},"share_on_mastodon":{"url":"https:\/\/pubeurope.com\/@fr\/115171472600504763","error":""},"_links":{"self":[{"href":"https:\/\/www.europesays.com\/fr\/wp-json\/wp\/v2\/posts\/376461","targetHints":{"allow":["GET"]}}],"collection":[{"href":"https:\/\/www.europesays.com\/fr\/wp-json\/wp\/v2\/posts"}],"about":[{"href":"https:\/\/www.europesays.com\/fr\/wp-json\/wp\/v2\/types\/post"}],"author":[{"embeddable":true,"href":"https:\/\/www.europesays.com\/fr\/wp-json\/wp\/v2\/users\/2"}],"replies":[{"embeddable":true,"href":"https:\/\/www.europesays.com\/fr\/wp-json\/wp\/v2\/comments?post=376461"}],"version-history":[{"count":0,"href":"https:\/\/www.europesays.com\/fr\/wp-json\/wp\/v2\/posts\/376461\/revisions"}],"wp:featuredmedia":[{"embeddable":true,"href":"https:\/\/www.europesays.com\/fr\/wp-json\/wp\/v2\/media\/376462"}],"wp:attachment":[{"href":"https:\/\/www.europesays.com\/fr\/wp-json\/wp\/v2\/media?parent=376461"}],"wp:term":[{"taxonomy":"category","embeddable":true,"href":"https:\/\/www.europesays.com\/fr\/wp-json\/wp\/v2\/categories?post=376461"},{"taxonomy":"post_tag","embeddable":true,"href":"https:\/\/www.europesays.com\/fr\/wp-json\/wp\/v2\/tags?post=376461"}],"curies":[{"name":"wp","href":"https:\/\/api.w.org\/{rel}","templated":true}]}}