{"id":376474,"date":"2025-09-09T00:25:14","date_gmt":"2025-09-09T00:25:14","guid":{"rendered":"https:\/\/www.europesays.com\/fr\/376474\/"},"modified":"2025-09-09T00:25:14","modified_gmt":"2025-09-09T00:25:14","slug":"ce-nest-que-le-debut-le-pot-de-depart-de-francois-bayrou-celebre-ce-lundi-soir-a-antibes","status":"publish","type":"post","link":"https:\/\/www.europesays.com\/fr\/376474\/","title":{"rendered":"\u00ab\u00a0Ce n\u2019est que le d\u00e9but\u00a0\u00bb: le \u00ab\u00a0pot de d\u00e9part\u00a0\u00bb de Fran\u00e7ois Bayrou c\u00e9l\u00e9br\u00e9 ce lundi soir \u00e0 Antibes"},"content":{"rendered":"<p>\u00c0 19h, au moment de l\u2019annonce, le bouchon a saut\u00e9! Pop, fini, le gouvernement Bayrou. \u00c0 l\u2019appel des dirigeants locaux de La France insoumise (LFI), une trentaine de personnes sont rassembl\u00e9es, ce lundi soir, devant la mairie d\u2019Antibes.<\/p>\n<p>Un verre de champagne ou de bi\u00e8re (voire de jus d\u2019orange, pour les plus raisonnables), un air de fl\u00fbte, deux casseroles et quelques petits amuse-bouche \u00e0 grignoter&#8230; Ils sont venus \u00e9quip\u00e9s pour c\u00e9l\u00e9brer le \u00ab\u00a0pot de d\u00e9part\u00a0\u00bb de Fran\u00e7ois Bayrou, quelques minutes apr\u00e8s l\u2019issue du vote de confiance, qui a tourn\u00e9 en d\u00e9faveur du Premier ministre. \u00ab\u00a0On est ravi, mais c\u2019est juste une \u00e9tape franchie. Ce n\u2019est que le d\u00e9but, assure Adrien Nouet\u00a0\u00bb militant LFI.<\/p>\n<p>Pointant une proposition de budget \u00ab\u00a0compl\u00e8tement affreuse, avec ces 40 milliards d\u2019\u00e9conomie dans les ressources publiques\u00a0\u00bb, il vise plus loin. Et attend, ce mardi, la motion de destitution du Pr\u00e9sident de la R\u00e9publique, Emmanuel Macron: \u00ab\u00a0On ne voit pas comment un gouvernement progressiste peut \u00eatre mis en place sans son d\u00e9part.\u00a0\u00bb<\/p>\n<p>\u00ab\u00a0Maintenant, c\u2019est Macron qui est dans la ligne en mire\u00a0\u00bb<\/p>\n<p>Pr\u00e9sent lors du rassemblement, Jean-Pierre ne dit pas autre chose: \u00ab\u00a0Ce d\u00e9part [de Fran\u00e7ois Bayrou] nous enfonce un peu plus dans une crise qui infuse depuis un moment maintenant, estime-t-il. Maintenant, c\u2019est Macron qui est dans la ligne de mire.\u00a0\u00bb<\/p>\n<p>Pour les pr\u00e9sents, hier, repr\u00e9sentants CGT en t\u00eate, un \u00ab\u00a0tour de chauffe\u00a0\u00bb avant les rassemblements massifs pr\u00e9vus mercredi, dans le cadre du mouvement \u00ab\u00a0Bloquons tout.\u00a0\u00bb \u00ab\u00a0On esp\u00e8re une mobilisation la plus large possible. \u00c7a doit bouger\u00a0\u00bb conclut Adrien Nouet. \u00c0 noter qu\u2019un rassemblement similaire se tient \u00e0 proximit\u00e9 de la mairie de Cannes, en ce moment.<\/p>\n","protected":false},"excerpt":{"rendered":"\u00c0 19h, au moment de l\u2019annonce, le bouchon a saut\u00e9! Pop, fini, le gouvernement Bayrou. \u00c0 l\u2019appel des&hellip;\n","protected":false},"author":2,"featured_media":376475,"comment_status":"","ping_status":"","sticky":false,"template":"","format":"standard","meta":{"footnotes":""},"categories":[2819],"tags":[1111,11,1777,674,1011,27,802,12,2401,882,25,801],"class_list":{"0":"post-376474","1":"post","2":"type-post","3":"status-publish","4":"format-standard","5":"has-post-thumbnail","7":"category-nice","8":"tag-actu","9":"tag-actualites","10":"tag-eu","11":"tag-europe","12":"tag-fr","13":"tag-france","14":"tag-greves-et-mouvements-sociaux","15":"tag-news","16":"tag-nice","17":"tag-provence-alpes-cote-dazur","18":"tag-republique-francaise","19":"tag-social"},"share_on_mastodon":{"url":"https:\/\/pubeurope.com\/@fr\/115171499863430249","error":""},"_links":{"self":[{"href":"https:\/\/www.europesays.com\/fr\/wp-json\/wp\/v2\/posts\/376474","targetHints":{"allow":["GET"]}}],"collection":[{"href":"https:\/\/www.europesays.com\/fr\/wp-json\/wp\/v2\/posts"}],"about":[{"href":"https:\/\/www.europesays.com\/fr\/wp-json\/wp\/v2\/types\/post"}],"author":[{"embeddable":true,"href":"https:\/\/www.europesays.com\/fr\/wp-json\/wp\/v2\/users\/2"}],"replies":[{"embeddable":true,"href":"https:\/\/www.europesays.com\/fr\/wp-json\/wp\/v2\/comments?post=376474"}],"version-history":[{"count":0,"href":"https:\/\/www.europesays.com\/fr\/wp-json\/wp\/v2\/posts\/376474\/revisions"}],"wp:featuredmedia":[{"embeddable":true,"href":"https:\/\/www.europesays.com\/fr\/wp-json\/wp\/v2\/media\/376475"}],"wp:attachment":[{"href":"https:\/\/www.europesays.com\/fr\/wp-json\/wp\/v2\/media?parent=376474"}],"wp:term":[{"taxonomy":"category","embeddable":true,"href":"https:\/\/www.europesays.com\/fr\/wp-json\/wp\/v2\/categories?post=376474"},{"taxonomy":"post_tag","embeddable":true,"href":"https:\/\/www.europesays.com\/fr\/wp-json\/wp\/v2\/tags?post=376474"}],"curies":[{"name":"wp","href":"https:\/\/api.w.org\/{rel}","templated":true}]}}