{"id":37649,"date":"2025-04-20T01:13:06","date_gmt":"2025-04-20T01:13:06","guid":{"rendered":"https:\/\/www.europesays.com\/fr\/37649\/"},"modified":"2025-04-20T01:13:06","modified_gmt":"2025-04-20T01:13:06","slug":"gros-dispositif-de-police-deploye-dans-ce-quartier","status":"publish","type":"post","link":"https:\/\/www.europesays.com\/fr\/37649\/","title":{"rendered":"gros dispositif de police d\u00e9ploy\u00e9 dans ce quartier"},"content":{"rendered":"<p>            Par<br \/>\n        <strong><br \/>\n            <a href=\"https:\/\/actu.fr\/auteur\/julien-sournies\" title=\"Consulter tous les articles de Julien Sournies\" target=\"_blank\" rel=\"noopener\">Julien Sournies<\/a><br \/>\n        <\/strong><\/p>\n<p>        Publi\u00e9 le<\/p>\n<p>            16 avr. 2025 \u00e0 13h52<br \/>\n        ; mis \u00e0 jour le 16 avr. 2025 \u00e0 14h13    <\/p>\n<p><strong>MISE \u00c0 JOUR<\/strong> : mercredi 16 avril 14h10 : Selon le procureur adjoint de la R\u00e9publique de Grenoble, trois individus auraient tir\u00e9 dans la porte d\u2019un appartement \u00e0 l\u2019aide d\u2019un fusil \u00e0 pompe. C\u2019est en sortant de l\u2019immeuble que les trois personnes ont \u00e9t\u00e9 la cible de coups de feu. Parmi les trois protagonistes, l\u2019un des tireurs a \u00e9t\u00e9 reconnu par des t\u00e9moins. Il est actuellement en garde \u00e0 vue. Toujours d\u2019apr\u00e8s le procureur adjoint, les jours de la victime transport\u00e9e d\u2019urgence \u00e0 l\u2019h\u00f4pital ne sont plus en danger.\u00a0<\/p>\n<p class=\" wall-content\">Le quartier de la Villeneuve, au sud de <a href=\"https:\/\/actu.fr\/grenoble\/\" target=\"_blank\" rel=\"noopener\">Grenoble<\/a> (<a href=\"https:\/\/actu.fr\/auvergne-rhone-alpes\/isere_38\" target=\"_blank\" rel=\"noopener\">Is\u00e8re<\/a>), a de nouveau \u00e9t\u00e9 le th\u00e9\u00e2tre de coups de feu.<\/p>\n<p class=\" wall-content\">Un homme de 45\u00a0ans a \u00e9t\u00e9 <strong>gri\u00e8vement bless\u00e9 par balle<\/strong> ce mercredi 16\u00a0avril 2025 aux alentours de midi au niveau du 50 galerie de l\u2019Arlequin, apprend actu Grenoble de source polici\u00e8re, confirmant une information du <a href=\"https:\/\/c.ledauphine.com\/faits-divers-justice\/2025\/04\/16\/un-homme-blesse-par-balle-dans-le-quartier-de-la-villeneuve\" target=\"_blank\" rel=\"noopener\">Dauphin\u00e9 Lib\u00e9r\u00e9<\/a>.<\/p>\n<p>Transport\u00e9 dans un \u00e9tat grave \u00e0 l\u2019h\u00f4pital<\/p>\n<p class=\" wall-content\">D\u00e9p\u00each\u00e9s sur les lieux, les sapeurs-pompiers ont retrouv\u00e9 la victime au sein de son v\u00e9hicule. Prise en charge par les secours, elle a \u00e9t\u00e9 <strong>transport\u00e9e d\u2019urgence<\/strong> vers le service d\u00e9chocage du CHU Grenoble Alpes.<\/p>\n<p>    <a href=\"https:\/\/www.google.com\/maps\/embed?pb=!1m14!1m8!1m3!1d4483.389209490476!2d5.731451!3d45.164684!3m2!1i1024!2i768!4f13.1!3m3!1m2!1s0x478af4c8bd61c6cb%3A0xa3cbd9338a5a9f18!2s50%20Gal%20de%20l%27Arlequin%2C%2038100%20Grenoble%2C%20France!5e1!3m2!1sfr!2sus!4v1744804000869!5m2!1sfr!2sus\" title=\"Ouvrie le lien\" target=\"_blank\" rel=\"noopener\">Cliquez ici pour visualiser le contenu<\/a><\/p>\n<p>Vid\u00e9os : en ce moment sur Actu<\/p>\n<p class=\" wall-content\">Pour l\u2019heure, \u00ab\u2009un nombre important de policiers sont actuellement sur place\u2009\u00bb, nous informe-t-on. Un p\u00e9rim\u00e8tre de s\u00e9curit\u00e9 a par ailleurs \u00e9t\u00e9 mis en place. Pour mettre la lumi\u00e8re sur ce drame, une <strong>enqu\u00eate a \u00e9t\u00e9 ouverte<\/strong>.<\/p>\n<p class=\" wall-content\">Suivez toute l\u2019actualit\u00e9 de vos villes et m\u00e9dias favoris en vous inscrivant \u00e0 <a href=\"https:\/\/moncompte.actu.fr\" title=\"D\u00e9couvez Mon Actu\" rel=\"nofollow noopener\" data-trk=\"{&quot;cta&quot;:{&quot;action&quot;:&quot;https:\\\/\\\/moncompte.actu.fr&quot;,&quot;category&quot;:&quot;mon compte&quot;,&quot;from&quot;:&quot;article footer&quot;,&quot;name&quot;:&quot;Mon actu&quot;,&quot;type&quot;:&quot;cta&quot;}}\" target=\"_blank\">Mon Actu<\/a>.<\/p>\n","protected":false},"excerpt":{"rendered":"Par Julien Sournies Publi\u00e9 le 16 avr. 2025 \u00e0 13h52 ; mis \u00e0 jour le 16 avr. 2025&hellip;\n","protected":false},"author":2,"featured_media":23988,"comment_status":"","ping_status":"","sticky":false,"template":"","format":"standard","meta":{"footnotes":""},"categories":[9566],"tags":[1111,11,2430,1777,674,118,1011,27,2731,2825,12,1072,25],"class_list":{"0":"post-37649","1":"post","2":"type-post","3":"status-publish","4":"format-standard","5":"has-post-thumbnail","7":"category-grenoble","8":"tag-actu","9":"tag-actualites","10":"tag-auvergne-rhone-alpes","11":"tag-eu","12":"tag-europe","13":"tag-faits-divers","14":"tag-fr","15":"tag-france","16":"tag-grenoble","17":"tag-insecurite","18":"tag-news","19":"tag-police","20":"tag-republique-francaise"},"share_on_mastodon":{"url":"https:\/\/pubeurope.com\/@fr\/114367640727481246","error":""},"_links":{"self":[{"href":"https:\/\/www.europesays.com\/fr\/wp-json\/wp\/v2\/posts\/37649","targetHints":{"allow":["GET"]}}],"collection":[{"href":"https:\/\/www.europesays.com\/fr\/wp-json\/wp\/v2\/posts"}],"about":[{"href":"https:\/\/www.europesays.com\/fr\/wp-json\/wp\/v2\/types\/post"}],"author":[{"embeddable":true,"href":"https:\/\/www.europesays.com\/fr\/wp-json\/wp\/v2\/users\/2"}],"replies":[{"embeddable":true,"href":"https:\/\/www.europesays.com\/fr\/wp-json\/wp\/v2\/comments?post=37649"}],"version-history":[{"count":0,"href":"https:\/\/www.europesays.com\/fr\/wp-json\/wp\/v2\/posts\/37649\/revisions"}],"wp:featuredmedia":[{"embeddable":true,"href":"https:\/\/www.europesays.com\/fr\/wp-json\/wp\/v2\/media\/23988"}],"wp:attachment":[{"href":"https:\/\/www.europesays.com\/fr\/wp-json\/wp\/v2\/media?parent=37649"}],"wp:term":[{"taxonomy":"category","embeddable":true,"href":"https:\/\/www.europesays.com\/fr\/wp-json\/wp\/v2\/categories?post=37649"},{"taxonomy":"post_tag","embeddable":true,"href":"https:\/\/www.europesays.com\/fr\/wp-json\/wp\/v2\/tags?post=37649"}],"curies":[{"name":"wp","href":"https:\/\/api.w.org\/{rel}","templated":true}]}}