{"id":376493,"date":"2025-09-09T00:36:24","date_gmt":"2025-09-09T00:36:24","guid":{"rendered":"https:\/\/www.europesays.com\/fr\/376493\/"},"modified":"2025-09-09T00:36:24","modified_gmt":"2025-09-09T00:36:24","slug":"lancer-des-haches-en-famille-chez-lhachez-vous","status":"publish","type":"post","link":"https:\/\/www.europesays.com\/fr\/376493\/","title":{"rendered":"lancer des haches en famille chez l&rsquo;Hachez-vous!"},"content":{"rendered":"<p>\t\t\t\t\t\t\t\tDepuis quelques ann\u00e9es, l\u2019activit\u00e9 cartonne partout en France et tout particuli\u00e8rement \u00e0 Lyon. On lance des haches avec ses coll\u00e8gues de travail, ses amis pour un EVG, etc. <a href=\"https:\/\/lyon.citycrunch.fr\/on-a-teste-le-lancer-de-hache\/2018\/02\/15\/\" target=\"_blank\" rel=\"noopener nofollow\">Les copains de CityCrunch l\u2019avaient d\u2019ailleurs test\u00e9e \u00e0 son lancement<\/a>. Mais les enfants \u00e9taient jusque l\u00e0 totalement mis \u00e0 l\u2019\u00e9cart et ils ne pouvaient m\u00eame pas s\u2019approcher du pas de tir. Les choses sont d\u00e9sormais diff\u00e9rentes et il n\u2019y a plus de raison de faire garder les kids pendant qu\u2019on s\u2019adonne \u00e0 cette activit\u00e9 qui peut sembler loufoque et r\u00e9gressive mais qui n\u2019est finalement pas si facile que \u00e7a! On s\u2019est donc rendus rue de l\u2019\u00e9p\u00e9e (\u00e7a ne s\u2019invente pas!) pour tester le lancer de haches en famille: alors, petits et grands, l\u2019hachez-vous!<br \/>\n<img data-recalc-dims=\"1\" fetchpriority=\"high\" decoding=\"async\" class=\"alignnone size-large wp-image-22855\" src=\"https:\/\/www.europesays.com\/fr\/wp-content\/uploads\/2025\/09\/IMG_8474.jpg\" alt=\"\" width=\"1160\" height=\"1344\"  \/><br \/>\nC\u2019est parti pour du b\u00fbcheronnage ludique !<\/p>\n<p>Nous sommes accueillis dans des locaux o\u00f9 le bois domine clairement. L\u2019ambiance un peu canadienne est au rendez-vous avec les <strong>chemises \u00e0 carreaux<\/strong> qu\u2019on peut enfiler pendant l\u2019activit\u00e9, ainsi que les <strong>casques \u00e0 cornes, fa\u00e7on nordique<\/strong>! Et la playlist est elle aussi adapt\u00e9e, on est en mode un peu bourrin\/m\u00e9tal\/viking: c\u2019est raccord avec l\u2019ensemble! Les explications sont claires et concises, mais on comprend qu\u2019il va falloir trouver le coup de main, affiner sa technique et compter un peu sur la chance pour faire des scores corrects! On se pr\u00e9sente donc devant les cibles qui sont au bout de<strong> pistes enti\u00e8rement grillag\u00e9es et s\u00e9curis\u00e9es<\/strong>: aucun risque de se prendre une \u2018hache perdue\u2019 des voisins!<\/p>\n<p><img loading=\"lazy\" data-recalc-dims=\"1\" decoding=\"async\" class=\"alignnone size-large wp-image-22852\" src=\"https:\/\/www.europesays.com\/fr\/wp-content\/uploads\/2025\/09\/IMG_8468.jpg\" alt=\"\" width=\"1160\" height=\"1396\"  \/><\/p>\n<p>2 modes de jeu pour les marmots<\/p>\n<p>Pour les<strong> 6 ans et plus<\/strong>, ce sont des <strong>cibles et hachettes sp\u00e9ciales<\/strong> qui sont pr\u00e9vues: les plus petits peuvent se d\u00e9fouler tout en se concentrant sur leur objectif. Le geste ne peut pas s\u2019improviser : il faut bien d\u00e9rouler le bras et l\u00e2cher l\u2019objet au bon moment et avec la force qui convient. Un peu plus exigeant qu\u2019une partie de fl\u00e9chettes! Tout au long de la partie, on compte les points et <strong>on se challenge sur son adresse et sa pr\u00e9cision<\/strong>\u2026<\/p>\n<p><img loading=\"lazy\" data-recalc-dims=\"1\" decoding=\"async\" class=\"alignnone size-large wp-image-22853\" src=\"https:\/\/www.europesays.com\/fr\/wp-content\/uploads\/2025\/09\/IMG_8471.jpg\" alt=\"\" width=\"1160\" height=\"1227\"  \/> Pour les <strong>8 ans et plus<\/strong>, on dit adieu au plastique et on passe \u00e0 l\u2019objet le plus fantasm\u00e9 de l\u2019exp\u00e9rience, celui qui va<strong> r\u00e9veiller les ninjas<\/strong> qui sommeillent en nos marmots: le <strong>shuriken<\/strong>. Ultra pr\u00e9sente dans les mangas et anim\u00e9s japonais, cette \u00e9toile m\u00e9tallique nous fait clairement monter d\u2019un cran! Pas facile de planter une pointe de shuriken dans le bois de la cible. De petits miracles surviennent et font prendre une longueur d\u2019avance \u00e0 l\u2019heureux mini-ninja qui parvient \u00e0 atteindre la zone centrale, ce qui donne un vrai coup de boost \u00e0 son score.<\/p>\n<p><img data-recalc-dims=\"1\" loading=\"lazy\" decoding=\"async\" class=\"alignnone size-large wp-image-22856\" src=\"https:\/\/www.europesays.com\/fr\/wp-content\/uploads\/2025\/09\/IMG_8476.jpg\" alt=\"\" width=\"1160\" height=\"1547\"  \/><\/p>\n<p>Notre bilan<\/p>\n<p>On n\u2019a pas vu l\u2019heure de jeu passer, ce qui est plut\u00f4t bon signe! M\u00eame si <strong>on s\u2019est bien pris au jeu<\/strong>, on ne peut pas dire qu\u2019on ait brill\u00e9 dans la discipline, nos r\u00e9sultats sont assez m\u00e9diocres, mais il faut sans doute pers\u00e9v\u00e9rer et s\u2019entrainer \u00e0 d\u2019autres occasions pour progresser en lancer de haches, de shurikens et autres projectiles\u2026<\/p>\n<p><img data-recalc-dims=\"1\" loading=\"lazy\" decoding=\"async\" class=\"alignnone size-large wp-image-22854\" src=\"https:\/\/www.europesays.com\/fr\/wp-content\/uploads\/2025\/09\/IMG_8472-e1753389332147-1160x609.jpg\" alt=\"\" width=\"1160\" height=\"609\"  \/><\/p>\n<p><strong>L\u2019hachez-vous nous a rappel\u00e9 <a href=\"https:\/\/lyon.familycrunch.fr\/on-a-teste-color-room-lactivite-pour-se-defouler-et-creer-en-famille-a-lyon\/\" rel=\"nofollow noopener\" target=\"_blank\">Color Room<\/a> <\/strong>pour son c\u00f4t\u00e9 \u2018activit\u00e9 <strong>d\u00e9fouloir l\u00e9g\u00e8rement r\u00e9gressif<\/strong>\u2018, \u00e0 une diff\u00e9rence pr\u00e8s: l\u2019une est cr\u00e9ative et l\u2019autre est (gentiment) comp\u00e9titive et technique. On a tout de m\u00eame partag\u00e9 <strong>un moment fun entre jeunes et moins jeunes<\/strong>, et on ressort avec l\u2019envie de revenir se mesurer aux redoutables cibles en bois ou en plastique d\u2019un lieu que les amis lecteurs de FamilyCrunch peuvent venir d\u00e9couvrir les yeux ferm\u00e9s. Enfin, pas trop ferm\u00e9s non plus.<\/p>\n<p>Les infos pratiques<\/p>\n<p><img decoding=\"async\" class=\"emoji\" role=\"img\" src=\"https:\/\/s.w.org\/images\/core\/emoji\/14.0.0\/svg\/1f3e0.svg\" alt=\"?\"\/>\u00a04 Rue de l\u2019\u00c9p\u00e9e, 69003 Lyon<br \/>\ud83d\ude8a M\u00e9tro D et Tram T1 station Guilloti\u00e8re<br \/>\u23f0\u00a0Pour les enfants, le mercredi apr\u00e8s-midi et pendant les vacances scolaires<br \/><img decoding=\"async\" class=\"emoji\" role=\"img\" src=\"https:\/\/s.w.org\/images\/core\/emoji\/14.0.0\/svg\/1f4b0.svg\" alt=\"?\"\/>\u00a030\u20ac la cible (3 participants maximum) pour une heure de jeu<br \/>\ud83c\udf82 Formules anniversaire : 15\u20ac par enfant pour 1h30 de jeu<br \/><strong><img decoding=\"async\" class=\"emoji\" role=\"img\" src=\"https:\/\/s.w.org\/images\/core\/emoji\/14.0.0\/svg\/1f4bb.svg\" alt=\"?\"\/><\/strong> <a href=\"https:\/\/www.lancerdehachelyon.fr\/accueil\/23-lancer-de-hache-et-de-shurikens-enfants.html\" target=\"_blank\" rel=\"noopener nofollow\">Toutes les infos<\/a><\/p>\n<p>\u00a0<\/p>\n","protected":false},"excerpt":{"rendered":"Depuis quelques ann\u00e9es, l\u2019activit\u00e9 cartonne partout en France et tout particuli\u00e8rement \u00e0 Lyon. On lance des haches avec&hellip;\n","protected":false},"author":2,"featured_media":376494,"comment_status":"","ping_status":"","sticky":false,"template":"","format":"standard","meta":{"footnotes":""},"categories":[1889],"tags":[1111,11,2430,1777,674,1011,27,2428,12,25],"class_list":{"0":"post-376493","1":"post","2":"type-post","3":"status-publish","4":"format-standard","5":"has-post-thumbnail","7":"category-lyon","8":"tag-actu","9":"tag-actualites","10":"tag-auvergne-rhone-alpes","11":"tag-eu","12":"tag-europe","13":"tag-fr","14":"tag-france","15":"tag-lyon","16":"tag-news","17":"tag-republique-francaise"},"share_on_mastodon":{"url":"https:\/\/pubeurope.com\/@fr\/115171543678081367","error":""},"_links":{"self":[{"href":"https:\/\/www.europesays.com\/fr\/wp-json\/wp\/v2\/posts\/376493","targetHints":{"allow":["GET"]}}],"collection":[{"href":"https:\/\/www.europesays.com\/fr\/wp-json\/wp\/v2\/posts"}],"about":[{"href":"https:\/\/www.europesays.com\/fr\/wp-json\/wp\/v2\/types\/post"}],"author":[{"embeddable":true,"href":"https:\/\/www.europesays.com\/fr\/wp-json\/wp\/v2\/users\/2"}],"replies":[{"embeddable":true,"href":"https:\/\/www.europesays.com\/fr\/wp-json\/wp\/v2\/comments?post=376493"}],"version-history":[{"count":0,"href":"https:\/\/www.europesays.com\/fr\/wp-json\/wp\/v2\/posts\/376493\/revisions"}],"wp:featuredmedia":[{"embeddable":true,"href":"https:\/\/www.europesays.com\/fr\/wp-json\/wp\/v2\/media\/376494"}],"wp:attachment":[{"href":"https:\/\/www.europesays.com\/fr\/wp-json\/wp\/v2\/media?parent=376493"}],"wp:term":[{"taxonomy":"category","embeddable":true,"href":"https:\/\/www.europesays.com\/fr\/wp-json\/wp\/v2\/categories?post=376493"},{"taxonomy":"post_tag","embeddable":true,"href":"https:\/\/www.europesays.com\/fr\/wp-json\/wp\/v2\/tags?post=376493"}],"curies":[{"name":"wp","href":"https:\/\/api.w.org\/{rel}","templated":true}]}}