{"id":376495,"date":"2025-09-09T00:37:18","date_gmt":"2025-09-09T00:37:18","guid":{"rendered":"https:\/\/www.europesays.com\/fr\/376495\/"},"modified":"2025-09-09T00:37:18","modified_gmt":"2025-09-09T00:37:18","slug":"un-detenu-mis-en-examen-pour-avoir-teleguide-le-meurtre-dun-guetteur-de-19-ans-sur-un-point-de-deal","status":"publish","type":"post","link":"https:\/\/www.europesays.com\/fr\/376495\/","title":{"rendered":"Un d\u00e9tenu mis en examen pour avoir \u00ab\u00a0t\u00e9l\u00e9guid\u00e9\u00a0\u00bb le meurtre d\u2019un guetteur de 19 ans sur un point de deal"},"content":{"rendered":"<p>Cet \u00e9t\u00e9, un d\u00e9tenu, \u00e9tranger en situation irr\u00e9guli\u00e8re, qui se pr\u00e9sente comme un Tunisien de 22 ans, a \u00e9t\u00e9 <a href=\"https:\/\/www.20minutes.fr\/dossier\/mis_en_examen\" class=\"c-link c-link--is-underlined\" rel=\"nofollow noopener\" target=\"_blank\">mis en examen<\/a>, soup\u00e7onn\u00e9 d\u2019avoir t\u00e9l\u00e9guid\u00e9 depuis sa cellule un <a href=\"https:\/\/www.20minutes.fr\/justice\/4149468-20250419-jeune-tue-lyon-trois-personnes-dont-principal-suspect-mises-examen-ecrouees\" class=\"c-link c-link--is-underlined\" rel=\"nofollow noopener\" target=\"_blank\">meurtre sur un point de deal pr\u00e8s de Lyon en avril<\/a>, a appris l\u2019AFP lundi de source proche du dossier. Il est poursuivi pour complicit\u00e9 de <a href=\"https:\/\/www.20minutes.fr\/dossier\/meurtre\" class=\"c-link c-link--is-underlined\" rel=\"nofollow noopener\" target=\"_blank\">meurtre<\/a> en bande organis\u00e9, selon cette source.<\/p>\n<\/p>\n<p>Plusieurs fois condamn\u00e9 pour des <a href=\"https:\/\/www.20minutes.fr\/monde\/violences\/\" class=\"c-link c-link--is-underlined\" rel=\"nofollow noopener\" target=\"_blank\">violences<\/a> ou des infractions \u00e0 la loi sur les <a href=\"https:\/\/www.20minutes.fr\/dossier\/detention_de_stupefiants\" class=\"c-link c-link--is-underlined\" rel=\"nofollow noopener\" target=\"_blank\">stup\u00e9fiants<\/a>, il \u00e9tait d\u00e9tenu \u00e0 la <a href=\"https:\/\/www.20minutes.fr\/dossier\/prison\" class=\"c-link c-link--is-underlined\" rel=\"nofollow noopener\" target=\"_blank\">prison<\/a> de Corbas le 7\u00a0avril, quand un guetteur de 19 ans a \u00e9t\u00e9 abattu sur un point de deal \u00e0 <a href=\"https:\/\/www.20minutes.fr\/dossier\/vaulx-en-velin\" class=\"c-link c-link--is-underlined\" rel=\"nofollow noopener\" target=\"_blank\">Vaulx-en-Velin<\/a>. Le meurtre, commis en plein jour et \u00e0 proximit\u00e9 d\u2019une \u00e9cole, dont les \u00e9l\u00e8ves avaient d\u00fb \u00eatre confin\u00e9s, avait suscit\u00e9 beaucoup d\u2019\u00e9moi dans l\u2019agglom\u00e9ration lyonnaise.<\/p>\n<p>Le tueur pr\u00e9sum\u00e9 avait \u00e9t\u00e9 recrut\u00e9 sur les r\u00e9seaux sociaux<\/p>\n<p>Le tireur pr\u00e9sum\u00e9, un jeune de 18 ans, avait \u00e9t\u00e9 arr\u00eat\u00e9 quelques jours plus tard \u00e0 son domicile du Val-d\u2019Oise et mis en examen pour meurtre en bande organis\u00e9e. Il avait \u00e9t\u00e9 recrut\u00e9 sur les r\u00e9seaux sociaux et \u00e9tait venu de la r\u00e9gion parisienne en train, selon les enqu\u00eateurs de la division de la criminalit\u00e9 organis\u00e9e et sp\u00e9cialis\u00e9e (DCOS).<\/p>\n<p>Une femme de 18 ans, accus\u00e9e de l\u2019avoir accueilli \u00e0 la gare pour lui fournir du mat\u00e9riel, et un homme de 20 ans qui logeait chez elle avaient \u00e9galement \u00e9t\u00e9 rapidement interpell\u00e9s et mis en examen pour complicit\u00e9. Tous les trois sont \u00e9crou\u00e9s depuis avril.<\/p>\n<p><a href=\"https:\/\/www.20minutes.fr\/dossier\/trafic_de_drogue\" class=\"c-link c-btn c-btn--primary\" rel=\"nofollow noopener\" target=\"_blank\">Notre dossier sur le trafic de drogue<\/a><\/p>\n<p>Depuis, l\u2019enqu\u00eate a permis de remonter jusqu\u2019au d\u00e9tenu de Corbas, qui est accus\u00e9 d\u2019avoir r\u00e9serv\u00e9 le taxi ayant conduit le tireur sur les lieux du crime, et d\u2019avoir donn\u00e9 des consignes \u00e0 la jeune femme.<\/p>\n<p>Ce d\u00e9tenu est soup\u00e7onn\u00e9 d\u2019avoir voulu \u00e9liminer la concurrence sur ce point de deal tr\u00e8s actif, o\u00f9 il conservait des contacts. L\u2019enqu\u00eate doit encore d\u00e9terminer s\u2019il y avait un commanditaire au-dessus de lui ou s\u2019il \u00e9tait le seul d\u00e9cideur.<\/p>\n","protected":false},"excerpt":{"rendered":"Cet \u00e9t\u00e9, un d\u00e9tenu, \u00e9tranger en situation irr\u00e9guli\u00e8re, qui se pr\u00e9sente comme un Tunisien de 22 ans, a&hellip;\n","protected":false},"author":2,"featured_media":376496,"comment_status":"","ping_status":"","sticky":false,"template":"","format":"standard","meta":{"footnotes":""},"categories":[1889],"tags":[1111,47,11,2430,24503,17489,1052,1777,674,118,3561,1011,27,662,2428,12,806,25,938,2429,2431,4377,887,2292,5070],"class_list":{"0":"post-376495","1":"post","2":"type-post","3":"status-publish","4":"format-standard","5":"has-post-thumbnail","7":"category-lyon","8":"tag-actu","9":"tag-actualite","10":"tag-actualites","11":"tag-auvergne-rhone-alpes","12":"tag-corbas","13":"tag-dealer","14":"tag-drogue","15":"tag-eu","16":"tag-europe","17":"tag-faits-divers","18":"tag-faits-divers-lyon","19":"tag-fr","20":"tag-france","21":"tag-ile-de-france","22":"tag-lyon","23":"tag-news","24":"tag-prison","25":"tag-republique-francaise","26":"tag-reseaux-sociaux","27":"tag-rhone","28":"tag-rhone-alpes","29":"tag-stupefiant","30":"tag-trafic-de-drogue","31":"tag-val-doise","32":"tag-vaulx-en-velin"},"share_on_mastodon":{"url":"https:\/\/pubeurope.com\/@fr\/115171547039790009","error":""},"_links":{"self":[{"href":"https:\/\/www.europesays.com\/fr\/wp-json\/wp\/v2\/posts\/376495","targetHints":{"allow":["GET"]}}],"collection":[{"href":"https:\/\/www.europesays.com\/fr\/wp-json\/wp\/v2\/posts"}],"about":[{"href":"https:\/\/www.europesays.com\/fr\/wp-json\/wp\/v2\/types\/post"}],"author":[{"embeddable":true,"href":"https:\/\/www.europesays.com\/fr\/wp-json\/wp\/v2\/users\/2"}],"replies":[{"embeddable":true,"href":"https:\/\/www.europesays.com\/fr\/wp-json\/wp\/v2\/comments?post=376495"}],"version-history":[{"count":0,"href":"https:\/\/www.europesays.com\/fr\/wp-json\/wp\/v2\/posts\/376495\/revisions"}],"wp:featuredmedia":[{"embeddable":true,"href":"https:\/\/www.europesays.com\/fr\/wp-json\/wp\/v2\/media\/376496"}],"wp:attachment":[{"href":"https:\/\/www.europesays.com\/fr\/wp-json\/wp\/v2\/media?parent=376495"}],"wp:term":[{"taxonomy":"category","embeddable":true,"href":"https:\/\/www.europesays.com\/fr\/wp-json\/wp\/v2\/categories?post=376495"},{"taxonomy":"post_tag","embeddable":true,"href":"https:\/\/www.europesays.com\/fr\/wp-json\/wp\/v2\/tags?post=376495"}],"curies":[{"name":"wp","href":"https:\/\/api.w.org\/{rel}","templated":true}]}}