{"id":376505,"date":"2025-09-09T00:43:22","date_gmt":"2025-09-09T00:43:22","guid":{"rendered":"https:\/\/www.europesays.com\/fr\/376505\/"},"modified":"2025-09-09T00:43:22","modified_gmt":"2025-09-09T00:43:22","slug":"le-salon-international-fait-de-paris-la-capitale-des-arts-premiers","status":"publish","type":"post","link":"https:\/\/www.europesays.com\/fr\/376505\/","title":{"rendered":"le salon international fait de Paris la capitale des arts premiers"},"content":{"rendered":"<p>Malgr\u00e9 les nouvelles lois et r\u00e9glementations qui risquent de freiner le march\u00e9, la soixantaine d\u2019exposants de cette 24e\u00a0\u00e9dition offre des pi\u00e8ces in\u00e9dites et des accrochages de haute qualit\u00e9.<\/p>\n<p class=\"fig-paragraph\">Lancement, lundi, la veille de son ouverture au public, du 24e\u00a0Parcours des mondes, \u00e0 Saint-Germain-des-Pr\u00e9s, chez son pr\u00e9sident d\u2019honneur, Marc Ladreit de Lacharri\u00e8re, le m\u00e9c\u00e8ne du Mus\u00e9e du quai Branly-Jacques Chirac et (par sa fondation) du\u00a0<a href=\"http:\/\/www.lefigaro.fr\/culture\/patrimoine\/la-nouvelle-renaissance-du-louvre-les-architectes-concourent-pour-un-chantier-a-800-millions-d-euros-20250801\" data-fig-type=\"Article\" data-gtm-custom-categorie=\"navigation\" data-gtm-custom-action=\"crossclick\" data-gtm-custom-label=\"Contextuel\" data-gtm-event=\"customEventSPE\" data-fig-domain=\"LEFIGARO\" rel=\"nofollow noopener\" target=\"_blank\">projet de \u00ab\u00a0Renaissance\u00a0\u00bb du Louvre<\/a>, dont le pavillon des Sessions, rebaptis\u00e9 galerie des Cinq Continents, sera inaugur\u00e9, le 25\u00a0novembre. \u00ab\u00a0Une conjonction des plan\u00e8tes qui arrive enfin pour le continent africain\u00a0\u00bb, s\u2019est-il f\u00e9licit\u00e9. Dans son h\u00f4tel particulier de la rue Casimir-Perier (Paris\u00a07e), un d\u00e9jeuner r\u00e9unissait la cr\u00e8me de la profession et des institutions.\u00a0<a href=\"http:\/\/www.lefigaro.fr\/politique\/rattrapee-par-son-proces-rachida-dati-contre-attaque-20250723\" data-fig-type=\"Article\" data-gtm-custom-categorie=\"navigation\" data-gtm-custom-action=\"crossclick\" data-gtm-custom-label=\"Contextuel\" data-gtm-event=\"customEventSPE\" data-fig-domain=\"LEFIGARO\" rel=\"nofollow noopener\" target=\"_blank\">La ministre de la Culture, Rachida Dati,<\/a>\u00a0\u00e9tait de ce petit ar\u00e9opage, avant de filer \u00e0 l\u2019Assembl\u00e9e nationale, pour assister, \u00e0 15\u00a0heures, au discours de politique g\u00e9n\u00e9rale de Fran\u00e7ois Bayrou, avant le vote de confiance et sa chute annonc\u00e9e.<\/p>\n<p class=\"fig-paragraph\">Plaisantant sur la situation cocasse, celle qui a d\u00e9clar\u00e9 \u00ab\u00a0avoir \u00e9t\u00e9 la plus heureuse des ministres \u00e0 la Culture\u00a0\u00bb, a remis les insignes\u2026<\/p>\n<p class=\"fig-premium-paywall__infos\">\n        Cet article est r\u00e9serv\u00e9 aux abonn\u00e9s.        Il vous reste 87% \u00e0 d\u00e9couvrir.\n    <\/p>\n<p>                <img  data- alt=\"Le Figaro\" class=\"fig-img--complete fig-img\"\/><\/p>\n<p class=\"fig-premium-paywall__title\">Vous avez envie de lire la suite ?<\/p>\n<p class=\"fig-premium-paywall__subtitle\">D\u00e9bloquez tous les articles imm\u00e9diatement.<\/p>\n<p class=\"fig-premium-paywall__connect\">\n                D\u00e9j\u00e0 abonn\u00e9\u00a0?                <a class=\"fig-premium-paywall__connect-link\" href=\"https:\/\/connect.lefigaro.fr\/login?client=horizon_web&amp;type=main&amp;redirect_uri=https%3A%2F%2Fwww.lefigaro.fr%2Farts-expositions%2Fparcours-des-mondes-2025-le-salon-international-fait-de-paris-la-capitale-des-arts-premiers-20250908\" data-js-gtm=\"{&quot;customCategorie&quot;: &quot;conversion&quot;, &quot;customAction&quot;: &quot;before_Landing_Connexion_paywall_auto&quot;, &quot;customLabel&quot;: &quot;bGVmaWdhcm8uZnJfXzFmMDhjMWY1LTFhNDItNjg2Yy04ZTFiLWU1NDc2OTE2YTc4MF9fQXJ0aWNsZQ==_Parcours des mondes 2025\u00a0: le salon international fait de Paris la capitale des arts premiers_139&quot;, &quot;customIDSPE&quot;: &quot;bGVmaWdhcm8uZnJfXzFmMDhjMWY1LTFhNDItNjg2Yy04ZTFiLWU1NDc2OTE2YTc4MF9fQXJ0aWNsZQ==&quot;, &quot;event&quot;: &quot;customEventSPE&quot;}\" rel=\"nofollow noopener\" target=\"_blank\"><br \/>\n                    Connectez-vous<br \/>\n                <\/a>\n            <\/p>\n","protected":false},"excerpt":{"rendered":"Malgr\u00e9 les nouvelles lois et r\u00e9glementations qui risquent de freiner le march\u00e9, la soixantaine d\u2019exposants de cette 24e\u00a0\u00e9dition&hellip;\n","protected":false},"author":2,"featured_media":376506,"comment_status":"","ping_status":"","sticky":false,"template":"","format":"standard","meta":{"footnotes":""},"categories":[1888],"tags":[11,51018,1777,674,3293,1011,27,12,626,25],"class_list":{"0":"post-376505","1":"post","2":"type-post","3":"status-publish","4":"format-standard","5":"has-post-thumbnail","7":"category-paris","8":"tag-actualites","9":"tag-arts-premiers","10":"tag-eu","11":"tag-europe","12":"tag-exposition","13":"tag-fr","14":"tag-france","15":"tag-news","16":"tag-paris","17":"tag-republique-francaise"},"share_on_mastodon":{"url":"https:\/\/pubeurope.com\/@fr\/115171570769536440","error":""},"_links":{"self":[{"href":"https:\/\/www.europesays.com\/fr\/wp-json\/wp\/v2\/posts\/376505","targetHints":{"allow":["GET"]}}],"collection":[{"href":"https:\/\/www.europesays.com\/fr\/wp-json\/wp\/v2\/posts"}],"about":[{"href":"https:\/\/www.europesays.com\/fr\/wp-json\/wp\/v2\/types\/post"}],"author":[{"embeddable":true,"href":"https:\/\/www.europesays.com\/fr\/wp-json\/wp\/v2\/users\/2"}],"replies":[{"embeddable":true,"href":"https:\/\/www.europesays.com\/fr\/wp-json\/wp\/v2\/comments?post=376505"}],"version-history":[{"count":0,"href":"https:\/\/www.europesays.com\/fr\/wp-json\/wp\/v2\/posts\/376505\/revisions"}],"wp:featuredmedia":[{"embeddable":true,"href":"https:\/\/www.europesays.com\/fr\/wp-json\/wp\/v2\/media\/376506"}],"wp:attachment":[{"href":"https:\/\/www.europesays.com\/fr\/wp-json\/wp\/v2\/media?parent=376505"}],"wp:term":[{"taxonomy":"category","embeddable":true,"href":"https:\/\/www.europesays.com\/fr\/wp-json\/wp\/v2\/categories?post=376505"},{"taxonomy":"post_tag","embeddable":true,"href":"https:\/\/www.europesays.com\/fr\/wp-json\/wp\/v2\/tags?post=376505"}],"curies":[{"name":"wp","href":"https:\/\/api.w.org\/{rel}","templated":true}]}}