{"id":376511,"date":"2025-09-09T00:46:10","date_gmt":"2025-09-09T00:46:10","guid":{"rendered":"https:\/\/www.europesays.com\/fr\/376511\/"},"modified":"2025-09-09T00:46:10","modified_gmt":"2025-09-09T00:46:10","slug":"malgre-des-accusations-de-controles-au-facies-la-cour-supreme-autorise-ice-a-reprendre-ses-descentes","status":"publish","type":"post","link":"https:\/\/www.europesays.com\/fr\/376511\/","title":{"rendered":"Malgr\u00e9 des accusations de contr\u00f4les au faci\u00e8s, la Cour supr\u00eame autorise ICE \u00e0 reprendre ses descentes"},"content":{"rendered":"<p>La <a href=\"https:\/\/www.20minutes.fr\/monde\/cour_supreme\/\" class=\"c-link c-link--is-underlined\" rel=\"nofollow noopener\" target=\"_blank\">Cour supr\u00eame des \u00c9tats-Unis<\/a> a provisoirement lev\u00e9, ce lundi, les limites impos\u00e9es \u00e0 la police de l\u2019immigration (ICE), qui visaient \u00e0 emp\u00eacher les contr\u00f4les au faci\u00e8s \u00e0 Los Angeles (<a href=\"https:\/\/www.20minutes.fr\/dossier\/californie\" class=\"c-link c-link--is-underlined\" rel=\"nofollow noopener\" target=\"_blank\">Californie<\/a>). Cette d\u00e9cision, adopt\u00e9e par la majorit\u00e9 conservatrice de la Cour, permet \u00e0 ICE de reprendre sans contrainte ses descentes tr\u00e8s controvers\u00e9es dans la m\u00e9tropole californienne.<\/p>\n<p>Pour l\u2019administration Trump, c\u2019est une victoire. \u00ab\u00a0Nous n\u2019employons pas le profilage racial\u00a0\u00bb, a martel\u00e9 <a href=\"https:\/\/www.20minutes.fr\/monde\/etats-unis\/4120662-20241111-etats-unis-controles-frontieres-trump-nomme-tom-homan-chantre-ligne-dure-immigration\" target=\"_blank\" class=\"c-link c-link--is-underlined\" rel=\"nofollow noopener\">Tom Homan<\/a>, responsable de la politique d\u2019expulsions, saluant une \u00ab\u00a0excellente d\u00e9cision\u00a0\u00bb. \u00c0 l\u2019inverse, le gouverneur d\u00e9mocrate de Californie, <a href=\"https:\/\/www.20minutes.fr\/monde\/etats-unis\/4157711-20250610-etats-unis-gouverneur-californie-gavin-newsom-engage-bras-fer-donald-trump\" target=\"_blank\" class=\"c-link c-link--is-underlined\" rel=\"nofollow noopener\">Gavin Newsom<\/a>, a d\u00e9nonc\u00e9 un texte <a href=\"https:\/\/x.com\/GovPressOffice\/status\/1965127917127827534\" rel=\"nofollow\" target=\"_blank\" class=\"c-link c-link--is-underlined\">qui ouvre la voie \u00e0 \u00ab\u00a0un d\u00e9fil\u00e9 de terreur raciale\u00a0\u00bb<\/a>, accusant Washington de \u00ab\u00a0cibler les Latinos\u00a0\u00bb.<\/p>\n<\/p>\n<p>ICE, la police de l\u2019immigration redout\u00e9e<\/p>\n<p>Cr\u00e9\u00e9e apr\u00e8s <a href=\"https:\/\/www.20minutes.fr\/dossier\/11_septembre\" class=\"c-link c-link--is-underlined\" rel=\"nofollow noopener\" target=\"_blank\">les attentats du 11\u00a0septembre 2001<\/a>, l\u2019Immigration and Customs Enforcement (ICE) traque les r\u00e9seaux criminels et <a href=\"https:\/\/www.20minutes.fr\/monde\/4170643-20250902-etats-unis-1-2-million-travailleurs-immigres-moins-economie-americaine-retrouve-fragilisee\" class=\"c-link c-link--is-underlined\" rel=\"nofollow noopener\" target=\"_blank\">l\u2019immigration ill\u00e9gale<\/a>, avec des m\u00e9thodes souvent spectaculaires\u00a0: <a href=\"https:\/\/www.20minutes.fr\/monde\/etats-unis\/4171431-20250905-etats-unis-quelque-300-sud-coreens-arretes-lors-descente-usine-batteries-hyundai-lg\" class=\"c-link c-link--is-underlined\" rel=\"nofollow noopener\" target=\"_blank\">descentes dans des usines<\/a>, arrestations en pleine rue, interventions nocturnes.<\/p>\n<p>Des m\u00e9thodes qui font d\u2019ICE une institution redout\u00e9e, accus\u00e9e par les associations de d\u00e9fense des droits humains de propager la peur dans les quartiers populaires et de pratiquer le profilage racial.<\/p>\n<p>Des descentes spectaculaires<\/p>\n<p>En juin, ICE a multipli\u00e9 <a href=\"https:\/\/www.20minutes.fr\/monde\/etats-unis\/4160661-20250627-etats-unis-arrestation-musclee-papiers-mexicain-pres-los-angeles-relance-critiques-contre-ice\" class=\"c-link c-link--is-underlined\" rel=\"nofollow noopener\" target=\"_blank\">les op\u00e9rations coup de poing \u00e0 Los Angeles<\/a>, installant un climat de terreur au sein des communaut\u00e9s d\u2019origine latino-am\u00e9ricaine et suscitant la col\u00e8re des habitants et \u00e9lus locaux. Des t\u00e9moins ont racont\u00e9 avoir vu des agents masqu\u00e9s intervenir brutalement, parfois sans mandat d\u2019arr\u00eat ni explication.<\/p>\n<p>Face \u00e0 cette situation, trois immigr\u00e9s arr\u00eat\u00e9s et deux Am\u00e9ricains d\u2019origine hispanique ont port\u00e9 plainte. En juillet dernier, une juge f\u00e9d\u00e9rale leur a donn\u00e9 raison, interdisant provisoirement certaines pratiques jug\u00e9es abusives, comme les arrestations fond\u00e9es sur l\u2019apparence, l\u2019accent, ou encore la profession exerc\u00e9e, ainsi que les interventions dans des lieux cibl\u00e9s, comme les arr\u00eats de bus ou des magasins de bricolage. Cette d\u00e9cision s\u2019appuyait sur le 4e amendement de la <a href=\"https:\/\/www.20minutes.fr\/dossier\/constitution\" class=\"c-link c-link--is-underlined\" rel=\"nofollow noopener\" target=\"_blank\">Constitution<\/a>, qui exige une \u00ab\u00a0suspicion raisonnable\u00a0\u00bb pour toute arrestation.<\/p>\n<blockquote class=\"twitter-tweet\" align=\"center\" data-lang=\"fr_FR\">\n<p lang=\"en\" dir=\"ltr\">NEW: <a href=\"https:\/\/twitter.com\/CAgovernor?ref_src=twsrc%5Etfw\" rel=\"nofollow noopener\" target=\"_blank\">@CAGovernor<\/a> Gavin Newsom on today\u2019s Supreme Court ruling: <\/p>\n<p>\u201cTrump\u2019s hand-picked Supreme Court majority just became the Grand Marshal for a parade of racial terror in Los Angeles. This isn\u2019t about enforcing immigration laws \u2014 it\u2019s about targeting Latinos and anyone who\u2026<\/p>\n<p>\u2014 Governor Newsom Press Office (@GovPressOffice) <a href=\"https:\/\/twitter.com\/GovPressOffice\/status\/1965127917127827534?ref_src=twsrc%5Etfw\" rel=\"nofollow noopener\" target=\"_blank\">September 8, 2025<\/a><\/p><\/blockquote>\n<p class=\"mb-xxl@xs color-ultramarine font-weight-semi-bold@xs font-source-serif-pro heading-s@xs\">L\u2019acc\u00e8s \u00e0 ce contenu a \u00e9t\u00e9 bloqu\u00e9 afin de respecter votre choix de consentement<\/p>\n<p class=\"mb-m@xs text-l@xs\">En cliquant sur\u00ab J\u2019accepte \u00bb, vous acceptez le d\u00e9p\u00f4t de cookies par des services externes et aurez ainsi acc\u00e8s aux contenus de nos partenaires.<\/p>\n<p class=\"mb-xl@xs text-s@xs\">Plus d\u2019informations sur la page<a href=\"https:\/\/www.20minutes.fr\/gestion-cookies\" class=\"mx-xxs@xs color-ultramarine\" rel=\"nofollow noopener\" target=\"_blank\">Politique de gestion des cookies<\/a><\/p>\n<p>J\u2019accepteDes \u00ab\u00a0citoyens de seconde zone\u00a0\u00bb<\/p>\n<p>Lundi, la Cour supr\u00eame a suspendu ces restrictions par six voix contre trois, le temps que la justice se prononce sur le fond. Le juge conservateur Brett Kavanaugh a justifi\u00e9 sa position en soulignant que \u00ab\u00a0l\u2019immigration ill\u00e9gale est particuli\u00e8rement prononc\u00e9e dans la r\u00e9gion de Los Angeles\u00a0\u00bb, dans laquelle 10\u00a0% de la population serait sans papiers.<\/p>\n<p>Mais la juge Sonia Sotomayor, premi\u00e8re Latino-Am\u00e9ricaine \u00e0 si\u00e9ger \u00e0 la Cour, a vivement critiqu\u00e9 la d\u00e9cision, estimant qu\u2019elle cr\u00e9e \u00ab\u00a0un statut de citoyen de seconde zone\u00a0\u00bb. \u00ab\u00a0Nous ne devrions pas vivre dans un pays o\u00f9 le gouvernement peut arr\u00eater quelqu\u2019un simplement parce qu\u2019il a l\u2019air latino\u00a0\u00bb, a-t-elle \u00e9crit.<\/p>\n<p>\u00ab\u00a0Enferm\u00e9, dans le froid, affam\u00e9 et sans avocat\u00a0\u00bb<\/p>\n<p>Pedro Vasquez Perdomo, l\u2019un des plaignants, <a href=\"https:\/\/www.aclusocal.org\/en\/press-releases\/us-supreme-court-grants-stay-la-raids-case\" rel=\"nofollow noopener\" target=\"_blank\" class=\"c-link c-link--is-underlined\">a d\u00e9crit \u00e0 l\u2019ACLU<\/a>, l\u2019association de d\u00e9fense des droits civiques qui le soutient, les conditions de son arrestation.<\/p>\n<p>\u00ab\u00a0Ils ne m\u2019ont jamais montr\u00e9 de mandat ni expliqu\u00e9 pourquoi. J\u2019ai \u00e9t\u00e9 trait\u00e9 comme si je ne valais rien\u00a0: enferm\u00e9, dans le froid, affam\u00e9 et sans avocat.\u00a0\u00bb Pour lui, la d\u00e9cision de la Cour supr\u00eame l\u00e9gitime d\u00e9sormais ce qu\u2019il qualifie de \u00ab\u00a0racisme avec un badge\u00a0\u00bb. Il ajoute ensuite avoir rejoint cette plainte \u00ab\u00a0car ce qui (lui est) arriv\u00e9 arrive \u00e0 d\u2019autres tous les jours, juste parce qu\u2019ils sont noirs, parlent espagnol, ou qu\u2019ils se tiennent au coin de la rue \u00e0 la recherche d\u2019un job\u00a0\u00bb.<\/p>\n<p><a href=\"https:\/\/www.20minutes.fr\/monde\/etats-unis\/\" class=\"c-link c-btn c-btn--primary\" rel=\"nofollow noopener\" target=\"_blank\">Notre dossier sur les \u00c9tats-Unis<\/a>Une bataille judiciaire loin d\u2019\u00eatre termin\u00e9e<\/p>\n<p>L\u2019affaire doit revenir devant un tribunal le 24\u00a0septembre prochain, qui pourrait imposer de nouvelles restrictions. En attendant, le minist\u00e8re de la S\u00e9curit\u00e9 int\u00e9rieure a d\u00e9j\u00e0 annonc\u00e9 que la police de l\u2019immigration allait \u00ab\u00a0continuer \u00e0 inonder la zone \u00e0 Los Angeles\u00a0\u00bb.<\/p>\n<p>\u00ab\u00a0Ce n\u2019est pas fini\u00a0\u00bb, a promis l\u2019avocat Mohammad Tajsar, de l\u2019ACLU, laissant entendre que le bras de fer juridique autour des pratiques d\u2019ICE ne fait que commencer.<\/p>\n<p><script async src=\"https:\/\/platform.twitter.com\/widgets.js\" charset=\"utf-8\"><\/script><\/p>\n","protected":false},"excerpt":{"rendered":"La Cour supr\u00eame des \u00c9tats-Unis a provisoirement lev\u00e9, ce lundi, les limites impos\u00e9es \u00e0 la police de l\u2019immigration&hellip;\n","protected":false},"author":2,"featured_media":376512,"comment_status":"","ping_status":"","sticky":false,"template":"","format":"standard","meta":{"footnotes":""},"categories":[1589],"tags":[47,11,2139,10658,75,73,1866,1061,6734,6116,74,12,1864,1865,1863,308],"class_list":{"0":"post-376511","1":"post","2":"type-post","3":"status-publish","4":"format-standard","5":"has-post-thumbnail","7":"category-etats-unis","8":"tag-actualite","9":"tag-actualites","10":"tag-californie","11":"tag-cour-supreme","12":"tag-donald-trump","13":"tag-etats-unis","14":"tag-etats-unis-damerique","15":"tag-immigration","16":"tag-immigration-clandestine","17":"tag-los-angeles","18":"tag-monde","19":"tag-news","20":"tag-united-states","21":"tag-united-states-of-america","22":"tag-us","23":"tag-usa"},"share_on_mastodon":{"url":"https:\/\/pubeurope.com\/@fr\/115171582485203375","error":""},"_links":{"self":[{"href":"https:\/\/www.europesays.com\/fr\/wp-json\/wp\/v2\/posts\/376511","targetHints":{"allow":["GET"]}}],"collection":[{"href":"https:\/\/www.europesays.com\/fr\/wp-json\/wp\/v2\/posts"}],"about":[{"href":"https:\/\/www.europesays.com\/fr\/wp-json\/wp\/v2\/types\/post"}],"author":[{"embeddable":true,"href":"https:\/\/www.europesays.com\/fr\/wp-json\/wp\/v2\/users\/2"}],"replies":[{"embeddable":true,"href":"https:\/\/www.europesays.com\/fr\/wp-json\/wp\/v2\/comments?post=376511"}],"version-history":[{"count":0,"href":"https:\/\/www.europesays.com\/fr\/wp-json\/wp\/v2\/posts\/376511\/revisions"}],"wp:featuredmedia":[{"embeddable":true,"href":"https:\/\/www.europesays.com\/fr\/wp-json\/wp\/v2\/media\/376512"}],"wp:attachment":[{"href":"https:\/\/www.europesays.com\/fr\/wp-json\/wp\/v2\/media?parent=376511"}],"wp:term":[{"taxonomy":"category","embeddable":true,"href":"https:\/\/www.europesays.com\/fr\/wp-json\/wp\/v2\/categories?post=376511"},{"taxonomy":"post_tag","embeddable":true,"href":"https:\/\/www.europesays.com\/fr\/wp-json\/wp\/v2\/tags?post=376511"}],"curies":[{"name":"wp","href":"https:\/\/api.w.org\/{rel}","templated":true}]}}