{"id":376513,"date":"2025-09-09T00:47:10","date_gmt":"2025-09-09T00:47:10","guid":{"rendered":"https:\/\/www.europesays.com\/fr\/376513\/"},"modified":"2025-09-09T00:47:10","modified_gmt":"2025-09-09T00:47:10","slug":"tuchel-veut-que-le-royaume-uni-se-prouve-quil-peut-obtenir-des-points-convaincants-contre-la-serbie","status":"publish","type":"post","link":"https:\/\/www.europesays.com\/fr\/376513\/","title":{"rendered":"Tuchel veut que le Royaume-Uni se prouve qu\u2019il peut obtenir des points convaincants contre la Serbie"},"content":{"rendered":"<p>AKARTA &#8211; Thomas Tuchel estime que la Grande-Bretagne est pr\u00eate \u00e0 se prouver contre la Serbie lors des \u00e9liminatoires de la Coupe du monde de 2026 de la zone europ\u00e9enne \u00e0 Belgrade le 10 septembre 2025.<\/p>\n<p>de l\u2019entra\u00eeneur n\u2019est pas s\u00e9par\u00e9 du d\u00e9veloppement de son \u00e9quipe lors d\u2019une victoire 2-0 contre Andora \u00e0 Villa Park le samedi 6 septembre 2025 WIB, lors du m\u00eame \u00e9v\u00e9nement.<\/p>\n<p>, ce r\u00e9sultat a permis \u00e0 la Grande-Bretagne de poursuivre son bilan positif sans d\u00e9faut depuis le premier match des \u00e9liminatoires de la Coupe du monde 2026 alias quatre matchs.<\/p>\n<p>-up de l\u2019Euro 2024 a ouvert une avance gr\u00e2ce \u00e0 un but suicide de Christian Garcia (25&prime;), avant que Declan Rice ne marque \u00e0 la 67e minute pour sceller une victoire 2-0.<\/p>\n<p>Cependant, la performance positive sous Tuchel qui a dirig\u00e9 Three Lions depuis janvier 2025 n\u2019a toujours pas \u00e9t\u00e9 appr\u00e9ci\u00e9e par les supporters.<\/p>\n<p>contre Andora &#8211; qui est class\u00e9e 74e au monde &#8211; avec seulement deux buts ne fait pas impression des supporters. De plus, les trois matchs pr\u00e9c\u00e9dents n\u2019ont pas jou\u00e9 contre une \u00e9quipe assez faible.<\/p>\n<p>ar a gagn\u00e9 2-0 contre l\u2019Albanie, ont pli\u00e9 la Lettonie 3-0 et n\u2019ont qu\u2019une victoire serr\u00e9e de 1-0 contre Andora.<\/p>\n<p>Tuchel veut donc faire du match contre la Serbie une preuve de la force de son \u00e9tudiant et faire \u00e0 nouveau appr\u00e9cier les supporters. De plus, la Serbie est un fort concurrent dans le groupe K des \u00e9liminatoires de la Coupe du monde 2026.<\/p>\n<p>\u00ab Nous allons essayer de prouver pour gagner et sortir la performance suivante, et de devenir r\u00e9silient dans cette situation. \u00bb<\/p>\n<p>\u00ab Nous attendons un stade tr\u00e8s \u00e9motif. Nous attendons une foule \u00e9motionnelle. Nous esp\u00e9rons peut-\u00eatre que oui, pour nous adapter aux circonstances. Nous ne savons pas \u00e0 quoi \u00e7a ressemble. Ne faites pas raison. \u00bb<\/p>\n<p>\u00bb Ensuite, nous avons affront\u00e9 une \u00e9quipe qui \u00e9tait tr\u00e8s d\u00e9pendante physiquement. Ils vont nous attaquer. C\u2019est ce que nous avons vu jusqu\u2019\u00e0 pr\u00e9sent. \u00bb<\/p>\n<p>\u00ab Ils ont de haute qualit\u00e9 devant &#8211; la meilleure qualit\u00e9 internationale devant &#8211; ils jouent donc tr\u00e8s directement. \u00bb<\/p>\n<p>\u00ab Nous devons progresser et nous adapter aux circonstances, nous adapter \u00e0 l\u2019adversaire, puis prouver que nous sommes un groupe fort. \u00bb<\/p>\n<p>\u00bb Nous sommes sur la bonne voie. Le probl\u00e8me, c\u2019est que j\u2019ai l\u2019impression d\u2019avoir cinq tr\u00e8s bons jours maintenant. C\u2019est sur nous maintenant. \u00bb<\/p>\n<p>el Tuchel a d\u00e9clar\u00e9 : \u00ab Deux jours pour nous pr\u00e9parer, le mardi 9 septembre 2025, et j\u2019esp\u00e8re que le point l\u00e0-bas, c\u2019est aussi que nous sommes pr\u00eats \u00e0 cela, nous nous adapterons \u00e0 ce qui vient, accepter physiquement, surmonter les difficult\u00e9s et obtenir d\u2019autres victoires \u00bb, a d\u00e9clar\u00e9 Tuchel.<\/p>\n<p>Angleterre doit bien s\u00fbr mieux voir en Serbie que celle qu&rsquo;elle a faite \u00e0 Villa Park pour accueillir Andora.<\/p>\n<p>Tuchel est cependant beaucoup plus satisfait de la performance actuelle de son \u00e9quipe que lors d\u2019une victoire 1-0 contre Andora en juin 2025.<\/p>\n<p>ero, \u201cJe pense qu&rsquo;il y a beaucoup d&rsquo;opportunit\u00e9s pour une finalit\u00e9 et beaucoup d&rsquo;opportunit\u00e9s o\u00f9 nous pouvons \u00eatre plus cliniques, devons \u00eatre plus cliniques.\u201d<\/p>\n<p>\u00ab Cependant, dans l\u2019ensemble, il y a plus de choses positives que n\u00e9gatives aujourd\u2019hui. Je pense que c\u2019\u00e9tait une bonne \u00e9tape, essayez d\u2019acc\u00e9l\u00e9rer le jeu en permanence. \u00bb<\/p>\n<p>\u00ab Nous devons tout donner pour le match, bien s\u00fbr, et jouer contre le bloc profond. \u00bb<\/p>\n<p>\u00ab Cependant, il n\u2019y a pas d\u2019inqui\u00e9tude aujourd\u2019hui. Il y a encore des choses \u00e0 am\u00e9liorer. La direction a \u00e9t\u00e9 la bonne apr\u00e8s quatre jours d\u2019entra\u00eenement. C\u2019\u00e9tait une bonne performance, un r\u00e9sultat d\u00e9cent \u00bb, a d\u00e9clar\u00e9 l\u2019entra\u00eeneur allemand.<\/p>\n<p>an Elliot Anderson est impressionnant au milieu de terrain et a failli marquer un but.<\/p>\n<p>\u00ab C\u2019est juste un footballeur qui est tr\u00e8s, tr\u00e8s bon. Il a un physique, il est tr\u00e8s mobile. Il aime d\u00e9fendre, il aime utiliser son corps pour gagner des duels. \u00bb<\/p>\n<p>\u00bb Il aime briser la ligne de d\u00e9fense et il est juste tr\u00e8s mobile dans son jeu. C\u2019\u00e9tait agr\u00e9able de le voir. \u00bb<\/p>\n<p>\u00bb C\u2019\u00e9tait un d\u00e9but un peu nerveux pour cette semaine, ce qui est aussi agr\u00e9able de voir, que tout n\u2019\u00e9tait pas normal pour elle. Il est toujours nerveux pour venir au camp et n\u2019a pas peur d\u2019en attendre. \u00bb<\/p>\n<p>\u00ab Mais, il s\u2019est tr\u00e8s, tr\u00e8s rapidement adapt\u00e9 \u00e0 la qualit\u00e9. Alors nous nous demandons pourquoi ne pas lui donner ses d\u00e9buts imm\u00e9diatement? \u00bb<\/p>\n<p>\u00ab Je pense que l\u2019\u00e9quipe autour de lui a rendu le plus facile possible et il a une performance tr\u00e8s forte \u00bb, a d\u00e9clar\u00e9 Tuchel au sujet du joueur de Nottingham Forest.<\/p>\n<p>The English, Chinese, Japanese, Arabic, and French versions are automatically generated by the AI. So there may still be inaccuracies in translating, please always see Indonesian as our main language.<br \/>\n                                    (system supported by DigitalSiber.id)<\/p>\n","protected":false},"excerpt":{"rendered":"AKARTA &#8211; Thomas Tuchel estime que la Grande-Bretagne est pr\u00eate \u00e0 se prouver contre la Serbie lors des&hellip;\n","protected":false},"author":2,"featured_media":376514,"comment_status":"","ping_status":"","sticky":false,"template":"","format":"standard","meta":{"footnotes":""},"categories":[1588],"tags":[11,4708,51019,1777,674,63,38375,12,51021,51020,473,1853,3329,50273,1851,1850,1852],"class_list":{"0":"post-376513","1":"post","2":"type-post","3":"status-publish","4":"format-standard","5":"has-post-thumbnail","7":"category-royaume-uni","8":"tag-actualites","9":"tag-angleterre","10":"tag-equipe-nationale-anglaise","11":"tag-eu","12":"tag-europe","13":"tag-football","14":"tag-football-international","15":"tag-news","16":"tag-qualification-pour-la-coupe-du-monde","17":"tag-qualification-pour-la-coupe-du-monde-2026","18":"tag-royaume-uni","19":"tag-royaume-uni-de-grande-bretagne-et-dirlande-du-nord","20":"tag-serbie","21":"tag-thomas-tuchel","22":"tag-uk","23":"tag-united-kingdom","24":"tag-united-kingdom-of-great-britain-and-northern-ireland"},"share_on_mastodon":{"url":"https:\/\/pubeurope.com\/@fr\/115171586558784822","error":""},"_links":{"self":[{"href":"https:\/\/www.europesays.com\/fr\/wp-json\/wp\/v2\/posts\/376513","targetHints":{"allow":["GET"]}}],"collection":[{"href":"https:\/\/www.europesays.com\/fr\/wp-json\/wp\/v2\/posts"}],"about":[{"href":"https:\/\/www.europesays.com\/fr\/wp-json\/wp\/v2\/types\/post"}],"author":[{"embeddable":true,"href":"https:\/\/www.europesays.com\/fr\/wp-json\/wp\/v2\/users\/2"}],"replies":[{"embeddable":true,"href":"https:\/\/www.europesays.com\/fr\/wp-json\/wp\/v2\/comments?post=376513"}],"version-history":[{"count":0,"href":"https:\/\/www.europesays.com\/fr\/wp-json\/wp\/v2\/posts\/376513\/revisions"}],"wp:featuredmedia":[{"embeddable":true,"href":"https:\/\/www.europesays.com\/fr\/wp-json\/wp\/v2\/media\/376514"}],"wp:attachment":[{"href":"https:\/\/www.europesays.com\/fr\/wp-json\/wp\/v2\/media?parent=376513"}],"wp:term":[{"taxonomy":"category","embeddable":true,"href":"https:\/\/www.europesays.com\/fr\/wp-json\/wp\/v2\/categories?post=376513"},{"taxonomy":"post_tag","embeddable":true,"href":"https:\/\/www.europesays.com\/fr\/wp-json\/wp\/v2\/tags?post=376513"}],"curies":[{"name":"wp","href":"https:\/\/api.w.org\/{rel}","templated":true}]}}