{"id":376521,"date":"2025-09-09T00:51:10","date_gmt":"2025-09-09T00:51:10","guid":{"rendered":"https:\/\/www.europesays.com\/fr\/376521\/"},"modified":"2025-09-09T00:51:10","modified_gmt":"2025-09-09T00:51:10","slug":"en-2026-je-serai-candidat-cest-officiel-louis-sarkozy-suit-les-traces-de-son-pere-nicolas-sarkozy","status":"publish","type":"post","link":"https:\/\/www.europesays.com\/fr\/376521\/","title":{"rendered":"\u00ab\u00a0En 2026, je serai candidat\u00a0\u00bb : c\u2019est officiel Louis Sarkozy suit les traces de son p\u00e8re Nicolas Sarkozy"},"content":{"rendered":"<p>Un secret de polichinelle. Depuis plusieurs mois d\u00e9sormais, il se murmurait que Louis Sarkozy allait <a href=\"https:\/\/www.public.fr\/louis-sarkozy-bientot-maire-de-cette-petite-ville-toute-mignonne-du-sud-est-de-la-france\" target=\"_blank\" rel=\"noopener\">se pr\u00e9senter \u00e0 la mairie de Menton<\/a>, la ville du sud de la France dans laquelle il a d\u00e9cid\u00e9 de s\u2019installer avec sa femme Nathalie il y a d\u00e9j\u00e0 quelque temps.<\/p>\n<p>Nos confr\u00e8res du Figaro r\u00e9v\u00e9laient en effet, en avril dernier, que le fils de <a href=\"https:\/\/www.public.fr\/tag\/nicolas-sarkozy\" target=\"_blank\" rel=\"noopener\">Nicolas Sarkozy<\/a> lorgnait la ville proche de Nice et Monaco. C\u2019est d\u00e9sormais officiel, <a href=\"https:\/\/www.public.fr\/ca-fait-peur-le-niveau-dintelligence-louis-sarkozy-evoque-sa-soeur-giulia-et-son-contenu-poste-sur-les-reseaux-sociaux\" target=\"_blank\" rel=\"noopener\">le fr\u00e8re de Giulia<\/a> sera bel et bien candidat \u00e0 la marie de Menton en 2026.<\/p>\n<p>Louis Sarkozy, candidat \u00e0 la mairie de Menton en 2026<\/p>\n<p>Louis Sarkozy a annonc\u00e9 la nouvelle lui-m\u00eame, sur ses r\u00e9seaux sociaux, ce lundi 8 septembre 2025. \u00ab\u00a0Ch\u00e8res Mentonnaises, chers Mentonnais. J&rsquo;ai voulu vous adresser ce message directement et sans aucun interm\u00e9diaire. Je ne suis Mentonnais ni de lign\u00e9e, ni d&rsquo;origine, ni de naissance, ni d\u2019\u00e9ducation\u00a0\u00bb, explique dans un premier temps le fils de <a href=\"https:\/\/vsd.fr\/tag\/nicolas-sarkozy\/\" target=\"_blank\" rel=\"noopener\">l\u2019ancien Pr\u00e9sident de la R\u00e9publique<\/a> dans une vid\u00e9o publi\u00e9e sur ses r\u00e9seaux sociaux.<\/p>\n<p>Avant de poursuivre, toujours avec honn\u00eatet\u00e9 : \u00ab\u00a0En aucun cas, je ne vous ferai l&rsquo;affront de pr\u00e9tendre le contraire ou de m&rsquo;inventer une histoire. Je suis, comme tant d&rsquo;entre nous, un Mentonnais d&rsquo;adoption. Ce n&rsquo;est pas le hasard de la naissance qui m&rsquo;a conduit ici, mais un choix, un choix libre et conscient. Avec ma femme Nathalie, nous avons choisi Menton. Nous y vivons, nous allons y scolariser notre fils et servir cette ville\u00a0\u00bb.\u00a0<\/p>\n<p>Apr\u00e8s avoir fait preuve de franchise, Louis Sarkozy a annonc\u00e9 la nouvelle tant attendue : \u00ab\u00a0<strong>En 2026, je serai candidat aux \u00e9lections municipales<\/strong>\u00ab\u00a0. \u00ab\u00a0Le projet que je porte a une exigence, une volont\u00e9, une vocation. Il est en v\u00e9rit\u00e9 r\u00e9sumable \u00e0 une seule phrase : le renouveau. Menton exige du sang neuf. Mais, conscient des faiblesses de la gestion municipale pass\u00e9e, je refuse de perdre la moindre minute sur les pol\u00e9miques d\u2019hier. Les querelles de clocher ne m&rsquo;int\u00e9ressent pas, les rivalit\u00e9s st\u00e9riles ne m&rsquo;importent pas\u00a0\u00bb, explique-t-il.<\/p>\n<p>Apr\u00e8s la mairie, l&rsquo;\u00c9lys\u00e9e comme son p\u00e8re ? <\/p>\n<p>Louis Sarkozy compte \u00ab\u00a0constituer une \u00e9quipe diverse qui lie la nouveaut\u00e9 et la comp\u00e9tence\u00a0\u00bb qui incarne son engagement \u00ab\u00a0de la droite r\u00e9publicaine\u00a0\u00bb : \u00ab\u00a0La mission de cette \u00e9quipe sera de gouverner Menton avec \u00e9quilibre et avec sagesse\u00a0\u00bb.<\/p>\n<p>\u00ab\u00a0Le maire se doit d&rsquo;\u00eatre le garant de son pass\u00e9 comme de son avenir. Le choix de cette campagne fut difficile. Je mesure l&rsquo;immense responsabilit\u00e9 qu&rsquo;est la n\u00f4tre. Rien n&rsquo;est acquis, rien ne nous sera donn\u00e9, rien ne nous sera \u00e9pargn\u00e9. Dans les mois \u00e0 venir, je continuerai \u00e0 venir \u00e0 votre rencontre pour vous \u00e9couter et aussi pour vous convaincre. Chaque histoire a un d\u00e9but, chaque racine son origine. Mon ambition est qu&rsquo;avec le temps, l&rsquo;on puisse dire : C&rsquo;est un Mentonnais\u00a0\u00bb, a finalement conclu Louis Sarkozy.<\/p>\n<p>Ce dernier va donc suivre <strong>les traces de son p\u00e8re<\/strong>, lui-m\u00eame maire de Neuilly sur Seine le 29 avril 1983 face au centriste Louis-Charles Bary. En remportant l\u2019\u00e9lection municipale, Nicolas Sarkozy devenait le plus jeune maire de France. Reste \u00e0 savoir si son fils suivra ses traces jusqu\u2019au bout et se pr\u00e9sentera \u00e0 l\u2019\u00e9lection pr\u00e9sidentielle dans les prochaines ann\u00e9es.\u00a0<\/p>\n<p>      Mentionn\u00e9s dans cet article<\/p>\n<p>      Sur le m\u00eame sujet<\/p>\n","protected":false},"excerpt":{"rendered":"Un secret de polichinelle. Depuis plusieurs mois d\u00e9sormais, il se murmurait que Louis Sarkozy allait se pr\u00e9senter \u00e0&hellip;\n","protected":false},"author":2,"featured_media":376522,"comment_status":"","ping_status":"","sticky":false,"template":"","format":"standard","meta":{"footnotes":""},"categories":[2],"tags":[11,4188,1011,27,17927,5107,43708,12,3091,25],"class_list":{"0":"post-376521","1":"post","2":"type-post","3":"status-publish","4":"format-standard","5":"has-post-thumbnail","7":"category-actualites","8":"tag-actualites","9":"tag-elections-municipales","10":"tag-fr","11":"tag-france","12":"tag-louis-sarkozy","13":"tag-maire","14":"tag-menton","15":"tag-news","16":"tag-nicolas-sarkozy","17":"tag-republique-francaise"},"share_on_mastodon":{"url":"https:\/\/pubeurope.com\/@fr\/115171602185137442","error":""},"_links":{"self":[{"href":"https:\/\/www.europesays.com\/fr\/wp-json\/wp\/v2\/posts\/376521","targetHints":{"allow":["GET"]}}],"collection":[{"href":"https:\/\/www.europesays.com\/fr\/wp-json\/wp\/v2\/posts"}],"about":[{"href":"https:\/\/www.europesays.com\/fr\/wp-json\/wp\/v2\/types\/post"}],"author":[{"embeddable":true,"href":"https:\/\/www.europesays.com\/fr\/wp-json\/wp\/v2\/users\/2"}],"replies":[{"embeddable":true,"href":"https:\/\/www.europesays.com\/fr\/wp-json\/wp\/v2\/comments?post=376521"}],"version-history":[{"count":0,"href":"https:\/\/www.europesays.com\/fr\/wp-json\/wp\/v2\/posts\/376521\/revisions"}],"wp:featuredmedia":[{"embeddable":true,"href":"https:\/\/www.europesays.com\/fr\/wp-json\/wp\/v2\/media\/376522"}],"wp:attachment":[{"href":"https:\/\/www.europesays.com\/fr\/wp-json\/wp\/v2\/media?parent=376521"}],"wp:term":[{"taxonomy":"category","embeddable":true,"href":"https:\/\/www.europesays.com\/fr\/wp-json\/wp\/v2\/categories?post=376521"},{"taxonomy":"post_tag","embeddable":true,"href":"https:\/\/www.europesays.com\/fr\/wp-json\/wp\/v2\/tags?post=376521"}],"curies":[{"name":"wp","href":"https:\/\/api.w.org\/{rel}","templated":true}]}}