{"id":376523,"date":"2025-09-09T00:52:12","date_gmt":"2025-09-09T00:52:12","guid":{"rendered":"https:\/\/www.europesays.com\/fr\/376523\/"},"modified":"2025-09-09T00:52:12","modified_gmt":"2025-09-09T00:52:12","slug":"nouvelle-clio-a-t-elle-tout-dune-grande-le-parisien","status":"publish","type":"post","link":"https:\/\/www.europesays.com\/fr\/376523\/","title":{"rendered":"Nouvelle Clio : a-t-elle tout d\u2019une grande ? &#8211; Le Parisien"},"content":{"rendered":"<ol>\n<li><a href=\"https:\/\/news.google.com\/rss\/articles\/CBMitwFBVV95cUxNZE5ZdllKRzMtd0MtMmwzZE00V0J1eDhHTUtMMjdOem5RNmpMMWhDanI5QlZpWUliQjFnVG5IalJOcWxuVEl1VThuRkRHVVlZX0QzeE1hMlQwc0xTbl9hM2JhUHZ3aUl6T1pEYTJianphYVFoeVVSblBycE9NRXlQTzAtNFFOQ2tHMmpEMG9pV1FlOWlwLVhOOHY1Vm5HUEdPaGU2bzN0aU9YMHFsR1VnVmhZSHd0d2s?oc=5\" target=\"_blank\" rel=\"nofollow noopener\">Nouvelle Clio : a-t-elle tout d\u2019une grande ?<\/a>&nbsp;&nbsp;Le Parisien<\/li>\n<li><a href=\"https:\/\/news.google.com\/rss\/articles\/CBMixAFBVV95cUxNcnprRnJUcHBiUFM2STFUNGtjZ0cycVFwNU1LLUtnZFlUamhXbXQ5NWFRVi0yVHNoNEkxazRnMTB5X05vRmlENFU0cGNRWXNWc1RuUWZCUHBHOUtMX1Q1YjhNa05EQnZOeTlFN3ZnTkphaUhEWTA2WGhWekQ4TXVHYzREWVMyaGt1Q3ZKc01NNFZBbFNHU0NNNVNCQU8yRmYzcXBTeWdLR01vS04yZktndVp6U3FyS2pDT0VIazNMcEJPcVJF?oc=5\" target=\"_blank\" rel=\"nofollow noopener\">Nouvelle Clio : le pari de Renault pour prolonger la success story<\/a>&nbsp;&nbsp;Les Echos<\/li>\n<li><a href=\"https:\/\/news.google.com\/rss\/articles\/CBMiwgFBVV95cUxPSVNBXzE3VzBwT05uaHZRU0djaHpBSEtCSFgtTlhiWFM2UFByVVFqbDNIZWMyUHBUclZ1ellDMTFMRi1nNjZuSkcxZVZHcmd2SnNjQkFDTVczb1pucWdwUnFlSU1KWVEwcTBITVE5WmFiSlZJVzVYb21MWGJyRjhXdG1SeWs5YXJrTDlsMmRsdERCOHIxbk92M2tXSTE3T2tteDRmZFZrZmFmNmJxSEhTalJLaVRnTm5hY2RuYzdiMHBfZw?oc=5\" target=\"_blank\" rel=\"nofollow noopener\">Jusqu&rsquo;\u00e0 29 aides \u00e0 la conduite<\/a>&nbsp;&nbsp;Linternaute.com<\/li>\n<li><a href=\"https:\/\/news.google.com\/rss\/articles\/CBMiywFBVV95cUxQbjFKaEp2VEtWWU11bFNHQXdnak9OWDNuRElPdWVyUU1JNG5oeXRhWWJkdHdNNXB6TnpLdEJnSnN1eGhVZjFmRHlFd2Z6MjVwRjg5QWNleVE4N2xvM2M0aGt6TlBvdVZLcWRfR3NpNHh1LWI3NEZ4OXBMU053N08xamNxRlF2eTRyRVdzTVExZEowR1djYjJBLTNITGpoUTRRRkp3cUFPbmgtc2pWWWZvVnduSnZjX1ZDdUgzYnkzV2VmeVN5N1pET28xYw?oc=5\" target=\"_blank\" rel=\"nofollow noopener\">Renault Clio : design, moteur, prix, voici ce que vous allez adorer et d\u00e9tester chez la voiture star<\/a>&nbsp;&nbsp;Capital.fr<\/li>\n<li><a href=\"https:\/\/news.google.com\/rss\/articles\/CBMi0AFBVV95cUxNZ2plZGRIcUdNV1ZQNFM0SHFwSGlnazctNWRvX0Fwb241aGFTQ1puaUx5NDQtbTFzZldIaHRzTFBWSzE5bThCazRCTVFicDJhb1BqQ212QjFDUzhUcmVXV0hNejhOa0ZKSzZwSHdiYTRybTVJNEVSLXRJSG5NOTJfVkowSTF3c0JSN01CTmV3Q2pUbi1XOVRoLXpBRVlVdldOZXBMQUxlOTJuQW9oNzFYN0QzWUVYUmV6d0ozZHJiWnB4UjNkUGlOWi1GOVBhckJP?oc=5\" target=\"_blank\" rel=\"nofollow noopener\">Avec la sixi\u00e8me g\u00e9n\u00e9ration de Clio, Renault prend le risque de r\u00e9inventer compl\u00e8tement sa citadine.<\/a>&nbsp;&nbsp;Caradisiac<\/li>\n<\/ol>\n","protected":false},"excerpt":{"rendered":"Nouvelle Clio : a-t-elle tout d\u2019une grande ?&nbsp;&nbsp;Le Parisien Nouvelle Clio : le pari de Renault pour prolonger&hellip;\n","protected":false},"author":2,"featured_media":376524,"comment_status":"","ping_status":"","sticky":false,"template":"","format":"standard","meta":{"footnotes":""},"categories":[2],"tags":[11,646,33,1011,27,12,25],"class_list":{"0":"post-376523","1":"post","2":"type-post","3":"status-publish","4":"format-standard","5":"has-post-thumbnail","7":"category-actualites","8":"tag-actualites","9":"tag-automobile","10":"tag-economie","11":"tag-fr","12":"tag-france","13":"tag-news","14":"tag-republique-francaise"},"share_on_mastodon":{"url":"https:\/\/pubeurope.com\/@fr\/115171606091682967","error":""},"_links":{"self":[{"href":"https:\/\/www.europesays.com\/fr\/wp-json\/wp\/v2\/posts\/376523","targetHints":{"allow":["GET"]}}],"collection":[{"href":"https:\/\/www.europesays.com\/fr\/wp-json\/wp\/v2\/posts"}],"about":[{"href":"https:\/\/www.europesays.com\/fr\/wp-json\/wp\/v2\/types\/post"}],"author":[{"embeddable":true,"href":"https:\/\/www.europesays.com\/fr\/wp-json\/wp\/v2\/users\/2"}],"replies":[{"embeddable":true,"href":"https:\/\/www.europesays.com\/fr\/wp-json\/wp\/v2\/comments?post=376523"}],"version-history":[{"count":0,"href":"https:\/\/www.europesays.com\/fr\/wp-json\/wp\/v2\/posts\/376523\/revisions"}],"wp:featuredmedia":[{"embeddable":true,"href":"https:\/\/www.europesays.com\/fr\/wp-json\/wp\/v2\/media\/376524"}],"wp:attachment":[{"href":"https:\/\/www.europesays.com\/fr\/wp-json\/wp\/v2\/media?parent=376523"}],"wp:term":[{"taxonomy":"category","embeddable":true,"href":"https:\/\/www.europesays.com\/fr\/wp-json\/wp\/v2\/categories?post=376523"},{"taxonomy":"post_tag","embeddable":true,"href":"https:\/\/www.europesays.com\/fr\/wp-json\/wp\/v2\/tags?post=376523"}],"curies":[{"name":"wp","href":"https:\/\/api.w.org\/{rel}","templated":true}]}}