{"id":376531,"date":"2025-09-09T00:59:12","date_gmt":"2025-09-09T00:59:12","guid":{"rendered":"https:\/\/www.europesays.com\/fr\/376531\/"},"modified":"2025-09-09T00:59:12","modified_gmt":"2025-09-09T00:59:12","slug":"ou-en-est-la-saison-motogp-2025","status":"publish","type":"post","link":"https:\/\/www.europesays.com\/fr\/376531\/","title":{"rendered":"O\u00f9 en est la saison MotoGP 2025 ?"},"content":{"rendered":"<p>Quels sont les enjeux restants sur cette saison MotoGP 2025 ? Si le titre mondial ne semble plus pouvoir \u00e9chapper au pilote espagnol Marc Marquez (Ducati), la question reste de savoir quand celui-ci pourra math\u00e9matiquement sceller sa couronne mondiale. Apr\u00e8s le GP de Catalogne, qui s\u2019est tenu ce week-end, le calendrier MotoGP compte encore au menu un total de sept \u00e9preuves, lors desquelles chaque wee-end de course comptera une manche sprint et une course longue, pour un total de 259 points \u00e0 attribuer en cas de carton plein (37 points fois sept).<\/p>\n<p>A la mi-septembre, c\u2019est en Principaut\u00e9 de St Marin, sur les terres de Valentino Rossi, que d\u00e9barquera le MotoGP. Ensuite, direction des destinations plus lointaines, avec les manches du Japon, d\u2019Indon\u00e9sie et d\u2019Australie, sur le fameux circuit de Phillip Island. La tourn\u00e9e extra-europ\u00e9enne prendra fin avec le Grand Prix de Malaisie, \u00e0 Sepang, un trac\u00e9 qui manque aux fans de Formule 1 ! Pour terminer, le MotoGP revient dans la p\u00e9nisule hispanique, avec les GP du Portugal et de Valence pour cl\u00f4turer la saison 2025.<\/p>\n<p>Le calendrier MotoGP 2025 des courses \u00e0 disputer :<\/p>\n<tr>\n<td style=\"width: 34.4828%;\">14 septembre<\/td>\n<td class=\"vainqueur club\" style=\"width: 61.0345%;\">\n<p><strong>Saint-Marin<\/strong><\/p>\n<\/td>\n<td class=\"vainqueur club\" style=\"width: 1.03448%;\">\u00a0<\/td>\n<\/tr>\n<tr>\n<td style=\"width: 34.4828%;\">28 septembre<\/td>\n<td class=\"vainqueur club\" style=\"width: 61.0345%;\">\n<p><strong>Japon<\/strong><\/p>\n<\/td>\n<td class=\"vainqueur club\" style=\"width: 1.03448%;\">\u00a0<\/td>\n<\/tr>\n<tr>\n<td style=\"width: 34.4828%;\">05 octobre<\/td>\n<td class=\"vainqueur club\" style=\"width: 61.0345%;\">\n<p><strong>Indon\u00e9sie<\/strong><\/p>\n<\/td>\n<td class=\"vainqueur club\" style=\"width: 1.03448%;\">\u00a0<\/td>\n<\/tr>\n<tr>\n<td style=\"width: 34.4828%;\">19 octobre<\/td>\n<td class=\"vainqueur club\" style=\"width: 61.0345%;\">\n<p><strong>Australie<\/strong><\/p>\n<\/td>\n<td class=\"vainqueur club\" style=\"width: 1.03448%;\">\u00a0<\/td>\n<\/tr>\n<tr>\n<td style=\"width: 34.4828%;\">26 octobre<\/td>\n<td class=\"vainqueur club\" style=\"width: 61.0345%;\">\n<p><strong>Malaisie<\/strong><\/p>\n<\/td>\n<td class=\"vainqueur club\" style=\"width: 1.03448%;\">\u00a0<\/td>\n<\/tr>\n<tr>\n<td style=\"width: 34.4828%;\">09 novembre<\/td>\n<td class=\"vainqueur club\" style=\"width: 61.0345%;\">\n<p><strong>Portugal<\/strong><\/p>\n<\/td>\n<td class=\"vainqueur club\" style=\"width: 1.03448%;\">\u00a0<\/td>\n<\/tr>\n<tr>\n<td style=\"width: 34.4828%;\">16 novembre<\/td>\n<td class=\"vainqueur club\" style=\"width: 61.0345%;\">\n<p><strong>Valence<\/strong><\/p>\n<\/td>\n<td class=\"vainqueur club\" style=\"width: 1.03448%;\">\u00a0<\/td>\n<\/tr>\n","protected":false},"excerpt":{"rendered":"Quels sont les enjeux restants sur cette saison MotoGP 2025 ? Si le titre mondial ne semble plus&hellip;\n","protected":false},"author":2,"featured_media":376532,"comment_status":"","ping_status":"","sticky":false,"template":"","format":"standard","meta":{"footnotes":""},"categories":[1413],"tags":[5080,5081,525,39968,4266,1451,5083,5084,5085,5087,1011,27,1461,1457,1456,1458,5089,5090,60,5091,3030],"class_list":{"0":"post-376531","1":"post","2":"type-post","3":"status-publish","4":"format-standard","5":"has-post-thumbnail","7":"category-moto","8":"tag-actualites-f1","9":"tag-actuf1","10":"tag-calendrier","11":"tag-calendrier-motogp","12":"tag-ducati","13":"tag-f1","14":"tag-f1-actu","15":"tag-f1-direct","16":"tag-f1-live","17":"tag-f1news","18":"tag-fr","19":"tag-france","20":"tag-marc-marquez","21":"tag-moto","22":"tag-motocycle","23":"tag-motogp","24":"tag-news-f1","25":"tag-newsf1","26":"tag-sports","27":"tag-tip","28":"tag-top"},"share_on_mastodon":{"url":"https:\/\/pubeurope.com\/@fr\/115171633787035947","error":""},"_links":{"self":[{"href":"https:\/\/www.europesays.com\/fr\/wp-json\/wp\/v2\/posts\/376531","targetHints":{"allow":["GET"]}}],"collection":[{"href":"https:\/\/www.europesays.com\/fr\/wp-json\/wp\/v2\/posts"}],"about":[{"href":"https:\/\/www.europesays.com\/fr\/wp-json\/wp\/v2\/types\/post"}],"author":[{"embeddable":true,"href":"https:\/\/www.europesays.com\/fr\/wp-json\/wp\/v2\/users\/2"}],"replies":[{"embeddable":true,"href":"https:\/\/www.europesays.com\/fr\/wp-json\/wp\/v2\/comments?post=376531"}],"version-history":[{"count":0,"href":"https:\/\/www.europesays.com\/fr\/wp-json\/wp\/v2\/posts\/376531\/revisions"}],"wp:featuredmedia":[{"embeddable":true,"href":"https:\/\/www.europesays.com\/fr\/wp-json\/wp\/v2\/media\/376532"}],"wp:attachment":[{"href":"https:\/\/www.europesays.com\/fr\/wp-json\/wp\/v2\/media?parent=376531"}],"wp:term":[{"taxonomy":"category","embeddable":true,"href":"https:\/\/www.europesays.com\/fr\/wp-json\/wp\/v2\/categories?post=376531"},{"taxonomy":"post_tag","embeddable":true,"href":"https:\/\/www.europesays.com\/fr\/wp-json\/wp\/v2\/tags?post=376531"}],"curies":[{"name":"wp","href":"https:\/\/api.w.org\/{rel}","templated":true}]}}