{"id":376537,"date":"2025-09-09T01:02:17","date_gmt":"2025-09-09T01:02:17","guid":{"rendered":"https:\/\/www.europesays.com\/fr\/376537\/"},"modified":"2025-09-09T01:02:17","modified_gmt":"2025-09-09T01:02:17","slug":"n2-santiago-cucci-rachete-laviron-bayonnais-football-club","status":"publish","type":"post","link":"https:\/\/www.europesays.com\/fr\/376537\/","title":{"rendered":"N2 : Santiago Cucci rach\u00e8te l&rsquo;Aviron Bayonnais Football Club"},"content":{"rendered":"<p><img decoding=\"async\" src=\"https:\/\/www.europesays.com\/fr\/wp-content\/uploads\/2025\/09\/671_483eec8adc9e60268f627efa727f0467.jpg\" alt=\"N2 : Santiago Cucci rach\u00e8te l'Aviron Bayonnais Football Club\" class=\"img-responsive mt-3\"\/><\/p>\n<p class=\"text-center mb-3\" style=\"font-size: 14px\">\u00a9 Iconsport<\/p>\n<p style=\"text-align: justify;\">Karim Fradin est venu ses parts \u00e0 Santiago Cucci, peut-on lire dans un communiqu\u00e9 officiel du club de l&rsquo;ABFC ce lundi soir. Karim Fradin reste impliqu\u00e9 au club en qualit\u00e9 de Directeur du Football.<\/p>\n<p style=\"text-align: justify;\">En f\u00e9vrier 2024, <a href=\"https:\/\/www.webgirondins.com\/actualite-girondins-santiago-cucci-je-confirme-qu-on-a-fait-une-offre-signee-par-michael-benabou-a-gerard-lopez-124491\" target=\"_blank\" rel=\"noopener\">Santiago Cucci avait tent\u00e9 un rachat des parts des Girondins de Bordeaux<\/a> avec le milliardaire fran\u00e7ais Micha\u00ebl Benabou, en vain.<\/p>\n<p style=\"text-align: justify;\">Voici le communiqu\u00e9 du club de l&rsquo;ABFC :<\/p>\n<p style=\"text-align: justify;\"><img decoding=\"async\" src=\"https:\/\/www.europesays.com\/fr\/wp-content\/uploads\/2025\/09\/abfc.png\" alt=\"abfc.png (2.44 MB)\" style=\"width:700px;max-width:100%;\"\/><\/p>\n<p>\u00a0<\/p>\n<p>\u00c0 lire &gt;&gt; <a href=\"https:\/\/www.webgirondins.com\/actualite-mercato-girondins-qui-est-oualid-el-hajjam-la-solution-defensive-de-bordeaux-130346\" target=\"_blank\" rel=\"noopener\"><strong>qui est Oualid El Hajjam, la solution d\u00e9fensive de Bordeaux ?<\/strong><\/a><\/p>\n","protected":false},"excerpt":{"rendered":"\u00a9 Iconsport Karim Fradin est venu ses parts \u00e0 Santiago Cucci, peut-on lire dans un communiqu\u00e9 officiel du&hellip;\n","protected":false},"author":2,"featured_media":376538,"comment_status":"","ping_status":"","sticky":false,"template":"","format":"standard","meta":{"footnotes":""},"categories":[1410],"tags":[3694,8851,3810,51025,43478,1997,5244,51023,1869,6475,63,1011,27,1987,4933,24184,51026,471,4919,51024,5243,51022,60],"class_list":{"0":"post-376537","1":"post","2":"type-post","3":"status-publish","4":"format-standard","5":"has-post-thumbnail","7":"category-football","8":"tag-affaires","9":"tag-avait","10":"tag-aviron","11":"tag-basque","12":"tag-bayonnais","13":"tag-bordeaux","14":"tag-club","15":"tag-cucci","16":"tag-debut","17":"tag-devient","18":"tag-football","19":"tag-fr","20":"tag-france","21":"tag-girondins","22":"tag-homme","23":"tag-officiel","24":"tag-postule","25":"tag-pour","26":"tag-president","27":"tag-rachete","28":"tag-racheter","29":"tag-santiago","30":"tag-sports"},"share_on_mastodon":{"url":"https:\/\/pubeurope.com\/@fr\/115171646038292055","error":""},"_links":{"self":[{"href":"https:\/\/www.europesays.com\/fr\/wp-json\/wp\/v2\/posts\/376537","targetHints":{"allow":["GET"]}}],"collection":[{"href":"https:\/\/www.europesays.com\/fr\/wp-json\/wp\/v2\/posts"}],"about":[{"href":"https:\/\/www.europesays.com\/fr\/wp-json\/wp\/v2\/types\/post"}],"author":[{"embeddable":true,"href":"https:\/\/www.europesays.com\/fr\/wp-json\/wp\/v2\/users\/2"}],"replies":[{"embeddable":true,"href":"https:\/\/www.europesays.com\/fr\/wp-json\/wp\/v2\/comments?post=376537"}],"version-history":[{"count":0,"href":"https:\/\/www.europesays.com\/fr\/wp-json\/wp\/v2\/posts\/376537\/revisions"}],"wp:featuredmedia":[{"embeddable":true,"href":"https:\/\/www.europesays.com\/fr\/wp-json\/wp\/v2\/media\/376538"}],"wp:attachment":[{"href":"https:\/\/www.europesays.com\/fr\/wp-json\/wp\/v2\/media?parent=376537"}],"wp:term":[{"taxonomy":"category","embeddable":true,"href":"https:\/\/www.europesays.com\/fr\/wp-json\/wp\/v2\/categories?post=376537"},{"taxonomy":"post_tag","embeddable":true,"href":"https:\/\/www.europesays.com\/fr\/wp-json\/wp\/v2\/tags?post=376537"}],"curies":[{"name":"wp","href":"https:\/\/api.w.org\/{rel}","templated":true}]}}