{"id":376539,"date":"2025-09-09T01:03:26","date_gmt":"2025-09-09T01:03:26","guid":{"rendered":"https:\/\/www.europesays.com\/fr\/376539\/"},"modified":"2025-09-09T01:03:26","modified_gmt":"2025-09-09T01:03:26","slug":"pourquoi-a-t-elle-fait-le-buzz","status":"publish","type":"post","link":"https:\/\/www.europesays.com\/fr\/376539\/","title":{"rendered":"pourquoi a-t-elle fait le buzz\u00a0?"},"content":{"rendered":"<p>\n                Apr\u00e8s dix ans d&rsquo;absence, Val\u00e9rie Lemercier foulera \u00e0 nouveau les planches avec un seule-en-sc\u00e8ne in\u00e9dit \u00e0 partir du mois d&rsquo;octobre. Pour en faire la promo, elle a r\u00e9cemment parodi\u00e9 une c\u00e9l\u00e8bre influenceuse. Et sa vid\u00e9o a fait grand bruit\u00a0! Elle s&rsquo;explique.            <\/p>\n<p>Le 15\u00a0octobre prochain, <a href=\"https:\/\/www.journaldesfemmes.fr\/people\/personnalites\/2900779-valerie-lemercier-age-vie-privee-ou-elle-habite\/\" title=\"Val\u00e9rie Lemercier\" rel=\"nofollow noopener\" target=\"_blank\">Val\u00e9rie Lemercier<\/a> remontera sur sc\u00e8ne apr\u00e8s dix ans d&rsquo;absence sur les planches. Jusqu&rsquo;au 3\u00a0janvier 2026, elle investira le th\u00e9\u00e2tre Marigny, \u00e0 Paris, avant de partir en tourn\u00e9e dans toute la France.\u00a0<\/p>\n<p>Val\u00e9rie Lemercier parodie Lena Situations\u2026 Et fait le buzz sur les r\u00e9seaux sociaux<\/p>\n<p>Invit\u00e9e \u00e0 cette occasion dans Vari\u00e9t\u00e9s, la\u00a0nouvelle \u00e9mission d&rsquo;Augustin Trapenard sur RTL, la com\u00e9dienne de 61\u00a0ans est revenue sur la naissance de ce tout nouveau spectacle. Et sur la promotion qu&rsquo;elle en a fait\u2026 Qui a attir\u00e9 l&rsquo;attention cet \u00e9t\u00e9\u00a0! Et pour cause, pour annoncer l&rsquo;\u00e9criture de son spectacle, l&rsquo;actrice a parodi\u00e9 la plus c\u00e9l\u00e8bre influenceuse de l&rsquo;Hexagone :\u00a0<a href=\"https:\/\/www.journaldesfemmes.fr\/mode\/influenceuses\/2708292-lena-situations-x-adidas-ont-cree-vos-nouvelles-sneakers-preferees\/\" title=\"Lena Mahfouf\" rel=\"nofollow noopener\" target=\"_blank\">Lena Situations<\/a>. Qui avait elle-m\u00eame lanc\u00e9 les vlogs d&rsquo;ao\u00fbt, et annonc\u00e9 la sortie imminente de son livre, quelques jours auparavant en se baladant dans Los Angeles.\u00a0<\/p>\n<p>Dans la\u00a0toute premi\u00e8re vid\u00e9o\u00a0post\u00e9e sur son compte Instagram officiel,\u00a0Val\u00e9rie Lemercier s&rsquo;est donc grim\u00e9e\u00a0: elle porte la m\u00eame tenue que la \u00ab\u00a0m\u00e8re de Paris\u00a0\u00bb, adopte la m\u00eame d\u00e9marche et les m\u00eames accessoires. Mais le cadre dans lequel elle d\u00e9ambule est un brin moins bucolique. Ce qui n&rsquo;a pas manqu\u00e9 de faire rire ses fans\u2026 Et d&rsquo;agacer la team premier degr\u00e9\u2026<\/p>\n<p>Val\u00e9rie Lemercier \u00ab\u00a0fan\u00a0\u00bb de Lena Situations\u00a0: \u00ab\u00a0J&rsquo;adore les vid\u00e9os qu&rsquo;elle fait\u00a0!\u00a0\u00bb<\/p>\n<p>Car si Val\u00e9rie Lemercier a fait le buzz, avec une vid\u00e9o vue pas moins de deux millions de fois, elle a aussi fait grincer des dents certains fans de Lena Situations qui, elle, n&rsquo;a pas pris la parole \u00e0 ce sujet. Questionn\u00e9e sur le sujet par Augustin Trapenard, celle qui a trois Moli\u00e8res et trois C\u00e9sar \u00e0 son actif a r\u00e9pondu du tac au tac.\u00a0<\/p>\n<p>\u00ab\u00a0C&rsquo;est la premi\u00e8re fois de ma vie que je poste un truc. Je vous le dis, je suis fan de L\u00e9na et \u00e7a m&rsquo;amusait\u00a0! Elle \u00e9tait en train d&rsquo;\u00e9crire son livre \u00e0 Los Angeles et moi, je me suis dit, je vais m&rsquo;habiller pareil et je vais \u00e9crire mon spectacle \u00e0 Paris dans les poubelles. Et elle, elle \u00e9crivait son livre \u00e0 Los Angeles avec un truc un peu bucolique, un peu vert (&#8230;)\u00a0Je me suis achet\u00e9e sa tenue.\u00a0Je me suis film\u00e9e \u00e0 7\u00a0heures du matin\u00a0dans la rue \u00e0 c\u00f4t\u00e9. Tout \u00e7a, c&rsquo;\u00e9tait purement mignon, j&rsquo;adore les vid\u00e9os qu&rsquo;elle fait\u00a0!\u00a0\u00bb, a-t-elle racont\u00e9 sur les coulisses de cette vid\u00e9o inattendue.<\/p>\n","protected":false},"excerpt":{"rendered":"Apr\u00e8s dix ans d&rsquo;absence, Val\u00e9rie Lemercier foulera \u00e0 nouveau les planches avec un seule-en-sc\u00e8ne in\u00e9dit \u00e0 partir du&hellip;\n","protected":false},"author":2,"featured_media":376540,"comment_status":"","ping_status":"","sticky":false,"template":"","format":"standard","meta":{"footnotes":""},"categories":[1359],"tags":[58,59,1011,27,973],"class_list":{"0":"post-376539","1":"post","2":"type-post","3":"status-publish","4":"format-standard","5":"has-post-thumbnail","7":"category-people","8":"tag-divertissement","9":"tag-entertainment","10":"tag-fr","11":"tag-france","12":"tag-people"},"share_on_mastodon":{"url":"https:\/\/pubeurope.com\/@fr\/115171649368018853","error":""},"_links":{"self":[{"href":"https:\/\/www.europesays.com\/fr\/wp-json\/wp\/v2\/posts\/376539","targetHints":{"allow":["GET"]}}],"collection":[{"href":"https:\/\/www.europesays.com\/fr\/wp-json\/wp\/v2\/posts"}],"about":[{"href":"https:\/\/www.europesays.com\/fr\/wp-json\/wp\/v2\/types\/post"}],"author":[{"embeddable":true,"href":"https:\/\/www.europesays.com\/fr\/wp-json\/wp\/v2\/users\/2"}],"replies":[{"embeddable":true,"href":"https:\/\/www.europesays.com\/fr\/wp-json\/wp\/v2\/comments?post=376539"}],"version-history":[{"count":0,"href":"https:\/\/www.europesays.com\/fr\/wp-json\/wp\/v2\/posts\/376539\/revisions"}],"wp:featuredmedia":[{"embeddable":true,"href":"https:\/\/www.europesays.com\/fr\/wp-json\/wp\/v2\/media\/376540"}],"wp:attachment":[{"href":"https:\/\/www.europesays.com\/fr\/wp-json\/wp\/v2\/media?parent=376539"}],"wp:term":[{"taxonomy":"category","embeddable":true,"href":"https:\/\/www.europesays.com\/fr\/wp-json\/wp\/v2\/categories?post=376539"},{"taxonomy":"post_tag","embeddable":true,"href":"https:\/\/www.europesays.com\/fr\/wp-json\/wp\/v2\/tags?post=376539"}],"curies":[{"name":"wp","href":"https:\/\/api.w.org\/{rel}","templated":true}]}}