{"id":376543,"date":"2025-09-09T01:05:11","date_gmt":"2025-09-09T01:05:11","guid":{"rendered":"https:\/\/www.europesays.com\/fr\/376543\/"},"modified":"2025-09-09T01:05:11","modified_gmt":"2025-09-09T01:05:11","slug":"lalberta-modifie-les-regles-dinterdiction-de-livres-dans-les-ecoles","status":"publish","type":"post","link":"https:\/\/www.europesays.com\/fr\/376543\/","title":{"rendered":"L\u2019Alberta modifie les r\u00e8gles d\u2019interdiction de livres dans les \u00e9coles"},"content":{"rendered":"<p class=\"sc-jbo7hw-7 bDkRIk\">Le ministre de l\u2019\u00c9ducation de l&rsquo;Alberta a sign\u00e9 un nouvel arr\u00eat\u00e9 minist\u00e9riel dans le but d\u2019ajuster l&rsquo;interdiction des livres \u00e0 caract\u00e8re sexuel dans les biblioth\u00e8ques scolaires de la province. D\u00e9sormais, l\u2019interdiction vise seulement les repr\u00e9sentations visuelles explicites d\u2019actes sexuels.<\/p>\n<p class=\"sc-jbo7hw-7 bDkRIk\">Les \u0153uvres litt\u00e9raires contenant des descriptions textuelles d\u2019actes sexuels pourront finalement rester dans les biblioth\u00e8ques scolaires.<\/p>\n<p class=\"sc-jbo7hw-7 bDkRIk\">La pr\u00e9c\u00e9dente version de l\u2019arr\u00eat\u00e9 minist\u00e9riel avait sem\u00e9 la controverse, notamment apr\u00e8s la <a tabindex=\"0\" class=\"border-b border-solid transition-colors text-blue600 hover:text-blue600 light:text-blue600 light:hover:text-blue600 dark:text-blue400 dark:hover:text-blue400 border-gray900\/25 light:border-gray900\/25 dark:border-gray100\/25 hover:border-blue600 light:hover:border-blue600 dark:hover:border-blue400 hover:bg-gray999\/10 light:hover:bg-gray999\/10 dark:hover:bg-gray0\/10\" href=\"https:\/\/ici.radio-canada.ca\/nouvelle\/2189305\/margaret-atwood-two-boys-kissing-alberta-school\" rel=\"nofollow noopener\" target=\"_blank\">publication d\u2019une liste de 200\u00a0livres<\/a> \u00e0 bannir produite par le Conseil scolaire public d\u2019Edmonton, contenant certains classiques tels que <a tabindex=\"0\" class=\"border-b border-solid transition-colors text-blue600 hover:text-blue600 light:text-blue600 light:hover:text-blue600 dark:text-blue400 dark:hover:text-blue400 border-gray900\/25 light:border-gray900\/25 dark:border-gray100\/25 hover:border-blue600 light:hover:border-blue600 dark:hover:border-blue400 hover:bg-gray999\/10 light:hover:bg-gray999\/10 dark:hover:bg-gray0\/10\" href=\"https:\/\/ici.radio-canada.ca\/nouvelle\/2189410\/servante-ecarlate-livre-caractere-sexuel-alberta\" rel=\"nofollow noopener\" target=\"_blank\">La servante \u00e9carlate,<\/a> de Margaret Atwood.<\/p>\n<p class=\"sc-jbo7hw-7 bDkRIk\">La premi\u00e8re ministre Danielle Smith avait qualifi\u00e9 cette application du r\u00e8glement de la part du conseil scolaire d&rsquo;excessive. Sur son compte\u00a0X, le ministre de l\u2019\u00c9ducation, Demetrios Nicolaides, avait par la suite mentionn\u00e9 qu\u2019il allait r\u00e9viser l\u2019arr\u00eat\u00e9.<\/p>\n<p class=\"sc-jbo7hw-7 bDkRIk\"><a tabindex=\"0\" class=\"border-b border-solid transition-colors text-blue600 hover:text-blue600 light:text-blue600 light:hover:text-blue600 dark:text-blue400 dark:hover:text-blue400 border-gray900\/25 light:border-gray900\/25 dark:border-gray100\/25 hover:border-blue600 light:hover:border-blue600 dark:hover:border-blue400 hover:bg-gray999\/10 light:hover:bg-gray999\/10 dark:hover:bg-gray0\/10\" href=\"https:\/\/ici.radio-canada.ca\/nouvelle\/2189794\/interdiction-livre-ecole-alberta-sexuel\" rel=\"nofollow noopener\" target=\"_blank\">L&rsquo;ordonnance a \u00e9t\u00e9 mise sur pause<\/a> par le ministre peu de temps apr\u00e8s afin de permettre au gouvernement de porter les ajustements souhait\u00e9s.<\/p>\n<p class=\"sc-jbo7hw-7 bDkRIk\">Pr\u00e9c\u00e9demment, les \u00e9coles avaient jusqu\u2019au 1er\u00a0octobre pour retirer les livres des tablettes. Dor\u00e9navant, elles auront jusqu\u2019au 31\u00a0octobre\u00a02025 pour soumettre leur liste au minist\u00e8re et devront appliquer la mesure au plus tard le 5\u00a0janvier\u00a02026.<\/p>\n<blockquote class=\"sc-ym8j07-0 kJvxpW text-gray700 light:text-gray700 dark:text-gray200\">\n<p class=\"sc-ym8j07-1 jhkebe !font-display text-6 leading-5 xsToSm:text-5 font-bold text-gray700 light:text-gray700 dark:text-gray200 font-medium\">On veut s\u2019assurer de pouvoir visionner le mat\u00e9riel [que les conseils scolaires] consid\u00e8rent comme conforme \u00e0 la mesure.<\/p>\n<p>Une citation de Demetrios Nicolaides, ministre de l&rsquo;\u00c9ducation de l&rsquo;Alberta<\/p><\/blockquote>\n<p>Plusieurs autres pr\u00e9cisions<\/p>\n<p class=\"sc-jbo7hw-7 bDkRIk\">Le minist\u00e8re exclut explicitement les classiques de la nouvelle ordonnance.<\/p>\n<p class=\"sc-jbo7hw-7 bDkRIk\">Le nouvel arr\u00eat\u00e9 ne fait plus r\u00e9f\u00e9rence \u00e0 des niveaux scolaires sp\u00e9cifiques. Il touche donc tous les \u00e9l\u00e8ves de la premi\u00e8re \u00e0 la douzi\u00e8me ann\u00e9e.<\/p>\n<p class=\"sc-jbo7hw-7 bDkRIk\">Les professeurs devront aussi informer les parents d\u2019\u00e9l\u00e8ves si des repr\u00e9sentations visuelles explicites d\u2019actes sexuels se trouvent dans la litt\u00e9rature en classe. Le mat\u00e9riel p\u00e9dagogique, comme les livres de biologie, est exempt\u00e9 du r\u00e8glement.<\/p>\n<p class=\"sc-jbo7hw-7 bDkRIk\">Le ministre a pr\u00e9cis\u00e9 que l\u2019objectif de la mesure \u00e9tait de restreindre l\u2019accessibilit\u00e9 \u00e0 du contenu visuellement explicite qui n&rsquo;est pas appropri\u00e9 selon l\u2019\u00e2ge. <\/p>\n<p class=\"sc-jbo7hw-7 bDkRIk\">Toutefois, l\u2019ordonnance ne touche pas le mat\u00e9riel qu\u2019un \u00e9l\u00e8ve apporte lui-m\u00eame \u00e0 l\u2019\u00e9cole.<\/p>\n<p>Diverses r\u00e9actions<\/p>\n<p class=\"sc-jbo7hw-7 bDkRIk\">Le directeur g\u00e9n\u00e9ral de Parents for Choice in Education, John Hilton-O\u2019Brien, mentionne que son organisation n\u2019est pas tout \u00e0 fait satisfaite de la nouvelle version. Toutefois, il pr\u00e9cise que ces images n\u2019ont rien d\u2019innocent .<\/p>\n<p><img decoding=\"async\" alt=\"John Hilton-O\u2019Brien, directeur g\u00e9n\u00e9ral de Parents for Choice in Education.\" class=\"absolute left-0 top-0 size-full object-cover transition-opacity ease-out print:relative html-dark:brightness-[.8]\" loading=\"lazy\" src=\"https:\/\/www.europesays.com\/fr\/wp-content\/uploads\/2025\/09\/livres-alberta-john-hilton-obrien.jpg\"\/>Ouvrir en mode plein \u00e9cran<\/p>\n<p class=\"sc-ic6be9-2 kYrgAK\">John Hilton-O\u2019Brien mentionne que Parents for Choice in Education s\u2019inqui\u00e8te de la pr\u00e9sence de livres contenant des passages \u00e0 caract\u00e8re sexuel dans les biblioth\u00e8ques scolaires depuis une douzaine d\u2019ann\u00e9es.<\/p>\n<p class=\"sc-ic6be9-1 cJJtvJ text-gray600 light:text-gray600 dark:text-gray400\">Photo : Radio-Canada<\/p>\n<p class=\"sc-jbo7hw-7 bDkRIk\">Selon lui, le retrait des livres contenant des repr\u00e9sentations visuelles explicites d\u2019actes sexuels des bilblioth\u00e8ques ne constituepas de la censure, c\u2019est [du] bon sens .<\/p>\n<p class=\"sc-jbo7hw-7 bDkRIk\">Jason Schilling, le pr\u00e9sident de l\u2019Association des enseignants de l&rsquo;Alberta, croit quant \u00e0 lui que cet arr\u00eat\u00e9 marginalise les \u00e9l\u00e8ves de la communaut\u00e9 2SLGBTQ+ et qu\u2019on dit \u00e0 ces \u00e9l\u00e8ves qu\u2019ils n\u2019ont pas le droit d\u2019\u00eatre repr\u00e9sent\u00e9s dans les biblioth\u00e8ques scolaires .<\/p>\n<p><img decoding=\"async\" alt=\"Jason Schilling, pr\u00e9sident de l\u2019Association des enseignants de l'Alberta.\" class=\"absolute left-0 top-0 size-full object-cover transition-opacity ease-out print:relative html-dark:brightness-[.8]\" loading=\"lazy\" src=\"https:\/\/www.europesays.com\/fr\/wp-content\/uploads\/2025\/09\/livres-interdits-alberta-jason-schilling.jpg\"\/>Ouvrir en mode plein \u00e9cran<\/p>\n<p class=\"sc-ic6be9-2 kYrgAK\">Jason Schilling, pr\u00e9sident de l\u2019Association des enseignants de l&rsquo;Alberta croit que la mesure ajoute une charge de travail suppl\u00e9mentaire aux enseignants.<\/p>\n<p class=\"sc-ic6be9-1 cJJtvJ text-gray600 light:text-gray600 dark:text-gray400\">Photo : Radio-Canada<\/p>\n<p class=\"sc-jbo7hw-7 bDkRIk\">D\u2019apr\u00e8s Wing Li, directrice des communications de Support Our Students Alberta, il ne semble pas y avoir d\u2019app\u00e9tit pour l\u2019interdiction et ce type de restriction est malheureux. <\/p>\n<p class=\"sc-jbo7hw-7 bDkRIk\">Toutefois, elle conc\u00e8de que si le gouvernement souhaite aller de l\u2019avant, il devrait faire appel \u00e0 plus de biblioth\u00e9caires scolaires et d\u2019experts pour d\u00e9celer le contexte afin de d\u00e9terminer si une \u0153uvre est appropri\u00e9e.<\/p>\n<p class=\"sc-jbo7hw-7 bDkRIk\">Peu apr\u00e8s l\u2019annonce, Demetrios Nicolaides a d\u00e9clar\u00e9 dans une entrevue \u00e0 CBC que l\u2019ajustement \u00e9tait n\u00e9cessaire puisqu\u2019il y avait eu mauvaise compr\u00e9hension et mauvaise application  de l\u2019arr\u00eat\u00e9 original.<\/p>\n<p class=\"sc-jbo7hw-7 bDkRIk\">Il a mentionn\u00e9 avoir contact\u00e9 les conseils scolaires et qu\u2019il ne devrait plus y avoir de mauvaise compr\u00e9hension.<\/p>\n","protected":false},"excerpt":{"rendered":"Le ministre de l\u2019\u00c9ducation de l&rsquo;Alberta a sign\u00e9 un nouvel arr\u00eat\u00e9 minist\u00e9riel dans le but d\u2019ajuster l&rsquo;interdiction des&hellip;\n","protected":false},"author":2,"featured_media":376544,"comment_status":"","ping_status":"","sticky":false,"template":"","format":"standard","meta":{"footnotes":""},"categories":[1357],"tags":[1379,58,59,1011,27,1380],"class_list":{"0":"post-376543","1":"post","2":"type-post","3":"status-publish","4":"format-standard","5":"has-post-thumbnail","7":"category-livres","8":"tag-books","9":"tag-divertissement","10":"tag-entertainment","11":"tag-fr","12":"tag-france","13":"tag-livres"},"share_on_mastodon":{"url":"https:\/\/pubeurope.com\/@fr\/115171657286880630","error":""},"_links":{"self":[{"href":"https:\/\/www.europesays.com\/fr\/wp-json\/wp\/v2\/posts\/376543","targetHints":{"allow":["GET"]}}],"collection":[{"href":"https:\/\/www.europesays.com\/fr\/wp-json\/wp\/v2\/posts"}],"about":[{"href":"https:\/\/www.europesays.com\/fr\/wp-json\/wp\/v2\/types\/post"}],"author":[{"embeddable":true,"href":"https:\/\/www.europesays.com\/fr\/wp-json\/wp\/v2\/users\/2"}],"replies":[{"embeddable":true,"href":"https:\/\/www.europesays.com\/fr\/wp-json\/wp\/v2\/comments?post=376543"}],"version-history":[{"count":0,"href":"https:\/\/www.europesays.com\/fr\/wp-json\/wp\/v2\/posts\/376543\/revisions"}],"wp:featuredmedia":[{"embeddable":true,"href":"https:\/\/www.europesays.com\/fr\/wp-json\/wp\/v2\/media\/376544"}],"wp:attachment":[{"href":"https:\/\/www.europesays.com\/fr\/wp-json\/wp\/v2\/media?parent=376543"}],"wp:term":[{"taxonomy":"category","embeddable":true,"href":"https:\/\/www.europesays.com\/fr\/wp-json\/wp\/v2\/categories?post=376543"},{"taxonomy":"post_tag","embeddable":true,"href":"https:\/\/www.europesays.com\/fr\/wp-json\/wp\/v2\/tags?post=376543"}],"curies":[{"name":"wp","href":"https:\/\/api.w.org\/{rel}","templated":true}]}}