{"id":376547,"date":"2025-09-09T01:07:14","date_gmt":"2025-09-09T01:07:14","guid":{"rendered":"https:\/\/www.europesays.com\/fr\/376547\/"},"modified":"2025-09-09T01:07:14","modified_gmt":"2025-09-09T01:07:14","slug":"a-laccor-arena-de-paris-un-drake-en-pilotage-automatique-deploie-son-rap-de-lover","status":"publish","type":"post","link":"https:\/\/www.europesays.com\/fr\/376547\/","title":{"rendered":"\u00c0 l\u2019Accor Arena de Paris, un Drake en pilotage automatique d\u00e9ploie son rap de lover"},"content":{"rendered":"<p>      Voil\u00e0 six ans que le rappeur canadien n\u2019avait plus jou\u00e9 en France. Ce dimanche soir, pour son grand retour, Drake a conquis le public parisien dans un medley de ses meilleurs titres parfois vite exp\u00e9di\u00e9, et \u00e0 la teneur sentimentale d\u00e9goulinante.              <a href=\"https:\/\/www.europesays.com\/fr\/wp-content\/uploads\/2025\/09\/a131497_upload-1-onl1gnadpdc6-gettyimages-652599450.jpg\" data-pswp-width=\"\" data-pswp-height=\"\" class=\"media__hd\" target=\"_blank\">      <img decoding=\"async\" fetchpriority=\"high\" src=\"https:\/\/www.europesays.com\/fr\/wp-content\/uploads\/2025\/09\/a131497_upload-1-onl1gnadpdc6-gettyimages-652599450.jpg\" class=\"media__picture js-media-zoom-main \" alt=\"Le rappeur Drake lors de sa performance live \u00e0 Bercy, en 2017, \u00e0 Paris. \" title=\"Photo David Wolff - Patrick\/Redferns\/Getty Images\"\/>      <\/p>\n<p class=\"media__legend\"> Le rappeur Drake lors de sa performance live \u00e0 Bercy, en 2017, \u00e0 Paris.   Photo David Wolff &#8211; Patrick\/Redferns\/Getty Images  <\/p>\n<p>     <\/a>                    <\/p>\n<p class=\"author author--simple\">Par  <a class=\"author author--link\" href=\"https:\/\/www.telerama.fr\/recherche\/articles?q=Jean-Baptiste+Roch\" rel=\"nofollow noopener\" target=\"_blank\"> Jean-Baptiste Roch <\/a>    <\/p>\n<p class=\"publication__date\">Publi\u00e9 le 08 septembre 2025 \u00e0 08h10<\/p>\n<p class=\"publication__update\">Mis \u00e0 jour le 08 septembre 2025 \u00e0 11h57<\/p>\n<p>   Partager   <\/p>\n<ul class=\"sharing-popin--results\">\n<li class=\"sharing-popin--item sharing-popin--item-container\"> Partage  <\/li>\n<li data-share=\"linkedin\" class=\"sharing-popin--item\">  LinkedIn <\/li>\n<li data-share=\"facebook\" class=\"sharing-popin--item\">  Facebook <\/li>\n<li data-share=\"mail\" data-social=\"mail\" class=\"sharing-popin--item\">  Envoyer par email <\/li>\n<li data-share=\"copy\" class=\"sharing-popin--item\">  Copier le lien <\/li>\n<\/ul>\n<p>        Favoris       <\/p>\n<p>                <a class=\"openapp__link\" data-event=\"click-open-app\" data-deep-link=\"tlrm:\/\/element?id=\/musique\/a-l-accor-arena-de-paris-un-drake-en-pilotage-automatique-deploie-son-rap-de-lover-7027262.php&amp;source=deeplink_site\">  Lire dans l&rsquo;application<br \/>\n  <\/a>                               <\/p>\n<p class=\"paragraph\">\u00abCe soir, on va faire une th\u00e9rapie\u00a0\u00bb, annonce Drake, face \u00e0 un public extatique. Apr\u00e8s plus d\u2019une heure de show, hier soir \u00e0 l\u2019Accor Arena de Paris, le rappeur canadien explique le d\u00e9roul\u00e9 de la s\u00e9ance, en pr\u00e9lude \u00e0 un titre baptis\u00e9 You Broke My Heart (\u00ab\u00a0Tu m\u2019as bris\u00e9 le c\u0153ur\u00a0\u00bb)\u00a0: \u00ab\u00a0Ensemble, nous allons regarder nos erreurs en face et nous rem\u00e9morer les pires ex de notre vie. Tous en m\u00eame temps, dites un nom\u00a0!\u00a0\u00bb Moment suspendu et surprenant, que d\u2019entendre vingt mille spectateurs scander le nom honni, dans une joyeuse cacophonie. Mais quoi de mieux, pour le lover des lovers venu de Toronto, celui qui a os\u00e9 tremper son R\u2019n\u2019B dans le rap \u00e0 grands coups de refrains chant\u00e9s et de paroles sirupeuses, que de jouer la carte de la connivence sentimentale \u2014 \u00ab\u00a0On a tous un ex qu\u2019on d\u00e9teste\u00a0\u00bb \u2014, face \u00e0 un public qui se languit de lui\u00a0?<\/p>\n<p class=\"paragraph\">Ce soir manifestement, Drake est venu pour recoller les morceaux. Et il le fait bien\u00a0: une entr\u00e9e sur sc\u00e8ne fa\u00e7on boxeur affectueux, en descendant des gradins, sourire aux l\u00e8vres et tapant dans ses mains. Puis une fois sur le ring, que des mots doux. Six ans que le Canadien n\u2019avait pas foul\u00e9 une sc\u00e8ne fran\u00e7aise. C\u2019\u00e9tait ici m\u00eame, \u00e0 Paris, en mars\u00a02019. \u00ab\u00a0Je tiens \u00e0 m\u2019excuser pour cette si longue attente\u00a0\u00bb, lance-t-il un brin mielleux, multipliant les caresses \u00e0 ce public qui en redemande. Vu les derniers mois, on l\u2019aurait plut\u00f4t imagin\u00e9 distribuer quelques bourre-pifs, \u00e0 l\u2019image de la comp\u00e9tition de MMA qui se tenait la veille au m\u00eame endroit. Notamment \u00e0 l\u2019encontre de son grand rival Kendrick Lamar, <a target=\"_blank\" href=\"https:\/\/www.telerama.fr\/musique\/au-super-bowl-kendrick-lamar-fait-le-show-politique-et-porte-l-estocade-dans-sa-bataille-avec-drake-7024292.php\" rel=\"nofollow noopener\">qui l\u2019a litt\u00e9ralement humili\u00e9<\/a>, apr\u00e8s des mois d\u2019incessantes joutes verbales.<\/p>\n<p>                Distribution de douceurs                       <\/p>\n<p class=\"paragraph\">Mais rien de tout cela. Drake n\u2019est que tendresse et volupt\u00e9, et pour relancer son idylle avec le public fran\u00e7ais, il lui propose de remonter le bon vieux temps, celui de leurs premi\u00e8res amours. \u00c9grenant des morceaux de ses d\u00e9buts (Marvins Rooms, Passionfruit, Teenage Fever\u2026), Drake profite de la proximit\u00e9 que lui offre la sc\u00e8ne rectangulaire courant aux quatre coins de la salle pour distribuer ses douceurs.<\/p>\n<p class=\"paragraph\">S\u2019il est une constante chez lui, c\u2019est bien ce rap de lover, m\u00e9lancolique et cafardeux, qu\u2019il a grandement contribu\u00e9 \u00e0 populariser au d\u00e9but des ann\u00e9es\u00a02010. Et qu\u2019il surexploite d\u00e9sormais dans ses derniers albums jusqu\u2019\u00e0 l\u2019exc\u00e8s, quand d\u2019autres tentent de se renouveler. En\u00a02022, sur Honestly, Nevermind, il a bien tent\u00e9 un virage house, <a target=\"_blank\" href=\"https:\/\/www.telerama.fr\/musique\/avec-honestly-nevermind-le-rappeur-drake-se-reincarne-en-pacha-du-dancefloor-7010997.php\" rel=\"nofollow noopener\">pas d\u00e9nu\u00e9 d\u2019int\u00e9r\u00eat<\/a>, comme Beyonc\u00e9 au m\u00eame moment. Mais la bronca de ses fans l\u2019a fait bien vite rentrer dans le rang. Depuis, il faut bien le dire\u00a0: sur les disques de Drake, comme pendant une bonne partie de son concert de l\u2019Accor Arena hier soir, on s\u2019ennuie ferme.<\/p>\n<p class=\"edito__prefixe\">   \u00c0 lire aussi :   <\/p>\n<p class=\"edito__text-container\">   <a alt=\"Lire aussi\" href=\"https:\/\/www.telerama.fr\/musique\/kendrick-lamar-vs-drake-on-vous-explique-la-gueguerre-des-titans-du-rap-us-7020342.php\" class=\"article__title--edito\" rel=\"nofollow noopener\" target=\"_blank\">Kendrick Lamar vs Drake\u00a0: on vous explique le combat des titans du rap US<\/a>  <\/p>\n<p class=\"paragraph\">Et ce n\u2019est pas sa reprise du Sicko Mode de Travis Scott ou quelques-uns de ses hits ind\u00e9passables (God\u2019s Plan, Hotline Bling\u2026) qui changent la donne. Encore moins la tentative de rythmer le concert en rejoignant son DJ dans les tribunes le temps d\u2019un set faussement improvis\u00e9, ni la place d\u00e9mesur\u00e9e (presque une dizaine de morceaux) faite au l\u00e9nifiant $ome $exy $ongs 4 U, sorti cette ann\u00e9e, tenant du R\u2019n\u2019B rap commercial et <a target=\"_blank\" href=\"https:\/\/www.telerama.fr\/musique\/ome-exy-ongs-4-u-drake-et-partynextdoor-enquillent-les-themes-de-lover-ecules_cri-7037218.php\" rel=\"nofollow noopener\">l\u2019un de ses disques les plus d\u00e9sesp\u00e9rants.<\/a><\/p>\n<p class=\"paragraph\">Drake a beau promettre de chanter toutes les chansons qu\u2019il peut, jouer les princes charm\u00e9s, il est pris par le temps (trente minutes de retard \u00e0 l\u2019allumage, \u00e7a se ressent) et impose un medley souvent exp\u00e9ditif, vaguement sauv\u00e9 par une sc\u00e9nographie qui envoie des flammes et des lumi\u00e8res, \u00e0 d\u00e9faut de po\u00e9sie. \u00c0 en juger par le nombre de portables lev\u00e9s en permanence ou de gamins interpr\u00e9tant le play-back des chansons devant leur \u00e9cran pour fanfaronner plus tard sur les r\u00e9seaux, Drake n\u2019est peut-\u00eatre plus le roi du rap, mais sa cote de popularit\u00e9 ne faiblit pas. Et sur les plateformes de streaming, personne ne semble lui faire payer son cruel manque d\u2019inspiration. Impressionnant ou navrant\u00a0? Au bout de deux heures, difficile de savoir.<\/p>\n<p class=\"edito__prefixe\">   \u00c0 lire aussi :   <\/p>\n<p class=\"edito__text-container\">     <a alt=\"Lire aussi\" href=\"https:\/\/www.telerama.fr\/musique\/albums-concerts-tournees-les-artistes-qui-vont-marquer-la-rentree-musicale-7027215.php\" class=\"article__title--edito\" rel=\"nofollow noopener\" target=\"_blank\">Albums, concerts, tourn\u00e9es\u2026\u00a0Les artistes qui vont marquer la rentr\u00e9e musicale<\/a>  <\/p>\n","protected":false},"excerpt":{"rendered":"Voil\u00e0 six ans que le rappeur canadien n\u2019avait plus jou\u00e9 en France. Ce dimanche soir, pour son grand&hellip;\n","protected":false},"author":2,"featured_media":376548,"comment_status":"","ping_status":"","sticky":false,"template":"","format":"standard","meta":{"footnotes":""},"categories":[1355],"tags":[58,59,1011,27,1361,873],"class_list":{"0":"post-376547","1":"post","2":"type-post","3":"status-publish","4":"format-standard","5":"has-post-thumbnail","7":"category-musique","8":"tag-divertissement","9":"tag-entertainment","10":"tag-fr","11":"tag-france","12":"tag-music","13":"tag-musique"},"share_on_mastodon":{"url":"https:\/\/pubeurope.com\/@fr\/115171665308173742","error":""},"_links":{"self":[{"href":"https:\/\/www.europesays.com\/fr\/wp-json\/wp\/v2\/posts\/376547","targetHints":{"allow":["GET"]}}],"collection":[{"href":"https:\/\/www.europesays.com\/fr\/wp-json\/wp\/v2\/posts"}],"about":[{"href":"https:\/\/www.europesays.com\/fr\/wp-json\/wp\/v2\/types\/post"}],"author":[{"embeddable":true,"href":"https:\/\/www.europesays.com\/fr\/wp-json\/wp\/v2\/users\/2"}],"replies":[{"embeddable":true,"href":"https:\/\/www.europesays.com\/fr\/wp-json\/wp\/v2\/comments?post=376547"}],"version-history":[{"count":0,"href":"https:\/\/www.europesays.com\/fr\/wp-json\/wp\/v2\/posts\/376547\/revisions"}],"wp:featuredmedia":[{"embeddable":true,"href":"https:\/\/www.europesays.com\/fr\/wp-json\/wp\/v2\/media\/376548"}],"wp:attachment":[{"href":"https:\/\/www.europesays.com\/fr\/wp-json\/wp\/v2\/media?parent=376547"}],"wp:term":[{"taxonomy":"category","embeddable":true,"href":"https:\/\/www.europesays.com\/fr\/wp-json\/wp\/v2\/categories?post=376547"},{"taxonomy":"post_tag","embeddable":true,"href":"https:\/\/www.europesays.com\/fr\/wp-json\/wp\/v2\/tags?post=376547"}],"curies":[{"name":"wp","href":"https:\/\/api.w.org\/{rel}","templated":true}]}}