{"id":376555,"date":"2025-09-09T01:11:15","date_gmt":"2025-09-09T01:11:15","guid":{"rendered":"https:\/\/www.europesays.com\/fr\/376555\/"},"modified":"2025-09-09T01:11:15","modified_gmt":"2025-09-09T01:11:15","slug":"noemie-est-un-personnage-qui-ma-vraiment-apaisee-confie-laura-smet","status":"publish","type":"post","link":"https:\/\/www.europesays.com\/fr\/376555\/","title":{"rendered":"\u00ab\u00a0No\u00e9mie est un personnage qui m\u2019a vraiment apais\u00e9e\u00a0\u00bb, confie Laura Smet"},"content":{"rendered":"<p><a href=\"https:\/\/www.20minutes.fr\/arts-stars\/serie\/4170552-20250901-surface-france-2-polar-envoutant-eaux-troubles-porte-laura-smet#:~:text=Une%20minis%C3%A9rie%20en%20six%20%C3%A9pisodes,%2C%20de%20squelettes%20d&#039;enfants%E2%80%A6\" class=\"c-link c-link--is-underlined\" target=\"_blank\" rel=\"noopener\">Un polar envo\u00fbtant en eaux troubles<\/a>\u00a0! Surface, dont 20 Minutes est partenaire, s\u2019est impos\u00e9 comme un des succ\u00e8s de la rentr\u00e9e. La minis\u00e9rie, adapt\u00e9e du best-seller d\u2019Olivier Norek, a battu un record en devenant le meilleur d\u00e9marrage de l\u2019histoire de la plateforme France.tv (6,5\u00a0millions de vid\u00e9os vues sans les visionnages en replay \u00e0 ce jour). Le premier \u00e9pisode de Surface a rassembl\u00e9 3,5\u00a0millions de t\u00e9l\u00e9spectateurs pour une part d\u2019audience de 17,8\u00a0%, et le deuxi\u00e8me a r\u00e9uni 3,3\u00a0millions de personnes (19,2\u00a0% de PDA) lundi dernier sur <a href=\"https:\/\/www.20minutes.fr\/television\/france_2\/\" class=\"c-link c-link--is-underlined\" target=\"_blank\" rel=\"noopener\">France 2<\/a>.<\/p>\n<p>Dans Surface, <a href=\"https:\/\/www.20minutes.fr\/culture\/laura-smet\/\" class=\"c-link c-link--is-underlined\" target=\"_blank\" rel=\"noopener\">Laura Smet<\/a> incarne une flic d\u00e9figur\u00e9e qui va plonger dans les abysses d\u2019un sombre \u00ab\u00a0cold case\u00a0\u00bb d\u2019un village aveyronnais. A l\u2019occasion de la diffusion ce lundi des \u00e9pisodes 3 et 4 \u00e0 21h10 sur France 2, Laura Smet raconte son exp\u00e9rience sur le tournage de cette minis\u00e9rie, qui signe un retour r\u00e9ussi sur le petit \u00e9cran.<\/p>\n<p>Comment avez-vous fait connaissance avec votre personnage No\u00e9mie Chastain avec le roman ou le sc\u00e9nario\u00a0?<\/p>\n<p>Avec le sc\u00e9nario. Slimane-Baptiste Berhoun (le r\u00e9alisateur) m\u2019a d\u00e9conseill\u00e9 de lire le livre avant \u2013 je ne l\u2019avais pas lu \u2013 parce que c\u2019est beaucoup plus dark et que No\u00e9mie est beaucoup plus d\u00e9figur\u00e9e. J\u2019aurai pu \u00eatre influenc\u00e9e. J\u2019ai donc pr\u00e9f\u00e9r\u00e9 rester sur le sc\u00e9nario. J\u2019ai lu le roman apr\u00e8s et effectivement, il avait raison.<\/p>\n<p>Quelles ont \u00e9t\u00e9 vos premi\u00e8res impressions\u00a0?<\/p>\n<p>J\u2019ai ador\u00e9. Ce personnage, assez sombre au d\u00e9but, s\u2019ouvre progressivement. C\u2019est une s\u00e9rie sur l\u2019acceptation et la r\u00e9silience. No\u00e9mie est un personnage tr\u00e8s fort. J\u2019ai beaucoup aim\u00e9 l\u2019histoire o\u00f9 elle se r\u00e9approprie son identit\u00e9. No\u00e9mie est quelqu\u2019un de vrai. Elle arrive plus \u00e0 se retrouver elle-m\u00eame face \u00e0 des gens comme ceux du commissariat en Occitanie qu\u2019\u00e0 Paris, o\u00f9 le regard de l\u2019autre est beaucoup plus cruel. A la campagne, on regarde vraiment qui elle est.<\/p>\n<p>Qu\u2019avez-vous ressenti quand vous vous \u00eates vue la premi\u00e8re fois avec les proth\u00e8ses de ses cicatrices\u00a0?<\/p>\n<p>C\u2019est impressionnant et en m\u00eame temps, c\u2019est le r\u00f4le. Je prends cela comme un outil. Cela m\u2019a vraiment aid\u00e9 pour la construction de No\u00e9mie. Le fait d\u2019avoir \u00e7a sur le visage, cela emp\u00eache d\u2019aller trop chercher ses propres cicatrices \u00e0 l\u2019int\u00e9rieur. No\u00e9mie les porte sur son visage. J\u2019ai commenc\u00e9 par un film o\u00f9 je me rasais la t\u00eate (Les Corps impatients de Xavier Giannoli en\u00a02003). C\u2019est pareil, c\u2019est impressionnant et en m\u00eame temps, c\u2019est tellement plus facile pour jouer. J\u2019aime beaucoup les transformations. Au th\u00e9\u00e2tre, il y a deux ans, j\u2019avais les cheveux roses. No\u00e9mie ouvre aussi un peu la voie pour les femmes qui ont \u00e9t\u00e9 aussi balafr\u00e9es. Le regard des autres, c\u2019est difficile. Moi, je peux trouver cela limite sexy, comme Joffrey de Peyrac, le mari d\u2019Ang\u00e9lique, jou\u00e9 par Robert Hossein.<\/p>\n<p>Le r\u00f4le comprend d\u2019autres challenges physiques, comme les sc\u00e8nes sous l\u2019eau, ont-elles \u00e9t\u00e9 difficiles \u00e0 tourner\u00a0?<\/p>\n<p>Bizarrement, non\u00a0! Il faut juste \u00eatre tr\u00e8s concentr\u00e9e. J\u2019ai fait plusieurs allers-retours en Belgique pour apprendre la respiration et travailler mon apn\u00e9e dans ces studios incroyables, Lites Studios. Il faut savoir rester calme et g\u00e9rer son stress, parce que quand on est \u00e0 moins 7 m\u00e8tres, attach\u00e9e \u00e0 une corde et qu\u2019on vous enl\u00e8ve l\u2019oxyg\u00e8ne, il faut avoir confiance dans l\u2019\u00e9quipe. Je m\u00e9ditais tous les jours, une demi-heure avant. Dans l\u2019eau, la perception du temps change. On me disait\u00a0: \u00ab\u00a0Tu viens de passer quatre heures dans l\u2019eau\u00a0\u00bb, j\u2019avais l\u2019impression d\u2019y avoir pass\u00e9 une demi-heure, tellement le cerveau est concentr\u00e9. C\u2019est une m\u00e9ditation active. Je vous avoue qu\u2019apr\u00e8s, on a une sensation de bien-\u00eatre assez incroyable.<\/p>\n<p>Cela vous a donn\u00e9 envie de faire de la plong\u00e9e lors de vos prochaines vacances\u00a0?<\/p>\n<p>Non, toujours pas\u00a0! Je n\u2019aime pas me baigner dans les milieux naturels. Dans une piscine, c\u2019est O.K., mais dans la mer, j\u2019ai un probl\u00e8me avec les poissons.<\/p>\n<p>Le look de No\u00e9mie Chastain, avec son jean et sa veste en daim, rappelle un peu celui d\u2019un cow-boy\u2026<\/p>\n<p>No\u00e9mie est cens\u00e9e partir 3 jours et elle reste 3 mois. Elle n\u2019a pas pris beaucoup de choses. Je pense qu\u2019elle n\u2019est pas vraiment du style \u00e0 faire les boutiques. Cette femme, cens\u00e9e partir 3-4 jours, est partie avec un tout petit sac. Elle a plusieurs options de t-shirts, deux jeans, et tout le temps le m\u00eame blouson, et c\u2019est tout. Elle est un peu badass, elle a un c\u00f4t\u00e9 western moderne. La mise en sc\u00e8ne de Slimane rajoute aussi ce c\u00f4t\u00e9 western moderne dont je suis absolument fan.<\/p>\n<\/p>\n<p>La s\u00e9rie aborde des th\u00e8mes difficiles comme la disparition d\u2019enfants. Est-ce qu\u2019on sort indemne le soir d\u2019un tel tournage\u00a0?<\/p>\n<p>Gr\u00e2ce \u00e0 la cicatrice qu\u2019on m\u2019enlevait tous les soirs, je retrouvais mon visage et du coup, \u00e7a allait. C\u2019\u00e9tait plus difficile quand j\u2019avais les cheveux ras\u00e9s, parce que quand on a la boule \u00e0 z\u00e9ro, on a la boule \u00e0 z\u00e9ro. Franchement, \u00e7a allait\u00a0! No\u00e9mie n\u2019est pas si lointaine de moi, il y a quelques points de similitude m\u00eame si elle est beaucoup plus dark que moi. Apr\u00e8s quatre mois de tournage, j\u2019ai eu du mal \u00e0 la laisser. J\u2019ai senti la cicatrice pendant un mois, un mois et demi sur moi la nuit. J\u2019avais l\u2019impression de l\u2019avoir encore sur moi, c\u2019\u00e9tait assez perturbant.<\/p>\n<p>Ce qui m\u2019a frapp\u00e9 en regardant la s\u00e9rie, ce sont ces silences, qui en disent parfois plus que les r\u00e9v\u00e9lations\u2026<\/p>\n<p>On a souvent beaucoup plus de v\u00e9rit\u00e9s dans un silence ou un regard que dans une discussion. Je me suis aussi pas mal inspir\u00e9e des westerns justement. Quand on voit des films avec Clint Eastwood, il a un regard tellement per\u00e7ant qu\u2019on a l\u2019impression qu\u2019il y a plein de choses qui se passent. No\u00e9mie est silencieuse et je trouve cela super de ne pas \u00eatre dans une s\u00e9rie o\u00f9 on parle beaucoup. Le silence, comme le d\u00e9cor, sont des personnages \u00e0 part enti\u00e8re. Ce barrage, inqui\u00e9tant, \u00e9tait aussi un personnage. Quand j\u2019arrive \u00e0 la campagne en venant de Paris, j\u2019ai un d\u00e9bit de paroles tr\u00e8s rapide. On me dit\u00a0: \u00ab\u00a0Tu as l\u2019air stress\u00e9e\u00a0\u00bb. On parle moins quand on est plus tranquilles. Plus on s\u2019accepte, moins on est oblig\u00e9 de parler. Il y a quelque chose dans le silence de cette femme seule, dans cette cabane au milieu de nulle part qui en dit plus qu\u2019un dialogue par moments.<\/p>\n<p>Est-il plus difficile d\u2019incarner un personnage de roman qu\u2019un personnage cr\u00e9\u00e9 de toutes pi\u00e8ces\u00a0?<\/p>\n<p>Je voulais que cela plaise \u00e0 Olivier, pour moi, c\u2019est vraiment l\u2019auteur qui importe. Il y a une sc\u00e8ne, malheureusement coup\u00e9e, o\u00f9 il apparaissait. Au d\u00e9but, il n\u2019\u00e9tait pas hypers\u00fbr du casting. Une fois qu\u2019il m\u2019a vue dans le r\u00f4le, il \u00e9tait content. C\u2019\u00e9tait plus compliqu\u00e9 de jouer Loulou de\u00a0la\u00a0Falaise parce qu\u2019elle a vraiment exist\u00e9 qu\u2019un personnage de roman.<\/p>\n<p>La s\u00e9rie fait un carton. Comment vit-on un tel succ\u00e8s qui survient apr\u00e8s quelques ann\u00e9es d\u2019absence\u00a0? Est-ce que cela enl\u00e8ve les \u00ab\u00a0doutes\u00a0\u00bb \u00e9voqu\u00e9s sur le plateau de \u00ab\u00a0Quotidien\u00a0\u00bb\u00a0?<\/p>\n<p>Le doute, c\u2019est la vie. Cela fait du bien d\u2019avoir un succ\u00e8s, \u00e7a apaise. Je suis super contente que Surface ait trouv\u00e9 son public parce que c\u2019est une s\u00e9rie qu\u2019on a tous port\u00e9e vraiment fort. A propos de se rassurer, je ne pense pas que ce m\u00e9tier soit un m\u00e9tier rassurant. On peut passer des moments \u00e0 attendre un coup de fil et puis, d\u2019un coup, on vous propose quatre r\u00f4les en m\u00eame temps et on se retrouve \u00e0 refuser trois projets alors que cela fait quatre ans que l\u2019on n\u2019a pas boss\u00e9. C\u2019est vrai que quand on prend un peu du large et qu\u2019on revient, il y a quelque chose de plus fort. J\u2019ai l\u2019impression d\u2019\u00eatre un peu plus pos\u00e9e et le personnage de No\u00e9mie m\u2019a vraiment apais\u00e9e.<\/p>\n<p>A l\u2019\u00e9poque de Balthazar, H\u00e9l\u00e8ne de Fougerolles comparait Tomer Sisley \u00e0 \u00ab\u00a0une panth\u00e8re\u00a0\u00bb, comment s\u2019est pass\u00e9e votre collaboration\u00a0?<\/p>\n<p>Je le connais depuis que j\u2019ai l\u2019\u00e2ge de 16 ans, on mangeait des Miel Pop\u2019s ensemble dans la cuisine. Alors, je ne l\u2019ai jamais vraiment vu comme une panth\u00e8re, mais comme quelqu\u2019un d\u2019extr\u00eamement gentil et de tr\u00e8s bon. On me parle beaucoup de Tomer, mais je n\u2019ai pas travaill\u00e9 \u00e9norm\u00e9ment avec lui. M\u00eame si on a eu quelques jolies sc\u00e8nes ensemble, c\u2019\u00e9tait surtout Th\u00e9o Costa, mon bin\u00f4me. J\u2019ai ador\u00e9 travailler avec Th\u00e9o, je le dis parce que Tomer c\u2019est un nom connu et on a \u00e9t\u00e9 hypercontents d\u2019\u00eatre avec lui, mais les autres acteurs sont vraiment tr\u00e8s bons. Avec Tomer, il fallait juste que je reste concentr\u00e9e parce que c\u2019est quelqu\u2019un qui improvise beaucoup. Il joue vraiment \u00e0 l\u2019instinct. C\u2019est ce que je fais d\u2019habitude, mais pas pour ce r\u00f4le-l\u00e0. On n\u2019\u00e9tait pas dans la m\u00eame \u00e9nergie, mais c\u2019\u00e9tait une super \u00e9nergie. A l\u2019image, je trouve que \u00e7a marche super bien. C\u2019est quelqu\u2019un que j\u2019aime, c\u2019est vraiment un copain depuis longtemps.<\/p>\n<p>Vous parlez de Th\u00e9o Costa, on a envie de revoir \u00e0 l\u2019\u0153uvre toute l\u2019\u00e9quipe de ce commissariat\u2026<\/p>\n<p>Ils sont tous de grands acteurs et apportent tous quelque chose de familier, d\u2019amical. Je trouve que \u00e7a fait un peu la bande des Stranger Things qui ont un peu grandi.<\/p>\n<p>A la fin, l\u2019enqu\u00eate est boucl\u00e9e, mais on ne peut s\u2019emp\u00eacher en tant que spectateur d\u2019esp\u00e9rer une suite\u2026<\/p>\n<p>Alors l\u00e0, il faudrait appeler Olivier Norek pour qu\u2019il fasse un deuxi\u00e8me bouquin\u00a0!<\/p>\n<p>S\u2019il \u00e9tait partant, seriez-vous pr\u00eate \u00e0 reprendre le r\u00f4le\u00a0?<\/p>\n<p>J\u2019adorerais rejouer No\u00e9mie \u00e9videmment, s\u2019il y a une saison 2, je serai hypercontente.<\/p>\n<p><a href=\"https:\/\/www.20minutes.fr\/arts-stars\/serie\" class=\"c-link c-btn c-btn--primary\" target=\"_blank\" rel=\"noopener\">Notre rubrique S\u00e9ries<\/a>Pouvez-vous nous parler de vos futurs projets, va-t-on vous revoir plus souvent \u00e0 l\u2019\u00e9cran\u00a0?<\/p>\n<p>J\u2019ai un projet de film familial sur l\u2019\u00e9ducation. Je suis tr\u00e8s int\u00e9ress\u00e9e par l\u2019\u00e9ducation des enfants. J\u2019ai \u00e9crit ce sc\u00e9nario et j\u2019esp\u00e8re r\u00e9aliser l\u2019ann\u00e9e prochaine. En tant qu\u2019actrice, il y a plein de projets dont je ne peux pas encore parler tant que cela n\u2019est pas sign\u00e9.<\/p>\n","protected":false},"excerpt":{"rendered":"Un polar envo\u00fbtant en eaux troubles\u00a0! Surface, dont 20 Minutes est partenaire, s\u2019est impos\u00e9 comme un des succ\u00e8s&hellip;\n","protected":false},"author":2,"featured_media":376556,"comment_status":"","ping_status":"","sticky":false,"template":"","format":"standard","meta":{"footnotes":""},"categories":[8],"tags":[58,59,1011,27,594,15910,521,252],"class_list":{"0":"post-376555","1":"post","2":"type-post","3":"status-publish","4":"format-standard","5":"has-post-thumbnail","7":"category-divertissement","8":"tag-divertissement","9":"tag-entertainment","10":"tag-fr","11":"tag-france","12":"tag-france-2","13":"tag-laura-smet","14":"tag-serie","15":"tag-television"},"share_on_mastodon":{"url":"https:\/\/pubeurope.com\/@fr\/115171681109123110","error":""},"_links":{"self":[{"href":"https:\/\/www.europesays.com\/fr\/wp-json\/wp\/v2\/posts\/376555","targetHints":{"allow":["GET"]}}],"collection":[{"href":"https:\/\/www.europesays.com\/fr\/wp-json\/wp\/v2\/posts"}],"about":[{"href":"https:\/\/www.europesays.com\/fr\/wp-json\/wp\/v2\/types\/post"}],"author":[{"embeddable":true,"href":"https:\/\/www.europesays.com\/fr\/wp-json\/wp\/v2\/users\/2"}],"replies":[{"embeddable":true,"href":"https:\/\/www.europesays.com\/fr\/wp-json\/wp\/v2\/comments?post=376555"}],"version-history":[{"count":0,"href":"https:\/\/www.europesays.com\/fr\/wp-json\/wp\/v2\/posts\/376555\/revisions"}],"wp:featuredmedia":[{"embeddable":true,"href":"https:\/\/www.europesays.com\/fr\/wp-json\/wp\/v2\/media\/376556"}],"wp:attachment":[{"href":"https:\/\/www.europesays.com\/fr\/wp-json\/wp\/v2\/media?parent=376555"}],"wp:term":[{"taxonomy":"category","embeddable":true,"href":"https:\/\/www.europesays.com\/fr\/wp-json\/wp\/v2\/categories?post=376555"},{"taxonomy":"post_tag","embeddable":true,"href":"https:\/\/www.europesays.com\/fr\/wp-json\/wp\/v2\/tags?post=376555"}],"curies":[{"name":"wp","href":"https:\/\/api.w.org\/{rel}","templated":true}]}}