{"id":376557,"date":"2025-09-09T01:12:20","date_gmt":"2025-09-09T01:12:20","guid":{"rendered":"https:\/\/www.europesays.com\/fr\/376557\/"},"modified":"2025-09-09T01:12:20","modified_gmt":"2025-09-09T01:12:20","slug":"la-technologie-rgb-mini-led-arrive","status":"publish","type":"post","link":"https:\/\/www.europesays.com\/fr\/376557\/","title":{"rendered":"la technologie RGB Mini-LED arrive"},"content":{"rendered":"<p>En d\u00e9voilant sa s\u00e9rie U9, Hisense cherche \u00e0 bouleverser le segment premium du t\u00e9l\u00e9viseur LCD. Cette gamme adopte le r\u00e9tro\u00e9clairage RGB Mini-LED, jusqu\u2019ici r\u00e9serv\u00e9 au seul mod\u00e8le ultra-premium 116UX, et annonce une d\u00e9mocratisation de cette technologie sur de nombreuses diagonales.<\/p>\n<p><a href=\"https:\/\/images.frandroid.com\/wp-content\/uploads\/2025\/09\/hisense-rgb-mini-led-rgb-tv-demo-ifa2025.jpg\" target=\"_blank\" class=\"article-content__figure\" rel=\"nofollow noopener\"><img fetchpriority=\"high\" decoding=\"async\" loading=\"eager\" width=\"1200\" height=\"1568\" src=\"https:\/\/www.europesays.com\/fr\/wp-content\/uploads\/2025\/09\/hisense-rgb-mini-led-rgb-tv-demo-ifa2025.jpg\" alt=\"\" class=\"wp-image-2785675 wp-image wp-image\"  \/><\/a>Hisense TV d\u00e9mo IFA 2025 \u2013 RGB Mini LED \/\/ Source : Sylvain Pichot \u2013 Frandroid<\/p>\n<p>Les diff\u00e9rentes marques se pr\u00e9parent \u00e0 proposer prochainement leurs t\u00e9l\u00e9viseurs dot\u00e9s de la nouvelle technologie de r\u00e9tro\u00e9clairage Mini LED rouge, vert et bleu appel\u00e9e <a href=\"https:\/\/www.frandroid.com\/marques\/sony\/2539853_sony-veut-revolutionner-laffichage-tv-avec-sa-nouvelle-technologie-de-retroeclairage-mini-led-rgb-independant\" rel=\"nofollow noopener\" target=\"_blank\">Mini LED RGB chez Sony<\/a> ou RGB Mini LED chez Hisense et TCL (voire Micro RGB chez Samsung\u2026)<\/p>\n<p>Rappelons qu\u2019il s\u2019agit d\u2019une innovation utilisant des diodes rouges, vertes et bleues dissoci\u00e9es plut\u00f4t que les Mini LED bleues. Ce processus assure une restitution des couleurs quasi exhaustive et un contraste d\u2019un r\u00e9alisme saisissant, capable de rivaliser avec les r\u00e9f\u00e9rences OLED sur la brillance, la gestion du blooming et la profondeur des noirs.<\/p>\n<p class=\"shortcode-container see-more\">\n    Pour aller plus loin<br \/><a href=\"https:\/\/www.frandroid.com\/guide-dachat\/guides-dachat-tv\/508152_quelle-television-4k-choisir-la-selection-de-la-redaction\" rel=\"nofollow noopener\" target=\"_blank\">Quels sont les meilleurs TV (OLED ou QLED) en 2025\u2009?<\/a>\n            <\/p>\n<p>Si Sony ne pr\u00e9voit pas de commercialisation avant le d\u00e9but 2026, chez Samsung, c\u2019est d\u00e9j\u00e0 une <a href=\"https:\/\/www.frandroid.com\/marques\/samsung\/2769443_samsung-inaugure-lere-du-tv-micro-rgb-avec-un-modele-geant-de-115-pouces-mais-quest-ce-que-cest\" rel=\"nofollow noopener\" target=\"_blank\">r\u00e9alit\u00e9 avec le TV g\u00e9ant de 115 pouces<\/a>. Hisense propose \u00e9galement dans son catalogue le <a href=\"https:\/\/www.frandroid.com\/marques\/hisense\/2459896_hisense-116ux-un-nouveau-chapitre-dans-lhistoire-des-tres-tres-grands-televiseurs\" rel=\"nofollow noopener\" target=\"_blank\">116UX<\/a>, disponible imm\u00e9diatement, tandis que TCL n\u2019a pas encore annonc\u00e9 de date officielle pour ses futurs mod\u00e8les.<br \/>Lors du <a href=\"https:\/\/www.frandroid.com\/events\/ifa\" rel=\"nofollow noopener\" target=\"_blank\">salon IFA 2025<\/a>, Hisense exposait la s\u00e9rie U7S Pro. Il s\u2019agit d\u2019une version chinoise de ce qui sera la s\u00e9rie U9 chez nous (design non d\u00e9finitif).<\/p>\n<p><a href=\"https:\/\/images.frandroid.com\/wp-content\/uploads\/2025\/09\/hisense-u7s-pro-ifa2025.jpg\" target=\"_blank\" class=\"article-content__figure\" rel=\"nofollow noopener\"><img loading=\"lazy\" decoding=\"async\" width=\"1200\" height=\"862\" src=\"https:\/\/www.europesays.com\/fr\/wp-content\/uploads\/2025\/09\/hisense-u7s-pro-ifa2025-1200x862.jpg\" alt=\"\" class=\"wp-image-2785677 wp-image\"  \/><\/a>Source : Sylvain Pichot \u2013 Frandroid<\/p>\n<p>La m\u00eame technologie mais des diff\u00e9rences notables<\/p>\n<p>Par rapport au mod\u00e8le 116UX qui est aussi dot\u00e9 de cette technologie et uniquement disponible en 116 pouces \u00e0 un prix de 20\u00a0000 euros, cette s\u00e9rie U9 aura plusieurs diff\u00e9rences. Dans les faits, s\u2019il y a bien des Mini-LED rouges, vertes et bleues, il faudra tout de m\u00eame noter une moindre quantit\u00e9 de zones par rapport au 116UX qui compte 10\u00a0000 zones sur sa diagonale de 116 pouces. <\/p>\n<p><a href=\"https:\/\/images.frandroid.com\/wp-content\/uploads\/2025\/09\/hisense-rgb-mini-led-rgb-tv.jpg\" target=\"_blank\" class=\"article-content__figure\" rel=\"nofollow noopener\"><img loading=\"lazy\" decoding=\"async\" width=\"1200\" height=\"800\" src=\"https:\/\/www.europesays.com\/fr\/wp-content\/uploads\/2025\/09\/hisense-rgb-mini-led-rgb-tv-1200x800.jpg\" alt=\"\" class=\"wp-image-2785673 wp-image\"  \/><\/a>Hisense TV d\u00e9mo IFA 2025 \u2013 RGB Mini LED \/\/ Source : Sylvain Pichot \u2013 Frandroid<\/p>\n<p>En outre, les mod\u00e8les U9 devraient \u00e9galement avoir une luminosit\u00e9 bien inf\u00e9rieure aux 8000 cd\/m\u00b2 officiellement annonc\u00e9s sur le 116UX. Enfin, une diff\u00e9rence de tailles, puisque la s\u00e9rie U9 sera d\u00e9clin\u00e9e en 55, 65, 75, 85 et 100 pouces.<\/p>\n<p><a href=\"https:\/\/images.frandroid.com\/wp-content\/uploads\/2025\/09\/hisense-rgb-led-vs-mini-led-mini-led-rgb-tv-demo-ifa2025.jpg\" target=\"_blank\" class=\"article-content__figure\" rel=\"nofollow noopener\"><img loading=\"lazy\" decoding=\"async\" width=\"1200\" height=\"818\" src=\"https:\/\/www.europesays.com\/fr\/wp-content\/uploads\/2025\/09\/hisense-rgb-led-vs-mini-led-mini-led-rgb-tv-demo-ifa2025-1200x818.jpg\" alt=\"\" class=\"wp-image-2785671 wp-image\"  \/><\/a>Hisense TV d\u00e9mo IFA 2025 \u2013 LED vs Mini LED vs RGB Mini LED \/\/ Source : Sylvain Pichot \u2013 Frandroid<\/p>\n<p>Une compatibilit\u00e9 Dolby Vision 2 au programme<\/p>\n<p>La s\u00e9rie de TV Hisense U9 embarquera le processeur de traitement d\u2019image HiView AI Engine X de derni\u00e8re g\u00e9n\u00e9ration. Ce moteur, con\u00e7u autour de l\u2019intelligence artificielle, optimise en continu le rendu vid\u00e9o pour s\u2019ajuster \u00e0 chaque contenu et \u00e0 chaque condition d\u2019\u00e9clairage.<\/p>\n<p>Autre nouveaut\u00e9 et non des moindres,\u00a0sur cette s\u00e9rie U9\u00a0: la compatibilit\u00e9 avec le nouveau format <a href=\"https:\/\/www.frandroid.com\/produits-android\/tv-connectee-produits\/2779507_le-dolby-vision-2-quest-ce-que-cela-change-pour-la-qualite-dimage-en-hdr-pour-votre-tv\" rel=\"nofollow noopener\" target=\"_blank\">HDR Dolby Vision 2<\/a>. Notez que c\u2019est d\u00e9j\u00e0 le cas pour le TV Hisense 116UX.<\/p>\n<p class=\"bottom-text\">                <a href=\"https:\/\/www.youtube.com\/watch?v=FEZpEr9ISKk\" target=\"_blank\" rel=\"nofollow noopener\">Lien YouTube<\/a>                                    <a href=\"https:\/\/www.youtube.com\/subscription_center?add_user=FrAndroidTube\" target=\"_blank\" rel=\"nofollow noopener\">S\u2019abonner \u00e0 Frandroid<\/a>                            <\/p>\n<p>                Ce contenu est bloqu\u00e9 car vous n\u2019avez pas accept\u00e9 les cookies et autres traceurs. Ce contenu est fourni par YouTube.<br \/>Pour pouvoir le visualiser, vous devez accepter l\u2019usage \u00e9tant op\u00e9r\u00e9 par YouTube avec vos donn\u00e9es qui pourront \u00eatre utilis\u00e9es pour les finalit\u00e9s suivantes : vous permettre de visualiser et de partager des contenus avec des m\u00e9dias sociaux, favoriser le d\u00e9veloppement et l\u2019am\u00e9lioration des produits d\u2019Humanoid et de ses partenaires, vous afficher des publicit\u00e9s personnalis\u00e9es par rapport \u00e0 votre profil et activit\u00e9, vous d\u00e9finir un profil publicitaire personnalis\u00e9, mesurer la performance des publicit\u00e9s et du contenu de ce site et mesurer l\u2019audience de ce site <a href=\"#\" class=\"js-privacy\" target=\"_blank\">(en savoir plus)<\/a>            <\/p>\n<p>                En cliquant sur \u00ab J\u2019accepte tout \u00bb, vous consentez aux finalit\u00e9s susmentionn\u00e9es pour l\u2019ensemble des cookies et autres traceurs d\u00e9pos\u00e9s par Humanoid et <a class=\"embed-consent-overlay-vendors-link\" href=\"#preferences-vendeurs\">ses partenaires<\/a>.            <\/p>\n<p>                Vous gardez la possibilit\u00e9 de retirer votre consentement \u00e0 tout moment. Pour plus d\u2019informations, nous vous invitons \u00e0 prendre connaissance de notre <a href=\"https:\/\/www.frandroid.com\/politique-cookies\" rel=\"nofollow noopener\" target=\"_blank\">Politique cookies<\/a>.            <\/p>\n<p>            J\u2019accepte tout        <\/p>\n<p class=\"embed-consent-overlay-manage-choices\">            <a href=\"#preferences-publicitaires\">G\u00e9rer mes choix<\/a>        <\/p>\n<p>Notez que cette nouvelle s\u00e9rie de TV Hisense U9 sera disponible \u00e0 partir du second trimestre 2026. <\/p>\n<p>Notez \u00e9galement que Hisense va proposer une version 100 pouces du 116UX, avec la r\u00e9f\u00e9rence 100UX qui sera disponible pour 10000 euros environ. <\/p>\n","protected":false},"excerpt":{"rendered":"En d\u00e9voilant sa s\u00e9rie U9, Hisense cherche \u00e0 bouleverser le segment premium du t\u00e9l\u00e9viseur LCD. Cette gamme adopte&hellip;\n","protected":false},"author":2,"featured_media":376558,"comment_status":"","ping_status":"","sticky":false,"template":"","format":"standard","meta":{"footnotes":""},"categories":[7],"tags":[1011,27,14357,43,40,41,39,42,44],"class_list":{"0":"post-376557","1":"post","2":"type-post","3":"status-publish","4":"format-standard","5":"has-post-thumbnail","7":"category-sciences-et-technologies","8":"tag-fr","9":"tag-france","10":"tag-officialisation","11":"tag-science","12":"tag-science-and-technology","13":"tag-sciences","14":"tag-sciences-et-technologies","15":"tag-technologies","16":"tag-technology"},"share_on_mastodon":{"url":"https:\/\/pubeurope.com\/@fr\/115171684997047913","error":""},"_links":{"self":[{"href":"https:\/\/www.europesays.com\/fr\/wp-json\/wp\/v2\/posts\/376557","targetHints":{"allow":["GET"]}}],"collection":[{"href":"https:\/\/www.europesays.com\/fr\/wp-json\/wp\/v2\/posts"}],"about":[{"href":"https:\/\/www.europesays.com\/fr\/wp-json\/wp\/v2\/types\/post"}],"author":[{"embeddable":true,"href":"https:\/\/www.europesays.com\/fr\/wp-json\/wp\/v2\/users\/2"}],"replies":[{"embeddable":true,"href":"https:\/\/www.europesays.com\/fr\/wp-json\/wp\/v2\/comments?post=376557"}],"version-history":[{"count":0,"href":"https:\/\/www.europesays.com\/fr\/wp-json\/wp\/v2\/posts\/376557\/revisions"}],"wp:featuredmedia":[{"embeddable":true,"href":"https:\/\/www.europesays.com\/fr\/wp-json\/wp\/v2\/media\/376558"}],"wp:attachment":[{"href":"https:\/\/www.europesays.com\/fr\/wp-json\/wp\/v2\/media?parent=376557"}],"wp:term":[{"taxonomy":"category","embeddable":true,"href":"https:\/\/www.europesays.com\/fr\/wp-json\/wp\/v2\/categories?post=376557"},{"taxonomy":"post_tag","embeddable":true,"href":"https:\/\/www.europesays.com\/fr\/wp-json\/wp\/v2\/tags?post=376557"}],"curies":[{"name":"wp","href":"https:\/\/api.w.org\/{rel}","templated":true}]}}