{"id":376577,"date":"2025-09-09T01:24:19","date_gmt":"2025-09-09T01:24:19","guid":{"rendered":"https:\/\/www.europesays.com\/fr\/376577\/"},"modified":"2025-09-09T01:24:19","modified_gmt":"2025-09-09T01:24:19","slug":"mis-ko-apres-40-secondes-anyanwu-va-mieux","status":"publish","type":"post","link":"https:\/\/www.europesays.com\/fr\/376577\/","title":{"rendered":"Mis KO apr\u00e8s 40 secondes, Anyanwu va mieux"},"content":{"rendered":"<p class=\"date\">\n                                                            Paul Rouget, Media365 : publi\u00e9 le lundi 08 septembre 2025 \u00e0 12h45\n                                                    <\/p>\n<p>Lennox Anyanwu, sorti sur civi\u00e8re apr\u00e8s 40 secondes de jeu pour sa premi\u00e8re en Top 14 lors de Montpellier-Toulon en raison d&rsquo;un gros KO sur un plaquage, a pu regagner son domicile.<\/p>\n<p>Une difficile d\u00e9couverte du Top 14. Arriv\u00e9 cet \u00e9t\u00e9 au MHR en provenance des Harlequins, le jeune centre anglais Lennox Anyanwu (24 ans) n&rsquo;aura pass\u00e9 qu&rsquo;une quarantaine de secondes sur la pelouse du Septeo Stadium samedi, \u00e0 l&rsquo;occasion de <a href=\"https:\/\/sports.orange.fr\/rugby\/top-14\/article\/top-14-j1-toulon-demarre-bien-a-montpellier-CNT000002kvUox.html\" rel=\"nofollow noopener\" target=\"_blank\">la d\u00e9faite de Montpellier contre Toulon dans le cadre de la 1\u00e8re journ\u00e9e de Top 14 (17-27)<\/a>.<\/p>\n<p>D\u00e8s la premi\u00e8re action, il a tent\u00e9 de plaquer Ignacio Brex, mais sa t\u00eate est venue percuter, assez violemment, la hanche de l&rsquo;Italo-Argentin. Et alors qu&rsquo;il \u00e9tait allong\u00e9 au sol, les Toulonnais ont arr\u00eat\u00e9 de jouer et se sont alert\u00e9s de son \u00e9tat aupr\u00e8s de Ludovic Cayre, l&rsquo;arbitre de cette rencontre. Des soigneurs l&rsquo;ont alors pris en charge et, apr\u00e8s de longues minutes, il a \u00e9t\u00e9 \u00e9vacu\u00e9 sur une civi\u00e8re le pouce en l&rsquo;air, afin de rassurer sur son \u00e9tat.<\/p>\n<p>Au moins un mois d&rsquo;absence\u00a0?<\/p>\n<p>D&rsquo;apr\u00e8s le Midi Libre, le joueur d&rsquo;origine nig\u00e9riane a pu regagner son domicile d\u00e8s samedi soir. Sa dur\u00e9e d&rsquo;indisponibilit\u00e9 est estim\u00e9e \u00e0 au moins un mois, \u00e0 moins que les analyses ne soient positives. Ce qui lui permettrait de reprendre la comp\u00e9tition plus rapidement, m\u00eame si le MHR ne prendra aucun risque avec cette recrue de choix.<\/p>\n<p>Son co\u00e9quipier Jordan Uelese sera lui rest\u00e9 lui quelques minutes de plus sur la pelouse, mais a aussi d\u00fb abandonner ses partenaires sur blessure. Touch\u00e9 \u00e0 un genou, le talonneur australien bo\u00eetait bas, et va devoir passer des examens suppl\u00e9mentaires pour d\u00e9terminer la gravit\u00e9 de sa blessure.<\/p>\n<p>Deux coups durs pour le club h\u00e9raultais, dont <a href=\"https:\/\/sports.orange.fr\/rugby\/top-14\/montpellier\/article\/montpellier-ca-se-corse-deja-exclu-CNT000002kwm9v.html\" rel=\"nofollow noopener\" target=\"_blank\">l&rsquo;entra\u00eeneur \u00e9tait en \u00ab\u00a0col\u00e8re\u00a0\u00bb apr\u00e8s cette d\u00e9faite inaugurale<\/a>. \u00ab\u00a0\u00c7a fait ch&#8230; parce que c&rsquo;est la premi\u00e8re journ\u00e9e, a d\u00e9plor\u00e9 Joan Caudullo en conf\u00e9rence de presse. Je pensais qu&rsquo;on \u00e9tait pr\u00eats. Malheureusement, non. On n&rsquo;a pas r\u00e9ussi ce soir \u00e0 faire ce que l&rsquo;on avait fait pendant les matches amicaux. Comme quoi \u00e7a ne sert \u00e0 rien, c&rsquo;est \u00e0 dire dominer physiquement l&rsquo;adversaire. Je la prends pour moi, celle-l\u00e0. Il faut qu&rsquo;on r\u00e9agisse tr\u00e8s rapidement la semaine prochaine \u00e0 Bayonne pour r\u00e9aliser une bonne saison.\u00a0\u00bb Un match contre l&rsquo;Aviron lors duquel les Montpelli\u00e9rains se pr\u00e9senteront donc diminu\u00e9s.<\/p>\n","protected":false},"excerpt":{"rendered":"Paul Rouget, Media365 : publi\u00e9 le lundi 08 septembre 2025 \u00e0 12h45 Lennox Anyanwu, sorti sur civi\u00e8re apr\u00e8s&hellip;\n","protected":false},"author":2,"featured_media":376578,"comment_status":"","ping_status":"","sticky":false,"template":"","format":"standard","meta":{"footnotes":""},"categories":[9599],"tags":[1111,11,1777,674,1011,27,2208,12,2680,25],"class_list":{"0":"post-376577","1":"post","2":"type-post","3":"status-publish","4":"format-standard","5":"has-post-thumbnail","7":"category-montpellier","8":"tag-actu","9":"tag-actualites","10":"tag-eu","11":"tag-europe","12":"tag-fr","13":"tag-france","14":"tag-montpellier","15":"tag-news","16":"tag-occitanie","17":"tag-republique-francaise"},"share_on_mastodon":{"url":"https:\/\/pubeurope.com\/@fr\/115171731928498634","error":""},"_links":{"self":[{"href":"https:\/\/www.europesays.com\/fr\/wp-json\/wp\/v2\/posts\/376577","targetHints":{"allow":["GET"]}}],"collection":[{"href":"https:\/\/www.europesays.com\/fr\/wp-json\/wp\/v2\/posts"}],"about":[{"href":"https:\/\/www.europesays.com\/fr\/wp-json\/wp\/v2\/types\/post"}],"author":[{"embeddable":true,"href":"https:\/\/www.europesays.com\/fr\/wp-json\/wp\/v2\/users\/2"}],"replies":[{"embeddable":true,"href":"https:\/\/www.europesays.com\/fr\/wp-json\/wp\/v2\/comments?post=376577"}],"version-history":[{"count":0,"href":"https:\/\/www.europesays.com\/fr\/wp-json\/wp\/v2\/posts\/376577\/revisions"}],"wp:featuredmedia":[{"embeddable":true,"href":"https:\/\/www.europesays.com\/fr\/wp-json\/wp\/v2\/media\/376578"}],"wp:attachment":[{"href":"https:\/\/www.europesays.com\/fr\/wp-json\/wp\/v2\/media?parent=376577"}],"wp:term":[{"taxonomy":"category","embeddable":true,"href":"https:\/\/www.europesays.com\/fr\/wp-json\/wp\/v2\/categories?post=376577"},{"taxonomy":"post_tag","embeddable":true,"href":"https:\/\/www.europesays.com\/fr\/wp-json\/wp\/v2\/tags?post=376577"}],"curies":[{"name":"wp","href":"https:\/\/api.w.org\/{rel}","templated":true}]}}