{"id":376581,"date":"2025-09-09T01:26:39","date_gmt":"2025-09-09T01:26:39","guid":{"rendered":"https:\/\/www.europesays.com\/fr\/376581\/"},"modified":"2025-09-09T01:26:39","modified_gmt":"2025-09-09T01:26:39","slug":"une-fete-au-programme-charge-avec-une-nouveaute-pour-cette-commune-de-seine-maritime","status":"publish","type":"post","link":"https:\/\/www.europesays.com\/fr\/376581\/","title":{"rendered":"Une f\u00eate au programme charg\u00e9 avec une nouveaut\u00e9 pour cette commune de Seine-Maritime"},"content":{"rendered":"<p>            Par<br \/>\n        <strong><br \/>\n            <a href=\"https:\/\/actu.fr\/auteur\/soraya-meddah-actu-fr\" title=\"Consulter tous les articles de Soraya Meddah\" target=\"_blank\" rel=\"noopener\">Soraya Meddah<\/a><br \/>\n        <\/strong><\/p>\n<p>        Publi\u00e9 le<\/p>\n<p>            6 sept. 2025 \u00e0 16h16        <\/p>\n<p><a href=\"https:\/\/actu.fr\/normandie\/nullemont_76479\/le-comite-des-fetes-de-nullemont-veut-relancer-la-fete-au-village_60245862.html\" target=\"_blank\" rel=\"noopener\">Le comit\u00e9 des f\u00eates<\/a> de <a href=\"https:\/\/actu.fr\/normandie\/vieux-rouen-sur-bresle_76739\/vieux-rouen-sur-bresle-a-son-agence-postale-communale-pour-les-neuf-prochaines-annees_60740496.html\" target=\"_blank\" rel=\"noopener\">Vieux-Rouen-sur-Bresle<\/a> (situ\u00e9 entre <a href=\"https:\/\/actu.fr\/normandie\/aumale_76035\/a-aumale-les-habitants-et-commercants-se-sentent-ils-plutot-normands-ou-picards-on-leur-a-pose-la-question_63121056.html\" target=\"_blank\" rel=\"noopener\">Aumale <\/a>et <a href=\"https:\/\/actu.fr\/hauts-de-france\/senarpont_80732\/a-senarpont-des-parents-deleves-tres-en-colere-mobilises-contre-la-fermeture-dune-classe_62226012.html\" target=\"_blank\" rel=\"noopener\">S\u00e9narpont<\/a>) organise <b>trois<\/b> jours de festivit\u00e9s \u00e0 l\u2019occasion de sa f\u00eate <b>patronale.<\/b><\/p>\n<p class=\" wall-content\">Du samedi 13 au lundi 15 septembre inclus, profitez d\u2019\u00e9v\u00e8nements et activit\u00e9s pour <b>c\u00e9l\u00e9brer<\/b> la f\u00eate de cette commune de <a href=\"https:\/\/actu.fr\/normandie\/cropus_76204\/pour-contrer-le-projet-eolien-menacant-leurs-communes-ces-habitants-de-seine-maritime-creent-une-association_63119234.html\" target=\"_blank\" rel=\"noopener\">Seine-Maritime<\/a>. Et cette ann\u00e9e, un <b>nouveau<\/b> jeu sera pr\u00e9sent \u00e0 la f\u00eate foraine.<\/p>\n<p>Une premi\u00e8re journ\u00e9e charg\u00e9e en festivit\u00e9s<\/p>\n<p class=\" wall-content\">Le premier jour de f\u00eate d\u00e9butera t\u00f4t avec une <a href=\"https:\/\/actu.fr\/normandie\/bellencombre_76070\/foire-a-tout-voici-cinq-objets-originaux-ou-insolites-qui-ont-attire-notre-regard-en-seine-maritime_63042098.html\" target=\"_blank\" rel=\"noopener\">foire \u00e0 tout <\/a>de 8 h \u00e0 18 h. Celle-ci se tiendra sur le terrain de <b>football,<\/b> les emplacements seront <b>gratuits.<\/b><\/p>\n<p class=\" wall-content\">La brocante sera accompagn\u00e9e d\u2019activit\u00e9s sur la journ\u00e9e telle que le tir \u00e0 gogo, \u00e0 9 h 30. Celui-ci est organis\u00e9 par les <a href=\"https:\/\/actu.fr\/normandie\/vieux-rouen-sur-bresle_76739\/deux-archers-de-seine-maritime-en-route-pour-le-tir-du-roy-de-france-le-1er-mai_62580033.html\" target=\"_blank\" rel=\"noopener\">Archers <\/a>de la Bresle.<\/p>\n<p class=\" wall-content\">\u00c0 partir de 12 h 30, profitez d\u2019une exposition de vieux <b>tracteurs<\/b> en compl\u00e9ment de la foire \u00e0 tout.<\/p>\n<p>Vid\u00e9os : en ce moment sur Actu<\/p>\n<p class=\" wall-content\">Ce m\u00eame jour, la <b>soir\u00e9e<\/b> d\u00e9butera par un repas champ\u00eatre \u00e0 19 h 30. Il se tiendra dans la salle des f\u00eates de la commune. Toutefois, il sera possible de consommer son repas sur place ou <b>\u00e0 emporter<\/b>.<\/p>\n<p class=\" wall-content\">Pour bien terminer cette premi\u00e8re journ\u00e9e de f\u00eate, le comit\u00e9 organise un<b> feu d\u2019artifice<\/b> \u00e0 22 h 30, au niveau de <b>l\u2019\u00e9tang<\/b> communal. Celui-ci sera suivi par un <b>bal,<\/b> gratuit et sans r\u00e9servation, tenu au sein de la salle des f\u00eates.<\/p>\n<p>Votre r\u00e9gion, votre actu !<\/p>\n<p>Recevez chaque jour les infos qui comptent pour vous.<\/p>\n<p>\t<a href=\"https:\/\/actu.fr\/newsletter\" class=\"ac-btn ac-btn--corner ac-btn--medium ac-btn--blue800\" target=\"_blank\" rel=\"noopener\">S&rsquo;incrire<\/a><\/p>\n<p>    <a href=\"https:\/\/www.facebook.com\/plugins\/post.php?href=https%3A%2F%2Fwww.facebook.com%2Fpermalink.php%3Fstory_fbid%3Dpfbid0ZgXkU4ThxsVMf5fcRMfkwfrSyHghdK6QYz8EUuT2WDCcUzeeL75MZ2McYJGi5r3Xl%26id%3D61569301978138&amp;show_text=true&amp;width=350\" title=\"Ouvrie le lien\" target=\"_blank\" rel=\"noopener\">Cliquez ici pour visualiser le contenu<\/a><\/p>\n<p>Une d\u00e9monstration de zumba<\/p>\n<p class=\" wall-content\">Le dimanche, la deuxi\u00e8me journ\u00e9e de la f\u00eate patronale d\u00e9marrera par une grande <b>messe<\/b> en musique d\u00e8s 10 h 30. Elle sera suivie par un <b>vin<\/b> d\u2019honneur dans la salle des f\u00eates.<\/p>\n<p class=\" wall-content\">L\u2019apr\u00e8s-midi, \u00e0 partir de 14 h 30, il y aura la f\u00eate foraine avec une cavalcade.<\/p>\n<p class=\" wall-content\">Le d\u00e9fil\u00e9 comprendra des <b>chars<\/b> et des v\u00e9los <b>fleuris.<\/b> On pourra y apercevoir des associations repr\u00e9sent\u00e9es, notamment Animascot, l\u2019Esp\u00e9rance de Formerie, ou encore les F\u00e9lines. Seront aussi pr\u00e9sents des majorettes, des archers, des anciens combattants\u2026<\/p>\n<p class=\" wall-content\">Juste apr\u00e8s le d\u00e9fil\u00e9, sur le parking de la salle des f\u00eates, se tiendra une <b>d\u00e9monstration<\/b> de zumba. Celle-ci sera donn\u00e9e par le club de Vieux-Rouen-sur-Bresle qui participera aussi au d\u00e9fil\u00e9.<\/p>\n<p>Le rod\u00e9o s\u2019installe dans la f\u00eate foraine<\/p>\n<p class=\" wall-content\">Le lundi 15\u00a0septembre, dernier jour de f\u00eate, pr\u00e9sentera un programme plus l\u00e9ger. \u00c0 partir de 15 h 30, la f\u00eate <b>foraine<\/b> prendra place.<\/p>\n<p class=\" wall-content\">Les enfants comme les plus grands pourront y retrouver des jeux <b>traditionnels<\/b> comme la p\u00eache aux canards ou le tir \u00e0 la carabine.<\/p>\n<p class=\" wall-content\">Toutefois, cette ann\u00e9e, une nouveaut\u00e9 est venue s\u2019installer parmi les jeux de la f\u00eate foraine pour cette f\u00eate patronale, le <b>taureau m\u00e9canique<\/b>.<\/p>\n<p class=\" wall-content\">Les man\u00e8ges seront <b>gratuits<\/b> pour les enfants (de 3 \u00e0 12\u00a0ans) de la commune de Vieux-Rouen-sur-Bresle.<\/p>\n<p>Le repas champ\u00eatre du samedi proposera deux menus : adulte (15 \u20ac) et enfant (8 \u20ac). Renseignements au 06 28 04 68 72 ou 06 23 48 83 90. R\u00e9servations avant le lundi 8 septembre.<\/p>\n<p class=\" wall-content\">Personnalisez votre actualit\u00e9 en ajoutant vos villes et m\u00e9dias en favori avec <a href=\"https:\/\/moncompte.actu.fr\" title=\"D\u00e9couvez Mon Actu\" rel=\"nofollow noopener\" data-trk=\"{&quot;cta&quot;:{&quot;action&quot;:&quot;https:\\\/\\\/moncompte.actu.fr&quot;,&quot;category&quot;:&quot;mon compte&quot;,&quot;from&quot;:&quot;article footer&quot;,&quot;name&quot;:&quot;Mon actu&quot;,&quot;type&quot;:&quot;cta&quot;}}\" target=\"_blank\">Mon Actu<\/a>.<\/p>\n","protected":false},"excerpt":{"rendered":"Par Soraya Meddah Publi\u00e9 le 6 sept. 2025 \u00e0 16h16 Le comit\u00e9 des f\u00eates de Vieux-Rouen-sur-Bresle (situ\u00e9 entre&hellip;\n","protected":false},"author":2,"featured_media":376582,"comment_status":"","ping_status":"","sticky":false,"template":"","format":"standard","meta":{"footnotes":""},"categories":[9587],"tags":[1111,11,1777,674,11501,1011,27,12,5161,25,9590,104],"class_list":{"0":"post-376581","1":"post","2":"type-post","3":"status-publish","4":"format-standard","5":"has-post-thumbnail","7":"category-rouen","8":"tag-actu","9":"tag-actualites","10":"tag-eu","11":"tag-europe","12":"tag-fete-foraine","13":"tag-fr","14":"tag-france","15":"tag-news","16":"tag-normandie","17":"tag-republique-francaise","18":"tag-rouen","19":"tag-societe"},"share_on_mastodon":{"url":"https:\/\/pubeurope.com\/@fr\/115171739715784020","error":""},"_links":{"self":[{"href":"https:\/\/www.europesays.com\/fr\/wp-json\/wp\/v2\/posts\/376581","targetHints":{"allow":["GET"]}}],"collection":[{"href":"https:\/\/www.europesays.com\/fr\/wp-json\/wp\/v2\/posts"}],"about":[{"href":"https:\/\/www.europesays.com\/fr\/wp-json\/wp\/v2\/types\/post"}],"author":[{"embeddable":true,"href":"https:\/\/www.europesays.com\/fr\/wp-json\/wp\/v2\/users\/2"}],"replies":[{"embeddable":true,"href":"https:\/\/www.europesays.com\/fr\/wp-json\/wp\/v2\/comments?post=376581"}],"version-history":[{"count":0,"href":"https:\/\/www.europesays.com\/fr\/wp-json\/wp\/v2\/posts\/376581\/revisions"}],"wp:featuredmedia":[{"embeddable":true,"href":"https:\/\/www.europesays.com\/fr\/wp-json\/wp\/v2\/media\/376582"}],"wp:attachment":[{"href":"https:\/\/www.europesays.com\/fr\/wp-json\/wp\/v2\/media?parent=376581"}],"wp:term":[{"taxonomy":"category","embeddable":true,"href":"https:\/\/www.europesays.com\/fr\/wp-json\/wp\/v2\/categories?post=376581"},{"taxonomy":"post_tag","embeddable":true,"href":"https:\/\/www.europesays.com\/fr\/wp-json\/wp\/v2\/tags?post=376581"}],"curies":[{"name":"wp","href":"https:\/\/api.w.org\/{rel}","templated":true}]}}