{"id":376605,"date":"2025-09-09T01:40:13","date_gmt":"2025-09-09T01:40:13","guid":{"rendered":"https:\/\/www.europesays.com\/fr\/376605\/"},"modified":"2025-09-09T01:40:13","modified_gmt":"2025-09-09T01:40:13","slug":"occitanie-lintelligence-artificielle-un-moteur-demplois-et-de-formations","status":"publish","type":"post","link":"https:\/\/www.europesays.com\/fr\/376605\/","title":{"rendered":"Occitanie : l\u2019intelligence artificielle, un moteur d\u2019emplois et de formations"},"content":{"rendered":"<p>En quelques ann\u00e9es, l\u2019intelligence artificielle (IA) est pass\u00e9e du laboratoire \u00e0 l\u2019entreprise. Elle irrigue aujourd\u2019hui tous les secteurs d\u2019activit\u00e9 et l\u2019ensemble du tissus \u00e9conomique, notamment r\u00e9gional, l\u2019Occitanie comptant d\u00e9j\u00e0 un large r\u00e9seau de start-up, grands groupes et de laboratoires de recherche. Selon une enqu\u00eate r\u00e9cente de la Direction r\u00e9gionale de l\u2019\u00e9conomie, de l\u2019emploi, du travail et des solidarit\u00e9s (Dreets) Occitanie, elle compte ainsi pr\u00e8s de 300 \u00e9tablissements sp\u00e9cialis\u00e9s dans l\u2019IA, g\u00e9n\u00e9rant plus de 5000 emplois. Une fili\u00e8re dont le chiffre d\u2019affaires a bondi de pr\u00e8s de 80\u00a0% en quatre ans pour atteindre 544 millions d\u2019euros en 2023\u00a0!<\/p>\n<p>Les projets structurants se multiplient\u00a0: l\u2019institut ANITI \u00e0 Toulouse, l\u2019initiative IA Montpellier M\u00e9diterran\u00e9e, la plateforme \u00e9thique Ekitia ou encore les p\u00f4les de comp\u00e9titivit\u00e9 comme Aerospace Valley ou Eurobiomed. Une dynamique qui cr\u00e9e bien s\u00fbr des opportunit\u00e9s, mais aussi des tensions sur le march\u00e9 du travail. Selon la Dreets, Data scientists, ing\u00e9nieurs en machine learning, d\u00e9veloppeurs en traitement d\u2019images ou en langage naturel, experts en cybers\u00e9curit\u00e9\u2026 sont autant de profils que les entreprises peinent \u00e0 recruter.<\/p>\n<p>La formation continue&#8230; \u00e0 \u00e9voluer\u00a0!<\/p>\n<p>Pour r\u00e9pondre \u00e0 la demande, les universit\u00e9s de Toulouse et Montpellier, les grandes \u00e9coles d\u2019ing\u00e9nieurs (Insa, IMT Mines Al\u00e8s, etc.) et plusieurs laboratoires ont multipli\u00e9 les cursus sp\u00e9cialis\u00e9s (257 cursus recens\u00e9s fin 2024). Masters, chaires IA et formations hybrides se d\u00e9veloppent pour rapprocher recherche et entreprises, et la cr\u00e9ation d\u2019un Master international de haut niveau est \u00e0 l\u2019\u00e9tude. Reste qu\u2019un \u00e9cart demeure entre les besoins imm\u00e9diats du march\u00e9 et l\u2019offre acad\u00e9mique, notamment en termes de mise en pratique op\u00e9rationnelle&#8230;<\/p>\n<p>La formation professionnelle appara\u00eet d\u00e8s lors comme un levier d\u00e9cisif. De nombreux organismes proposent d\u00e9sormais des parcours courts et cibl\u00e9s, destin\u00e9s \u00e0 la reconversion de salari\u00e9s ou \u00e0 la mont\u00e9e en comp\u00e9tences de collaborateurs d\u00e9j\u00e0 en poste. D\u2019autant que cette logique de formation tout au long de la vie est indispensable dans un secteur en \u00e9volution permanente. L\u2019Occitanie peut s\u2019appuyer sur un r\u00e9seau dense de 12.500 organismes de formation, dont 315 Centre de formation d\u2019apprentis, mais aussi sur l\u2019engagement de la R\u00e9gion, qui a annonc\u00e9 55 millions d\u2019euros sur cinq ans pour soutenir la recherche et la formation. Objectif\u00a0: doubler le nombre d\u2019apprenants en technologies deep tech. En 2023, plus de 6000 \u00e9tudiants ont d\u00e9j\u00e0 suivi des cursus sp\u00e9cialis\u00e9s en IA \u00e0 Toulouse et Montpellier.<br class=\"autobr\"\/><br \/>\nIngrid Lemelle<\/p>\n<p><strong>T\u00e9l\u00e9charger l\u2019\u00e9tude de la Dreets Occitanie <a href=\"https:\/\/occitanie.dreets.gouv.fr\/sites\/occitanie.dreets.gouv.fr\/IMG\/pdf\/panorama_filiere_ia_occitanie.pdf\" class=\"spip_out\" rel=\"external noopener\" target=\"_blank\">ici<\/a><\/strong><\/p>\n<p>Photo\u00a0: R\u00e9my Gabalda &#8211; ToulEmploi.<\/p>\n","protected":false},"excerpt":{"rendered":"En quelques ann\u00e9es, l\u2019intelligence artificielle (IA) est pass\u00e9e du laboratoire \u00e0 l\u2019entreprise. Elle irrigue aujourd\u2019hui tous les secteurs&hellip;\n","protected":false},"author":2,"featured_media":376606,"comment_status":"","ping_status":"","sticky":false,"template":"","format":"standard","meta":{"footnotes":""},"categories":[2816],"tags":[1111,11,51045,51044,51046,341,1777,674,1119,1011,27,223,12,2680,25,2312],"class_list":{"0":"post-376605","1":"post","2":"type-post","3":"status-publish","4":"format-standard","5":"has-post-thumbnail","7":"category-toulouse","8":"tag-actu","9":"tag-actualites","10":"tag-de-lemploi","11":"tag-direction-regionale-de-leconomie","12":"tag-du-travail-et-des-solidarites-dreets-occitanie","13":"tag-emploi","14":"tag-eu","15":"tag-europe","16":"tag-formation","17":"tag-fr","18":"tag-france","19":"tag-intelligence-artificielle","20":"tag-news","21":"tag-occitanie","22":"tag-republique-francaise","23":"tag-toulouse"},"share_on_mastodon":{"url":"https:\/\/pubeurope.com\/@fr\/115171795043592712","error":""},"_links":{"self":[{"href":"https:\/\/www.europesays.com\/fr\/wp-json\/wp\/v2\/posts\/376605","targetHints":{"allow":["GET"]}}],"collection":[{"href":"https:\/\/www.europesays.com\/fr\/wp-json\/wp\/v2\/posts"}],"about":[{"href":"https:\/\/www.europesays.com\/fr\/wp-json\/wp\/v2\/types\/post"}],"author":[{"embeddable":true,"href":"https:\/\/www.europesays.com\/fr\/wp-json\/wp\/v2\/users\/2"}],"replies":[{"embeddable":true,"href":"https:\/\/www.europesays.com\/fr\/wp-json\/wp\/v2\/comments?post=376605"}],"version-history":[{"count":0,"href":"https:\/\/www.europesays.com\/fr\/wp-json\/wp\/v2\/posts\/376605\/revisions"}],"wp:featuredmedia":[{"embeddable":true,"href":"https:\/\/www.europesays.com\/fr\/wp-json\/wp\/v2\/media\/376606"}],"wp:attachment":[{"href":"https:\/\/www.europesays.com\/fr\/wp-json\/wp\/v2\/media?parent=376605"}],"wp:term":[{"taxonomy":"category","embeddable":true,"href":"https:\/\/www.europesays.com\/fr\/wp-json\/wp\/v2\/categories?post=376605"},{"taxonomy":"post_tag","embeddable":true,"href":"https:\/\/www.europesays.com\/fr\/wp-json\/wp\/v2\/tags?post=376605"}],"curies":[{"name":"wp","href":"https:\/\/api.w.org\/{rel}","templated":true}]}}