{"id":376612,"date":"2025-09-09T01:44:10","date_gmt":"2025-09-09T01:44:10","guid":{"rendered":"https:\/\/www.europesays.com\/fr\/376612\/"},"modified":"2025-09-09T01:44:10","modified_gmt":"2025-09-09T01:44:10","slug":"le-maire-de-marseille-benoit-payan-depose-plainte-contre-x-pour-menaces-de-mort","status":"publish","type":"post","link":"https:\/\/www.europesays.com\/fr\/376612\/","title":{"rendered":"Le maire de Marseille, Beno\u00eet Payan, d\u00e9pose plainte contre X pour menaces de mort"},"content":{"rendered":"<p>Beno\u00eet Payan a d\u00e9pos\u00e9 plainte, ce lundi 8\u00a0septembre, contre X pour menaces de mort, prof\u00e9r\u00e9es sur X en commentaires d\u2019une vid\u00e9o o\u00f9 on le voit manger dans le <a href=\"https:\/\/www.laprovence.com\/article\/societe\/58042237418831\/le-quartier-de-noailles-vu-par-ceux-qui-y-vivent-et-y-travaillent\" target=\"_blank\" rel=\"noopener\">quartier de Noailles<\/a> (1er) un couscous dans le cadre du <a href=\"https:\/\/www.laprovence.com\/article\/food\/50382444655226\/le-festival-kouss-kouss-se-prepare-a-rouler-sa-graine-dans-tout-marseille\" target=\"_blank\" rel=\"noopener\">festival marseillais Kouss Kouss<\/a>.<\/p>\n<p>La veille, le maire (DVG) de Marseille avait r\u00e9agi \u00e0 chaud en diffusant sur ce m\u00eame r\u00e9seau social une capture d\u2019\u00e9cran de la publication en question, sign\u00e9e par un certain Alfie07165. Celle-ci, qui a \u00e9t\u00e9 effac\u00e9e peu apr\u00e8s sa publication, montrait deux hommes arm\u00e9s et encagoul\u00e9s, encadrant un troisi\u00e8me, les yeux band\u00e9s, s\u2019appr\u00eatant \u00e0 \u00eatre pendu. \u00ab\u00a0Pauvre c** de Payan\u00a0!! L\u2019idiot utile des Fr\u00e8res musulmans\u00a0!! Et il sera dans les premiers quand il leur aura servi de marchepied\u00a0!! Quelle m***e\u00a0!! \u00ab\u00a0, \u00e9crivait Alfie07165. \u00ab\u00a0<a href=\"https:\/\/x.com\/BenoitPayan\/status\/1964732628273332644?ref_src=twsrc%5Etfw%7Ctwcamp%5Etweetembed%7Ctwterm%5E1964732628273332644%7Ctwgr%5E99ebcac00c704b036cd183f5d9089f912ea2c35f%7Ctwcon%5Es1_&amp;ref_url=https%3A%2F%2Fwww.leparisien.fr%2Ffaits-divers%2Fmarseille-le-maire-benoit-payan-menace-de-mort-pour-avoir-mange-un-couscous-08-09-2025-DWWTYSZ45NA2LDYX7EYPXRRMLA.php\" target=\"_blank\">Menac\u00e9 de mort pour avoir mang\u00e9 un couscous <\/a>dans le cadre d\u2019un festival marseillais de cuisine, je ne c\u00e9derai \u00e9videmment rien et jamais, avait r\u00e9pondu dimanche sur X Beno\u00eet Payan. Marseille est une ville du vivre-ensemble et nous ferons tout pour que cela continue, malgr\u00e9 les intimidations, extr\u00eame droite ou pas.\u00a0\u00bb<\/p>\n<p>Dans une<a href=\"https:\/\/x.com\/BenoitPayan\/status\/1965003166279508350\" target=\"_blank\"> nouvelle publication, ce lundi \u00e0 13\u00a0heures<\/a>, l\u2019\u00e9lu fait \u00e9tat de nouveaux commentaires haineux dont il pr\u00e9sente quelques extraits, fautes d\u2019orthographe incluses\u00a0: \u00ab\u00a0A raser et pendre haut et court \u00e0 la lib\u00e9ration\u00a0!\u00a0\u00bb, \u00ab\u00a0quel bande de putes Beno\u00eet Payan et certain fran\u00e7ais qui se soumettent aux alg\u00e9riens \u00e0 marseille\u00a0\u00bb, \u00ab\u00a0Alors lui il est en mode leche babouche h24. Il adore les mettre dans son lit aussi\u00a0\u00bb, \u00ab\u00a0A gerbez, \u00e0 genoux devant ces m\u00e9t\u00e8ques l\u00e0\u00a0\u00bb,\u00a0etc. L\u00e0 encore, le maire le r\u00e9p\u00e8te, toujours sur X\u00a0: \u00ab\u00a0Les menaces de mort et insultes en tout genre continuent et s\u2019intensifient mais elles ne m\u2019arr\u00eateront pas. Marseille et les Marseillais sont plus forts que la haine.\u00a0\u00bb<\/p>\n<p>Vassal et Muselier silencieux<\/p>\n<p>D\u00e8s dimanche, l\u2019\u00e9lu a re\u00e7u le soutien massif de sa majorit\u00e9 et de l\u2019ensemble des forces de gauche. Le PS des Bouches-du-Rh\u00f4ne, notamment, a tenu \u00e0 lui apporter son \u00ab\u00a0soutien plein et entier\u00a0\u00bb\u00a0: \u00ab\u00a0Nous ne baisserons jamais la t\u00eate face \u00e0 l\u2019extr\u00eame droite. Marseille est une et indivisible, et elle le restera.\u00a0\u00bb En d\u00e9pit de leurs d\u00e9saccords, le <a href=\"https:\/\/www.laprovence.com\/article\/politique\/61860428677405\/municipales-a-marseille-lfi-doit-conduire-l-union-de-la-gauche-en-2026-pour-sebastien-delogu\" target=\"_blank\" rel=\"noopener\">d\u00e9put\u00e9 S\u00e9bastien Delogu<\/a> (La France insoumise) a fait de m\u00eame\u00a0: \u00ab\u00a0Menac\u00e9 de mort pour un couscous. @bpayan, aucun de nos d\u00e9saccords politiques ne doit surpasser la n\u00e9cessit\u00e9 de faire bloc face aux attaques des racistes, des pro-g\u00e9nocide et de l\u2019extreme droite. Tu as mon soutien et celui des insoumis face \u00e0 ces menaces ignobles.\u00a0\u00bb<\/p>\n<p>Si, \u00e0 droite, si Bertrand Mas-Fraissinet, le pr\u00e9sident de Renaissance 13, a \u00e9galement tenu \u00e0 apporter \u00ab\u00a0tout son soutien r\u00e9publicain\u00a0\u00bb au maire, les deux t\u00e9nors locaux, Renaud Muselier, le pr\u00e9sident (Renaissance) de la R\u00e9gion et Martine Vassal, la pr\u00e9sidente (DVD) de la M\u00e9tropole et du Conseil d\u00e9partemental, sont pour l\u2019heure rest\u00e9s silencieux.<\/p>\n<p>L\u2019extr\u00eame droite, en revanche, a d\u00e9nonc\u00e9 ces \u00ab\u00a0menaces honteuses\u00a0\u00bb\u00a0: \u00ab\u00a0Leurs auteurs doivent \u00eatre poursuivis p\u00e9nalement, a \u00e9crit sur X dimanche <a href=\"https:\/\/x.com\/olivierrioult\/status\/1964964400022056995\" target=\"_blank\">Olivier Rioult<\/a>, porte-parole du patron du RN des Bouches-du-Rh\u00f4ne et candidat aux municipales, Franck Allisio\u00a0: Ici on est \u00e0 Marseille, en France, et aucun responsable politique ne devrait \u00eatre inqui\u00e9t\u00e9 pour ses id\u00e9es.\u00a0\u00bb<\/p>\n","protected":false},"excerpt":{"rendered":"Beno\u00eet Payan a d\u00e9pos\u00e9 plainte, ce lundi 8\u00a0septembre, contre X pour menaces de mort, prof\u00e9r\u00e9es sur X en&hellip;\n","protected":false},"author":2,"featured_media":376613,"comment_status":"","ping_status":"","sticky":false,"template":"","format":"standard","meta":{"footnotes":""},"categories":[2814],"tags":[17,1111,11,16980,1102,23035,1777,674,1011,27,5107,884,1147,18,12,19988,471,882,16,25],"class_list":{"0":"post-376612","1":"post","2":"type-post","3":"status-publish","4":"format-standard","5":"has-post-thumbnail","7":"category-marseille","8":"tag-17","9":"tag-actu","10":"tag-actualites","11":"tag-benoit","12":"tag-breakingnews","13":"tag-couscous","14":"tag-eu","15":"tag-europe","16":"tag-fr","17":"tag-france","18":"tag-maire","19":"tag-marseille","20":"tag-menace","21":"tag-mort","22":"tag-news","23":"tag-payan","24":"tag-pour","25":"tag-provence-alpes-cote-dazur","26":"tag-region","27":"tag-republique-francaise"},"share_on_mastodon":{"url":"https:\/\/pubeurope.com\/@fr\/115171810551965973","error":""},"_links":{"self":[{"href":"https:\/\/www.europesays.com\/fr\/wp-json\/wp\/v2\/posts\/376612","targetHints":{"allow":["GET"]}}],"collection":[{"href":"https:\/\/www.europesays.com\/fr\/wp-json\/wp\/v2\/posts"}],"about":[{"href":"https:\/\/www.europesays.com\/fr\/wp-json\/wp\/v2\/types\/post"}],"author":[{"embeddable":true,"href":"https:\/\/www.europesays.com\/fr\/wp-json\/wp\/v2\/users\/2"}],"replies":[{"embeddable":true,"href":"https:\/\/www.europesays.com\/fr\/wp-json\/wp\/v2\/comments?post=376612"}],"version-history":[{"count":0,"href":"https:\/\/www.europesays.com\/fr\/wp-json\/wp\/v2\/posts\/376612\/revisions"}],"wp:featuredmedia":[{"embeddable":true,"href":"https:\/\/www.europesays.com\/fr\/wp-json\/wp\/v2\/media\/376613"}],"wp:attachment":[{"href":"https:\/\/www.europesays.com\/fr\/wp-json\/wp\/v2\/media?parent=376612"}],"wp:term":[{"taxonomy":"category","embeddable":true,"href":"https:\/\/www.europesays.com\/fr\/wp-json\/wp\/v2\/categories?post=376612"},{"taxonomy":"post_tag","embeddable":true,"href":"https:\/\/www.europesays.com\/fr\/wp-json\/wp\/v2\/tags?post=376612"}],"curies":[{"name":"wp","href":"https:\/\/api.w.org\/{rel}","templated":true}]}}