{"id":376618,"date":"2025-09-09T01:47:18","date_gmt":"2025-09-09T01:47:18","guid":{"rendered":"https:\/\/www.europesays.com\/fr\/376618\/"},"modified":"2025-09-09T01:47:18","modified_gmt":"2025-09-09T01:47:18","slug":"un-detenu-soupconne-davoir-commandite-le-meurtre-dun-dealer-depuis-sa-prison","status":"publish","type":"post","link":"https:\/\/www.europesays.com\/fr\/376618\/","title":{"rendered":"un d\u00e9tenu soup\u00e7onn\u00e9 d\u2019avoir commandit\u00e9 le meurtre d\u2019un dealer depuis sa prison"},"content":{"rendered":"<p>Un d\u00e9tenu de la prison de Lyon Corbas a \u00e9t\u00e9 mis en examen dans l\u2019enqu\u00eate sur le meurtre d\u2019un jeune guetteur survenue en plein jour et devant une \u00e9cole, au mois d\u2019avril dernier, \u00e0 Vaulx-en-Velin.<\/p>\n<p class=\"fig-paragraph\">Il aurait transmis ses directives depuis la prison. Un d\u00e9tenu, soup\u00e7onn\u00e9 d&rsquo;avoir t\u00e9l\u00e9guid\u00e9 depuis sa cellule un\u00a0<a href=\"http:\/\/www.lefigaro.fr\/faits-divers\/jeune-tue-par-balle-pres-de-lyon-trois-personnes-mises-en-examen-20250419\" data-fig-type=\"NewsFlash\" data-gtm-custom-categorie=\"navigation\" data-gtm-custom-action=\"crossclick\" data-gtm-custom-label=\"Contextuel\" data-gtm-event=\"customEventSPE\" data-fig-domain=\"LEFIGARO\" target=\"_blank\" rel=\"noopener\">meurtre sur un point de deal<\/a>\u00a0pr\u00e8s de Lyon en avril, a \u00e9t\u00e9 mis en examen cet \u00e9t\u00e9, a appris l&rsquo;AFP lundi de source proche du dossier. Cet \u00e9tranger en situation irr\u00e9guli\u00e8re, qui se pr\u00e9sente comme un Tunisien de 22 ans, est poursuivi pour complicit\u00e9 de meurtre en bande organis\u00e9, selon cette source.<\/p>\n<p class=\"fig-paragraph\">Plusieurs fois condamn\u00e9 pour des violences ou des infractions \u00e0 la loi sur les stup\u00e9fiants, il \u00e9tait d\u00e9tenu \u00e0 la prison de Corbas le 7 avril, quand\u00a0<a href=\"http:\/\/www.lefigaro.fr\/lyon\/un-mineur-tue-d-une-balle-dans-la-tete-en-pleine-rue-et-pres-d-une-ecole-a-vaulx-en-velin-20250407\" data-fig-type=\"NewsFlash\" data-gtm-custom-categorie=\"navigation\" data-gtm-custom-action=\"crossclick\" data-gtm-custom-label=\"Contextuel\" data-gtm-event=\"customEventSPE\" data-fig-domain=\"LEFIGARO\" target=\"_blank\" rel=\"noopener\">un guetteur de 19 ans a \u00e9t\u00e9 abattu sur un point de deal \u00e0 Vaulx-en-Velin<\/a>. Le meurtre, commis en plein jour et \u00e0 proximit\u00e9 d&rsquo;une \u00e9cole, dont les \u00e9l\u00e8ves avaient d\u00fb \u00eatre confin\u00e9s, avait suscit\u00e9 beaucoup d&rsquo;\u00e9moi dans l&rsquo;agglom\u00e9ration lyonnaise.<\/p>\n<p>                                    <a class=\"fig-a11y-skip a11y-hidden\" href=\"#fig-a11y-skip-main-inarticle\"><br \/>\n        Passer la publicit\u00e9<br \/>\n    <\/a><\/p>\n<p class=\"fig-paragraph\">Le tireur pr\u00e9sum\u00e9, un jeune de 18 ans, avait \u00e9t\u00e9 arr\u00eat\u00e9 quelques jours plus tard \u00e0 son domicile du Val-d&rsquo;Oise et mis en examen pour meurtre en bande organis\u00e9e. Il avait \u00e9t\u00e9 recrut\u00e9 sur les r\u00e9seaux sociaux et \u00e9tait venu de la r\u00e9gion parisienne en train, selon les enqu\u00eateurs de la division de la criminalit\u00e9 organis\u00e9e et sp\u00e9cialis\u00e9e (DCOS).<\/p>\n<p>Concurrence entre dealers<\/p>\n<p class=\"fig-paragraph\">Une femme de 18 ans, accus\u00e9e de l&rsquo;avoir accueilli \u00e0 la gare pour lui fournir du mat\u00e9riel, et un homme de 20 ans qui logeait chez elle avaient \u00e9galement \u00e9t\u00e9 rapidement interpell\u00e9s et mis en examen pour complicit\u00e9. Tous les trois sont \u00e9crou\u00e9s depuis avril.<\/p>\n<p class=\"fig-paragraph\">Depuis, l&rsquo;enqu\u00eate a permis de remonter jusqu&rsquo;au d\u00e9tenu de Corbas, qui est accus\u00e9 d&rsquo;avoir r\u00e9serv\u00e9 le taxi ayant conduit le tireur sur les lieux du crime, et d&rsquo;avoir donn\u00e9 des consignes \u00e0 la jeune femme.<\/p>\n<p class=\"fig-body-link\">\n            \u00c0 lire aussi<br \/>\n        <a class=\"fig-body-link__link\" href=\"http:\/\/www.lefigaro.fr\/lyon\/une-guerre-de-gangs-a-vaulx-en-velin-les-habitants-desempares-face-a-la-violence-des-dealers-apres-une-fusillade-devant-une-ecole-20250408\" data-fig-type=\"NewsFlash\" data-gtm-custom-categorie=\"navigation\" data-gtm-custom-action=\"crossclick\" data-gtm-custom-label=\"Contextuel\" data-gtm-event=\"customEventSPE\" data-fig-domain=\"LEFIGARO\" target=\"_blank\" rel=\"noopener\">\u00abUne guerre de gangs\u00bb\u00a0: \u00e0 Vaulx-en-Velin, les habitants d\u00e9sempar\u00e9s face \u00e0 la violence des dealers apr\u00e8s une fusillade devant une \u00e9cole<br \/>\n    <\/a>\n<\/p>\n<p class=\"fig-paragraph\">Ce d\u00e9tenu est soup\u00e7onn\u00e9 d&rsquo;avoir voulu \u00e9liminer la concurrence sur ce point de deal tr\u00e8s actif, o\u00f9 il conservait des contacts. L&rsquo;enqu\u00eate doit encore d\u00e9terminer s&rsquo;il y avait un commanditaire au-dessus de lui ou s&rsquo;il \u00e9tait le seul d\u00e9cideur.<\/p>\n","protected":false},"excerpt":{"rendered":"Un d\u00e9tenu de la prison de Lyon Corbas a \u00e9t\u00e9 mis en examen dans l\u2019enqu\u00eate sur le meurtre&hellip;\n","protected":false},"author":2,"featured_media":376619,"comment_status":"","ping_status":"","sticky":false,"template":"","format":"standard","meta":{"footnotes":""},"categories":[1889],"tags":[1111,11,2430,1777,674,1011,27,2428,777,12,25,887],"class_list":{"0":"post-376618","1":"post","2":"type-post","3":"status-publish","4":"format-standard","5":"has-post-thumbnail","7":"category-lyon","8":"tag-actu","9":"tag-actualites","10":"tag-auvergne-rhone-alpes","11":"tag-eu","12":"tag-europe","13":"tag-fr","14":"tag-france","15":"tag-lyon","16":"tag-meurtre","17":"tag-news","18":"tag-republique-francaise","19":"tag-trafic-de-drogue"},"share_on_mastodon":{"url":"https:\/\/pubeurope.com\/@fr\/115171822315485241","error":""},"_links":{"self":[{"href":"https:\/\/www.europesays.com\/fr\/wp-json\/wp\/v2\/posts\/376618","targetHints":{"allow":["GET"]}}],"collection":[{"href":"https:\/\/www.europesays.com\/fr\/wp-json\/wp\/v2\/posts"}],"about":[{"href":"https:\/\/www.europesays.com\/fr\/wp-json\/wp\/v2\/types\/post"}],"author":[{"embeddable":true,"href":"https:\/\/www.europesays.com\/fr\/wp-json\/wp\/v2\/users\/2"}],"replies":[{"embeddable":true,"href":"https:\/\/www.europesays.com\/fr\/wp-json\/wp\/v2\/comments?post=376618"}],"version-history":[{"count":0,"href":"https:\/\/www.europesays.com\/fr\/wp-json\/wp\/v2\/posts\/376618\/revisions"}],"wp:featuredmedia":[{"embeddable":true,"href":"https:\/\/www.europesays.com\/fr\/wp-json\/wp\/v2\/media\/376619"}],"wp:attachment":[{"href":"https:\/\/www.europesays.com\/fr\/wp-json\/wp\/v2\/media?parent=376618"}],"wp:term":[{"taxonomy":"category","embeddable":true,"href":"https:\/\/www.europesays.com\/fr\/wp-json\/wp\/v2\/categories?post=376618"},{"taxonomy":"post_tag","embeddable":true,"href":"https:\/\/www.europesays.com\/fr\/wp-json\/wp\/v2\/tags?post=376618"}],"curies":[{"name":"wp","href":"https:\/\/api.w.org\/{rel}","templated":true}]}}