{"id":376620,"date":"2025-09-09T01:49:13","date_gmt":"2025-09-09T01:49:13","guid":{"rendered":"https:\/\/www.europesays.com\/fr\/376620\/"},"modified":"2025-09-09T01:49:13","modified_gmt":"2025-09-09T01:49:13","slug":"mobilisation-du-10-septembre-les-premieres-previsions-dans-les-transports-en-commun-en-ile-de-france","status":"publish","type":"post","link":"https:\/\/www.europesays.com\/fr\/376620\/","title":{"rendered":"Mobilisation du 10 septembre\u00a0: les premi\u00e8res pr\u00e9visions dans les transports en commun en Ile-de-France"},"content":{"rendered":"<p>Selon les pr\u00e9visions de la SNCF pour la journ\u00e9e de mobilisation du 10 septembre, la circulation sera perturb\u00e9e sur les RER et trains de banlieue. Elle sera quasi normale \u00e0 la RATP.<\/p>\n<p>Le trafic sera perturb\u00e9 mercredi sur certaines lignes de transport en Ile-de-France, dans le cadre de la\u00a0<a class=\"IciLink ici-link IciArticleLink g-ici-body-regular-1 underline brand svelte-lu7k6w\" href=\"https:\/\/www.francebleu.fr\/infos\/transports\/mobilisation-du-10-septembre-trafic-normal-pour-les-tgv-et-ouigo-perturbations-pour-les-ter-et-intercites-4136119\" rel=\"nofollow noopener\" target=\"_blank\">journ\u00e9e de mobilisation du 10 septembre<\/a>. La SNCF pr\u00e9voit des perturbations sur plusieurs lignes de RER et trains de banlieue. En revanche, le trafic des m\u00e9tros, bus et tramways devrait \u00eatre quasi normal, selon la RATP.<\/p>\n<p>Les horaires d\u00e9taill\u00e9s seront communiqu\u00e9s mardi \u00e0 17h mais voici d\u00e9j\u00e0 les pr\u00e9visions donn\u00e9es ce lundi par la SNCF et la RATP.<\/p>\n<p><strong>RER<\/strong><\/p>\n<p>RER A\u00a0: trafic normal<\/p>\n<p>RER B\u00a0: perturb\u00e9 sur la partie Sud<\/p>\n<p>RER C\u00a0: trafic fortement perturb\u00e9<\/p>\n<p>RER D\u00a0: trafic tr\u00e8s fortement perturb\u00e9<\/p>\n<p>RER E\u00a0: trafic perturb\u00e9<\/p>\n<p><strong>Trains de banlieue<\/strong><\/p>\n<p>Ligne\u00a0H\u00a0: Trafic fortement perturb\u00e9<\/p>\n<p>Ligne\u00a0J\u00a0: Trafic perturb\u00e9<\/p>\n<p>Ligne K\u00a0: Trafic fortement perturb\u00e9<\/p>\n<p>Ligne L\u00a0: Trafic perturb\u00e9<\/p>\n<p>Ligne N\u00a0et U\u00a0: Trafic fortement perturb\u00e9<\/p>\n<p>Ligne P\u00a0: Trafic l\u00e9g\u00e8rement perturb\u00e9<\/p>\n<p>Ligne R\u00a0: Trafic tr\u00e8s fortement perturb\u00e9<\/p>\n<p><strong>M\u00e9tro, tramway et bus RATP\u00a0: trafic quasi normal<\/strong><\/p>\n<p>\u00c0 lire aussi   <img decoding=\"async\" src=\"https:\/\/www.europesays.com\/fr\/wp-content\/uploads\/2025\/09\/1757382552_228_560x315\" alt=\"Pour la journ\u00e9e du 10 septembre, la SNCF pr\u00e9voit des perturbations pour les Transiliens, ainsi que certains TER et Intercit\u00e9s\" style=\"--_image-preview:url('data:image\/jpeg;base64,\/9j\/2wBDACgcHiMeGSgjISMtKygwPGRBPDc3PHtYXUlkkYCZlo+AjIqgtObDoKrarYqMyP\/L2u71\/\/\/\/m8H\/\/\/\/6\/+b9\/\/j\/2wBDASstLTw1PHZBQXb4pYyl+Pj4+Pj4+Pj4+Pj4+Pj4+Pj4+Pj4+Pj4+Pj4+Pj4+Pj4+Pj4+Pj4+Pj4+Pj4+Pj4+Pj\/wAARCAAXACoDASIAAhEBAxEB\/8QAGAAAAwEBAAAAAAAAAAAAAAAAAAECBAP\/xAAYEAEBAQEBAAAAAAAAAAAAAAAAAQISEf\/EABUBAQEAAAAAAAAAAAAAAAAAAAAB\/8QAFREBAQAAAAAAAAAAAAAAAAAAABH\/2gAMAwEAAhEDEQA\/AM9peikCpXTNcZVSqRozpfbNNH2gixNAFI\/QAK0ugBH\/2Q==');\" loading=\"lazy\" fetchpriority=\"low\" aria-hidden=\"true\" class=\"svelte-1pnmlwx rounded\" onload=\"this.__e=event\" onerror=\"this.__e=event\"\/><\/p>\n<p><a class=\"IciLink ici-link IciArticleLink g-ici-body-regular-1 underline brand svelte-lu7k6w\" href=\"https:\/\/www.francebleu.fr\/infos\/transports\/mobilisation-du-10-septembre-trafic-normal-pour-les-tgv-et-ouigo-perturbations-pour-les-ter-et-intercites-4136119\" rel=\"nofollow noopener\" target=\"_blank\">Sur les grandes lignes<\/a>, la circulation sera \u00ab\u00a0normale\u00a0\u00bb pour les TGV, les Ouigo et les TGV internationaux<\/p>\n<p>\u00c0 lire aussi   <img decoding=\"async\" src=\"https:\/\/www.europesays.com\/fr\/wp-content\/uploads\/2025\/09\/1757382553_539_560x315\" alt=\"Un mouvement de contestation citoyenne n\u00e9 sur les r\u00e9seaux sociaux appelle \u00e0 manifester le 10 septembre.\" style=\"--_image-preview:url('data:image\/jpeg;base64,\/9j\/2wBDACgcHiMeGSgjISMtKygwPGRBPDc3PHtYXUlkkYCZlo+AjIqgtObDoKrarYqMyP\/L2u71\/\/\/\/m8H\/\/\/\/6\/+b9\/\/j\/2wBDASstLTw1PHZBQXb4pYyl+Pj4+Pj4+Pj4+Pj4+Pj4+Pj4+Pj4+Pj4+Pj4+Pj4+Pj4+Pj4+Pj4+Pj4+Pj4+Pj4+Pj\/wAARCAAXACoDASIAAhEBAxEB\/8QAFwABAQEBAAAAAAAAAAAAAAAAAAECA\/\/EABgQAQEBAQEAAAAAAAAAAAAAAAABEQIS\/8QAFQEBAQAAAAAAAAAAAAAAAAAAAAH\/xAAUEQEAAAAAAAAAAAAAAAAAAAAA\/9oADAMBAAIRAxEAPwDsMaag1azal6ZtBaiaaCej0CiXpNADV0Af\/9k=');\" loading=\"lazy\" fetchpriority=\"low\" aria-hidden=\"true\" class=\"svelte-1pnmlwx rounded\" onload=\"this.__e=event\" onerror=\"this.__e=event\"\/><\/p>\n","protected":false},"excerpt":{"rendered":"Selon les pr\u00e9visions de la SNCF pour la journ\u00e9e de mobilisation du 10 septembre, la circulation sera perturb\u00e9e&hellip;\n","protected":false},"author":2,"featured_media":376621,"comment_status":"","ping_status":"","sticky":false,"template":"","format":"standard","meta":{"footnotes":""},"categories":[1592],"tags":[1111,11,1777,674,1011,27,662,12,626,25],"class_list":{"0":"post-376620","1":"post","2":"type-post","3":"status-publish","4":"format-standard","5":"has-post-thumbnail","7":"category-ile-de-france","8":"tag-actu","9":"tag-actualites","10":"tag-eu","11":"tag-europe","12":"tag-fr","13":"tag-france","14":"tag-ile-de-france","15":"tag-news","16":"tag-paris","17":"tag-republique-francaise"},"share_on_mastodon":{"url":"https:\/\/pubeurope.com\/@fr\/115171830388854924","error":""},"_links":{"self":[{"href":"https:\/\/www.europesays.com\/fr\/wp-json\/wp\/v2\/posts\/376620","targetHints":{"allow":["GET"]}}],"collection":[{"href":"https:\/\/www.europesays.com\/fr\/wp-json\/wp\/v2\/posts"}],"about":[{"href":"https:\/\/www.europesays.com\/fr\/wp-json\/wp\/v2\/types\/post"}],"author":[{"embeddable":true,"href":"https:\/\/www.europesays.com\/fr\/wp-json\/wp\/v2\/users\/2"}],"replies":[{"embeddable":true,"href":"https:\/\/www.europesays.com\/fr\/wp-json\/wp\/v2\/comments?post=376620"}],"version-history":[{"count":0,"href":"https:\/\/www.europesays.com\/fr\/wp-json\/wp\/v2\/posts\/376620\/revisions"}],"wp:featuredmedia":[{"embeddable":true,"href":"https:\/\/www.europesays.com\/fr\/wp-json\/wp\/v2\/media\/376621"}],"wp:attachment":[{"href":"https:\/\/www.europesays.com\/fr\/wp-json\/wp\/v2\/media?parent=376620"}],"wp:term":[{"taxonomy":"category","embeddable":true,"href":"https:\/\/www.europesays.com\/fr\/wp-json\/wp\/v2\/categories?post=376620"},{"taxonomy":"post_tag","embeddable":true,"href":"https:\/\/www.europesays.com\/fr\/wp-json\/wp\/v2\/tags?post=376620"}],"curies":[{"name":"wp","href":"https:\/\/api.w.org\/{rel}","templated":true}]}}