{"id":376622,"date":"2025-09-09T01:50:16","date_gmt":"2025-09-09T01:50:16","guid":{"rendered":"https:\/\/www.europesays.com\/fr\/376622\/"},"modified":"2025-09-09T01:50:16","modified_gmt":"2025-09-09T01:50:16","slug":"peut-on-savoir-si-lhiver-sera-froid-08-09-2025","status":"publish","type":"post","link":"https:\/\/www.europesays.com\/fr\/376622\/","title":{"rendered":"Peut-on savoir si l&rsquo;hiver sera froid\u00a0? 08\/09\/2025"},"content":{"rendered":"<p><img alt=\"\" loading=\"lazy\" width=\"1200\" height=\"760\" decoding=\"async\" data-nimg=\"1\" style=\"color:transparent\"  src=\"https:\/\/www.europesays.com\/fr\/wp-content\/uploads\/2025\/09\/1757382612_605_image\"\/><\/p>\n<p>L&rsquo;automne m\u00e9t\u00e9orologique vient de d\u00e9buter en France, une saison marquant la transition entre la saison chaude et la saison froide. Ainsi, nous commen\u00e7ons donc \u00e0 nous int\u00e9resser aux pr\u00e9visions pour le prochain hiver en France, mais peut-on vraiment faire confiance aux tendances d\u00e9j\u00e0 disponibles\u00a0?<\/p>\n<p>\u00a0<\/p>\n<p>\u00a0<\/p>\n<p>Vers un hiver 2025 \/ 2026 froid\u00a0? Qu&rsquo;indiquent les mod\u00e8les ?<\/p>\n<p>\u00a0<\/p>\n<p>Les tendances pour les mois de d\u00e9cembre 2025 et janvier\/ f\u00e9vrier 2026 sont donc d\u00e9j\u00e0 disponibles gr\u00e2ce aux mod\u00e9lisations des mod\u00e8les saisonniers. En g\u00e9n\u00e9ral, on utilise les mod\u00e8les europ\u00e9ens (ECMWF) et am\u00e9ricains (CFS) pour \u00e9tablir une tendance saisonni\u00e8re, c&rsquo;est donc sur ceux-ci que nous nous concentrerons dans cet article.<\/p>\n<p>\u00a0<\/p>\n<p>L&rsquo;europ\u00e9en&#8230;\u00a0<\/p>\n<p>Pour le moment, le mod\u00e8le europ\u00e9en entrevoit un hiver 2025\/2026 globalement bien plus doux que la normale sur l&rsquo;Europe et la France. En effet, selon ce mod\u00e8le, aucun mois ne pr\u00e9senterait d&rsquo;anomalies n\u00e9gatives de temp\u00e9ratures sur notre pays avec au contraire des temp\u00e9ratures en moyenne bien plus douces que la normale.<\/p>\n<p>\u00a0<\/p>\n<p><img alt=\"\" loading=\"lazy\" width=\"700\" height=\"166\" decoding=\"async\" data-nimg=\"1\" style=\"color:transparent\"  src=\"https:\/\/www.europesays.com\/fr\/wp-content\/uploads\/2025\/09\/1757382612_125_image\"\/><\/p>\n<p><strong>Anomalies de temp\u00e9ratures pour les mois de d\u00e9cembre, janvier et f\u00e9vrier en Europe<\/strong> \u2013 ECMWF<\/p>\n<p>\u00a0<\/p>\n<p>L&rsquo;am\u00e9ricain&#8230;<\/p>\n<p>Une tendance qui est d&rsquo;ailleurs tr\u00e8s similaire \u00e0 celle propos\u00e9e par le mod\u00e8le am\u00e9ricain CFS avec un \u00e9t\u00e9 l\u00e0 aussi tr\u00e8s doux en France et des anomalies de temp\u00e9ratures globalement assez marqu\u00e9es \u00e0 l&rsquo;\u00e9chelle du pays en moyenne sur l&rsquo;hiver.<\/p>\n<p>\u00a0<\/p>\n<p><a href=\"https:\/\/www.europesays.com\/fr\/wp-content\/uploads\/2025\/09\/euT2mMonInd4-1.gif\" class=\" underline\" target=\"_blank\" rel=\"noreferrer\"><img decoding=\"async\" alt=\"\" src=\"https:\/\/www.europesays.com\/fr\/wp-content\/uploads\/2025\/09\/euT2mMonInd4-1.gif\" style=\"height:17px;width:700px\"\/><\/a><\/p>\n<p><strong>Anomalies de temp\u00e9ratures pour les mois de d\u00e9cembre, janvier et f\u00e9vrier en Europe<\/strong> \u2013 CFS<\/p>\n<p>\u00a0<\/p>\n<p>Ainsi, si l&rsquo;on suit \u00e0 la lettre ces tendances, on peut s&rsquo;attendre \u00e0 un hiver \u00e0 nouveau anormalement doux sur la France, mais aussi sur la quasi-totalit\u00e9 de l&rsquo;Europe, une tendance qui sera donc loin de r\u00e9jouir les amoureux du froid et de la neige. N\u00e9anmoins, quel cr\u00e9dit apporter \u00e0 ces pr\u00e9visions\u00a0?<\/p>\n<p>\u00a0<\/p>\n<p>\u00a0<\/p>\n<p>Une tendance \u00e0 prendre avec des pincettes<\/p>\n<p>\u00a0<\/p>\n<p>En moyenne, les pr\u00e9visions saisonni\u00e8res sont consid\u00e9r\u00e9es comme relativement fiables avec toutefois\u00a0une marge d&rsquo;erreur se situant en g\u00e9n\u00e9ral autour de 40 \u00e0 60%, ce qui reste \u00e9lev\u00e9 par rapport aux pr\u00e9visions \u00e0 court et moyen terme.<\/p>\n<p>N\u00e9anmoins, cela laisse tout de m\u00eame une marge d&rsquo;erreur importante quant \u00e0 la survenue de la tendance propos\u00e9e, si il y a 50% de chances pour que le prochain hiver soit plus doux que la normale, il y a aussi 50% de chances qu&rsquo;il soit plus froid ou alors proche des normales.<\/p>\n<p>Les tendances saisonni\u00e8res sont des projections \u00e0 tr\u00e8s long terme proposant des sc\u00e9narios dominants allant jusqu&rsquo;\u00e0 6 mois d&rsquo;\u00e9ch\u00e9ance. Celles-ci servent donc \u00e0 d\u00e9gager une tendance g\u00e9n\u00e9rale, c&rsquo;est \u00e0 dire qu&rsquo;elles \u00e9valuent la probabilit\u00e9 que le mois soit plus sec, plus humide, plus d\u00e9pressionnaire, plus chaud ou plus froid que la normale.<\/p>\n<p>\u00a0<\/p>\n<p><img alt=\"\" loading=\"lazy\" width=\"700\" height=\"44\" decoding=\"async\" data-nimg=\"1\" style=\"color:transparent\"  src=\"https:\/\/www.europesays.com\/fr\/wp-content\/uploads\/2025\/09\/1757382614_163_image\"\/><\/p>\n<p><strong>Exemple de probabilit\u00e9s de sc\u00e9narios de temp\u00e9ratures pour les mois de juin, juillet et ao\u00fbt 2024\u00a0<\/strong>\u2013 M\u00e9t\u00e9o-France<\/p>\n<p>\u00a0<\/p>\n<p>Ces tendances ne constituent qu\u2019une probabilit\u00e9 qu\u2019un sc\u00e9nario donn\u00e9 se r\u00e9alise effectivement durant la p\u00e9riode consid\u00e9r\u00e9e. Cette notion de probabilit\u00e9 est cruciale car elle n\u2019assure en aucun cas la r\u00e9alisation certaine du sc\u00e9nario choisi. En effet, ce type de pr\u00e9vision demeure exp\u00e9rimental, s\u2019appuyant sur les param\u00e8tres climatiques \u00e0 un instant donn\u00e9 et utilisant les dynamiques atmosph\u00e9riques g\u00e9n\u00e9rales pour \u00e9tablir des tendances \u00e0 tr\u00e8s long terme.<\/p>\n<p>\u00a0<\/p>\n<p>\u00a0<\/p>\n<p>Des donn\u00e9es fauss\u00e9es par la dynamique du r\u00e9chauffement<\/p>\n<p>\u00a0<\/p>\n<p>De plus, dans la dynamique de r\u00e9chauffement climatique actuelle, nous avons remarqu\u00e9 ces derni\u00e8res ann\u00e9es que les mod\u00e8les de pr\u00e9visions privil\u00e9gient quasi syst\u00e9matiquement l&rsquo;option du r\u00e9chauffement, ce qui rend quasiment impossible \u00e0 pr\u00e9voir un mois plus frais que la normale \u00e0 une \u00e9ch\u00e9ance aussi lointaine. Cette tendance aux pr\u00e9visions saisonni\u00e8res toujours plus douces\/chaudes a d&rsquo;ailleurs valu de mauvaises surprises pour beaucoup durant l&rsquo;\u00e9t\u00e9 2021 ou durant les mois de juillet et ao\u00fbt 2023 par exemple.<\/p>\n<p>\u00a0<\/p>\n<p><img alt=\"\" loading=\"lazy\" width=\"700\" height=\"247\" decoding=\"async\" data-nimg=\"1\" style=\"color:transparent\"  src=\"https:\/\/www.europesays.com\/fr\/wp-content\/uploads\/2025\/09\/1757382615_643_image\"\/><\/p>\n<p><strong>Comparaison entre la tendance saisonni\u00e8re pour l&rsquo;\u00e9t\u00e9 au printemps 2021 et la r\u00e9alit\u00e9\u00a0<\/strong>&#8211; M\u00e9t\u00e9o Villes<\/p>\n<p>\u00a0<\/p>\n<p>\u00a0<\/p>\n<p>Une moyenne ne veut pas toujours dire grand-chose&#8230;<\/p>\n<p>\u00a0<\/p>\n<p>Il est \u00e9galement important de prendre en consid\u00e9ration que la pr\u00e9vision saisonni\u00e8re fait \u00e9tat d&rsquo;un temps moyen sur une p\u00e9riode donn\u00e9e. En effet, si un mois est par exemple pr\u00e9vu plus doux que la normale, cela ne veut pas forc\u00e9ment dire que la totalit\u00e9 de ce mois sera anormalement doux, simplement que les temp\u00e9ratures moyennes de la p\u00e9riode seront situ\u00e9es au-dessus des normales.<\/p>\n<p>Par exemple, le mois de mai 2024 \u00e9tait pr\u00e9vu d&rsquo;\u00eatre sensiblement plus chaud que la normale par les tendances saisonni\u00e8res, ce qui fut effectivement le cas si on se base sur les temp\u00e9ratures moyennes durant ce mois. Pourtant, le ressenti en fut tout autre avec des temp\u00e9ratures r\u00e9guli\u00e8rement situ\u00e9es sous les moyennes mais une p\u00e9riode de chaleur marqu\u00e9e \u00e0 la fin de la premi\u00e8re d\u00e9cade ayant permis de maintenir les temp\u00e9ratures moyennes au-dessus des normales de la p\u00e9riode.<\/p>\n<p>\u00a0<\/p>\n<p><img alt=\"\" loading=\"lazy\" width=\"700\" height=\"35\" decoding=\"async\" data-nimg=\"1\" style=\"color:transparent\"  src=\"https:\/\/www.europesays.com\/fr\/wp-content\/uploads\/2025\/09\/1757382616_16_image\"\/><\/p>\n<p><strong>Anomalie de la temp\u00e9rature quotidienne en mai 2024 en France &#8211; \u00e9cart \u00e0 la moyenne 1991-2020\u00a0<\/strong>&#8211; Infoclimat<\/p>\n<p>\u00a0<\/p>\n<p>\u00a0<\/p>\n<p>Tout est encore possible\u2026<\/p>\n<p>\u00a0<\/p>\n<p>Si l&rsquo;hiver 2025\/2026 est donc pr\u00e9vu doux, rien ne dit que des vagues de froid temporaires ne pourront pas se produire durant les mois de d\u00e9cembre, janvier et f\u00e9vrier et apporter ainsi des conditions hivernales sur une partie plus ou moins larges de la France. De plus, une vague de froid est un ph\u00e9nom\u00e8ne qui s&rsquo;entretient de lui-m\u00eame (notamment \u00e0 cause de la neige au sol), il suffit donc de peu pour tout faire basculer en p\u00e9riode hivernale. Un ph\u00e9nom\u00e8ne qui n&rsquo;est pas du tout pr\u00e9visible \u00e0 une \u00e9ch\u00e9ance si lointaine.<\/p>\n<p>Ainsi, m\u00eame si les tendances saisonni\u00e8res sont en constante am\u00e9lioration et de ce fait de plus en plus fiable, il est important de ne pas prendre les pr\u00e9visions \u00e0 une \u00e9ch\u00e9ance si lointaine au pied de la lettre. L&rsquo;important est de retenir que\u00a0celles-ci font \u00e9tat d&rsquo;une probabilit\u00e9 d&rsquo;occurrence d&rsquo;un type de temps dominant sur une p\u00e9riode.<\/p>\n<p>Si la majorit\u00e9 des mod\u00e8les de pr\u00e9visions saisonni\u00e8res s&rsquo;orientent vers un hiver 2025\/2026 doux, alors\u00a0la probabilit\u00e9 que celui-ci soit effectivement plus chaud que la normale se montre \u00e9lev\u00e9e\u00a0comme c&rsquo;est le cas actuellement. Mais rien n&#8217;emp\u00eachera des \u00e9pisodes hivernaux plus ou moins durables et marqu\u00e9s de se produire malgr\u00e9 tout, chose qu&rsquo;il n&rsquo;est pour le moment pas possible d&rsquo;appr\u00e9hender \u00e0 une \u00e9ch\u00e9ance si lointaine.<\/p>\n<p>\u00a0<\/p>\n<p>\u00a0<\/p>\n<p>Auteur : <a href=\"https:\/\/x.com\/BergenTristan\" class=\" underline\" target=\"_blank\" rel=\"noreferrer nofollow\">Tristan Bergen<\/a><\/p>\n","protected":false},"excerpt":{"rendered":"L&rsquo;automne m\u00e9t\u00e9orologique vient de d\u00e9buter en France, une saison marquant la transition entre la saison chaude et la&hellip;\n","protected":false},"author":2,"featured_media":376623,"comment_status":"","ping_status":"","sticky":false,"template":"","format":"standard","meta":{"footnotes":""},"categories":[1888],"tags":[1111,1928,11,1927,1777,674,1011,27,12,1926,626,1925,25],"class_list":{"0":"post-376622","1":"post","2":"type-post","3":"status-publish","4":"format-standard","5":"has-post-thumbnail","7":"category-paris","8":"tag-actu","9":"tag-actu-paris","10":"tag-actualites","11":"tag-actualites-paris","12":"tag-eu","13":"tag-europe","14":"tag-fr","15":"tag-france","16":"tag-news","17":"tag-news-paris","18":"tag-paris","19":"tag-paris-news","20":"tag-republique-francaise"},"share_on_mastodon":{"url":"https:\/\/pubeurope.com\/@fr\/115171834625819142","error":""},"_links":{"self":[{"href":"https:\/\/www.europesays.com\/fr\/wp-json\/wp\/v2\/posts\/376622","targetHints":{"allow":["GET"]}}],"collection":[{"href":"https:\/\/www.europesays.com\/fr\/wp-json\/wp\/v2\/posts"}],"about":[{"href":"https:\/\/www.europesays.com\/fr\/wp-json\/wp\/v2\/types\/post"}],"author":[{"embeddable":true,"href":"https:\/\/www.europesays.com\/fr\/wp-json\/wp\/v2\/users\/2"}],"replies":[{"embeddable":true,"href":"https:\/\/www.europesays.com\/fr\/wp-json\/wp\/v2\/comments?post=376622"}],"version-history":[{"count":0,"href":"https:\/\/www.europesays.com\/fr\/wp-json\/wp\/v2\/posts\/376622\/revisions"}],"wp:featuredmedia":[{"embeddable":true,"href":"https:\/\/www.europesays.com\/fr\/wp-json\/wp\/v2\/media\/376623"}],"wp:attachment":[{"href":"https:\/\/www.europesays.com\/fr\/wp-json\/wp\/v2\/media?parent=376622"}],"wp:term":[{"taxonomy":"category","embeddable":true,"href":"https:\/\/www.europesays.com\/fr\/wp-json\/wp\/v2\/categories?post=376622"},{"taxonomy":"post_tag","embeddable":true,"href":"https:\/\/www.europesays.com\/fr\/wp-json\/wp\/v2\/tags?post=376622"}],"curies":[{"name":"wp","href":"https:\/\/api.w.org\/{rel}","templated":true}]}}