{"id":376624,"date":"2025-09-09T01:51:11","date_gmt":"2025-09-09T01:51:11","guid":{"rendered":"https:\/\/www.europesays.com\/fr\/376624\/"},"modified":"2025-09-09T01:51:11","modified_gmt":"2025-09-09T01:51:11","slug":"tgv-rer-metro-le-point-sur-les-perturbations-dans-les-transports-2","status":"publish","type":"post","link":"https:\/\/www.europesays.com\/fr\/376624\/","title":{"rendered":"TGV, RER, M\u00e9tro\u2026 Le point sur les perturbations dans les transports"},"content":{"rendered":"<p class=\"mb-4 text-lg md:leading-8 break-words\"><strong>g\u00eane occasionn\u00e9e &#8211; La RATP pr\u00e9voit un trafic \u00ab\u00a0perturb\u00e9\u00a0\u00bb sur le RER B mais \u00ab\u00a0quasi normal\u00a0\u00bb pour les r\u00e9seaux de m\u00e9tro et de bus mercredi \u00e0 Paris<\/strong><\/p>\n<p class=\"mb-4 text-lg md:leading-8 break-words\">Transiliens, TGV, bus, m\u00e9tro\u2026 La circulation des transports, \u00e0 Paris et dans le reste de la France, risque d\u2019\u00eatre perturb\u00e9e par le <a href=\"https:\/\/www.20minutes.fr\/politique\/4171627-20250907-bloquons-tout-10-septembre-mouvement-suscite-engouement-majoritaire-chez-francais?at_medium=RSS%20feed&amp;at_campaign=ynews&amp;utm_source=yahoo&amp;utm_medium=rss&amp;utm_campaign=news_feed&amp;utm_content=in_article_link\" rel=\"nofollow noopener\" target=\"_blank\" data-ylk=\"slk:mouvement social du 10\u00a0septembre;elm:context_link;itc:0;sec:content-canvas\" class=\"link \">mouvement social du 10\u00a0septembre<\/a> qui appelle \u00e0 \u00ab\u00a0tout bloquer\u00a0\u00bb. En ce qui concerne l\u2019Ile-de-France, c\u2019est le RER B qui sera principalement mis en difficult\u00e9 tandis que le trafic des r\u00e9seaux de <a href=\"https:\/\/www.20minutes.fr\/dossier\/metro?at_medium=RSS%20feed&amp;at_campaign=ynews&amp;utm_source=yahoo&amp;utm_medium=rss&amp;utm_campaign=news_feed&amp;utm_content=in_article_link\" rel=\"nofollow noopener\" target=\"_blank\" data-ylk=\"slk:m\u00e9tro;elm:context_link;itc:0;sec:content-canvas\" class=\"link \">m\u00e9tro<\/a> et de bus devrait \u00eatre \u00ab\u00a0quasi normal\u00a0\u00bb, annonce la <a href=\"https:\/\/www.20minutes.fr\/dossier\/ratp?at_medium=RSS%20feed&amp;at_campaign=ynews&amp;utm_source=yahoo&amp;utm_medium=rss&amp;utm_campaign=news_feed&amp;utm_content=in_article_link\" rel=\"nofollow noopener\" target=\"_blank\" data-ylk=\"slk:RATP;elm:context_link;itc:0;sec:content-canvas\" class=\"link \">RATP<\/a> ce lundi.<\/p>\n<p class=\"mb-4 text-lg md:leading-8 break-words\">Le transporteur estime en outre, dans un communiqu\u00e9, que les circulations du RER A et des tramways qu\u2019il g\u00e8re ne seront pas affect\u00e9es. La RATP n\u2019a pas d\u00e9taill\u00e9 dans quelles proportions le trafic du RER B, qui traverse l\u2019<a href=\"https:\/\/www.20minutes.fr\/dossier\/ile-de-france?at_medium=RSS%20feed&amp;at_campaign=ynews&amp;utm_source=yahoo&amp;utm_medium=rss&amp;utm_campaign=news_feed&amp;utm_content=in_article_link\" rel=\"nofollow noopener\" target=\"_blank\" data-ylk=\"slk:Ile-de-France;elm:context_link;itc:0;sec:content-canvas\" class=\"link \">Ile-de-France<\/a> du nord au sud via le centre de Paris et dessert l\u2019a\u00e9roport de Paris Charles-de-Gaulle, serait perturb\u00e9.<\/p>\n<p class=\"mb-4 text-lg md:leading-8 break-words\">Elle a toutefois indiqu\u00e9 que l\u2019interconnexion serait \u00ab\u00a0maintenue \u00e0 gare du Nord\u00a0\u00bb, point n\u00e9vralgique du RER B, ce qui signifie que les passagers ne devront pas changer de train. G\u00e9r\u00e9e conjointement avec la <a href=\"https:\/\/www.20minutes.fr\/dossier\/sncf?at_medium=RSS%20feed&amp;at_campaign=ynews&amp;utm_source=yahoo&amp;utm_medium=rss&amp;utm_campaign=news_feed&amp;utm_content=in_article_link\" rel=\"nofollow noopener\" target=\"_blank\" data-ylk=\"slk:SNCF;elm:context_link;itc:0;sec:content-canvas\" class=\"link \">SNCF<\/a>, cette ligne est habituellement emprunt\u00e9e par pr\u00e8s d\u2019un million de voyageurs par jour.<\/p>\n<p>Les trains r\u00e9gionaux perturb\u00e9s<\/p>\n<p class=\"mb-4 text-lg md:leading-8 break-words\">La SNCF pr\u00e9voit une circulation perturb\u00e9e des trains r\u00e9gionaux et des RER qu\u2019elle g\u00e8re en Ile-de-France, ainsi que sur certaines lignes Intercit\u00e9s et TER mercredi, jour du mouvement pour \u00ab\u00a0tout bloquer\u00a0\u00bb, a-t-elle annonc\u00e9 lundi.<\/p>\n<p><a href=\"https:\/\/www.20minutes.fr\/dossier\/mouvement_social\" rel=\"nofollow noopener\" target=\"_blank\" data-ylk=\"slk:Nos derniers articles sur les mouvements sociaux;elm:context_link;itc:0;sec:content-canvas\" class=\"link \">Nos derniers articles sur les mouvements sociaux<\/a><\/p>\n<p class=\"mb-4 text-lg md:leading-8 break-words\">En revanche, les trains \u00e0 grande vitesse TGV Inou\u00ef, Ouigo et internationaux \u00ab\u00a0circuleront normalement\u00a0\u00bb, a pr\u00e9cis\u00e9 le transporteur dans un communiqu\u00e9.<\/p>\n<p class=\"mb-4 text-lg md:leading-8 break-words\"><a href=\"https:\/\/www.20minutes.fr\/societe\/greve\/4171869-20250908-bloquons-tout-10-septembre-tgv-rer-metro-point-perturbations-transports?at_medium=RSS%20feed&amp;at_campaign=ynews&amp;utm_source=yahoo&amp;utm_medium=rss&amp;utm_campaign=news_feed&amp;utm_content=read_more_link&quot;\" rel=\"nofollow noopener\" target=\"_blank\" data-ylk=\"slk:Lire la suite sur 20minutes;elm:context_link;itc:0;sec:content-canvas\" class=\"link \">Lire la suite sur 20minutes<\/a><\/p>\n<p>\u00c0 lire aussi :<br \/><a href=\"https:\/\/www.20minutes.fr\/societe\/4169811-20250827-bloquons-tout-10-septembre-groupes-derriere-appel-blocage?at_medium=RSS%20feed&amp;at_campaign=ynews&amp;utm_source=yahoo&amp;utm_medium=rss&amp;utm_campaign=news_feed&amp;utm_content=related_content_link\" rel=\"nofollow noopener\" target=\"_blank\" data-ylk=\"slk:\u00ab\u00a0Bloquons tout le 10\u00a0septembre\u00a0\u00bb\u00a0: Qui sont les groupes derri\u00e8re l\u2019appel au blocage\u00a0?;elm:context_link;itc:0;sec:content-canvas\" class=\"link \">\u00ab\u00a0Bloquons tout le 10\u00a0septembre\u00a0\u00bb\u00a0: Qui sont les groupes derri\u00e8re l\u2019appel au blocage\u00a0?<\/a><br \/><a href=\"https:\/\/www.20minutes.fr\/societe\/4170968-20250903-bloquons-tout-10-septembre-sabotages-peages-chariots-gratuits-autorites-attendent-tout?at_medium=RSS%20feed&amp;at_campaign=ynews&amp;utm_source=yahoo&amp;utm_medium=rss&amp;utm_campaign=news_feed&amp;utm_content=related_content_link\" rel=\"nofollow noopener\" target=\"_blank\" data-ylk=\"slk:\u00ab\u00a0Bloquons tout le 10\u00a0septembre\u00a0\u00bb\u00a0: Sabotages, p\u00e9ages ou chariots gratuits\u2026 Les autorit\u00e9s s\u2019attendent \u00e0 tout;elm:context_link;itc:0;sec:content-canvas\" class=\"link \">\u00ab\u00a0Bloquons tout le 10\u00a0septembre\u00a0\u00bb\u00a0: Sabotages, p\u00e9ages ou chariots gratuits\u2026 Les autorit\u00e9s s\u2019attendent \u00e0 tout<\/a><\/p>\n","protected":false},"excerpt":{"rendered":"g\u00eane occasionn\u00e9e &#8211; La RATP pr\u00e9voit un trafic \u00ab\u00a0perturb\u00e9\u00a0\u00bb sur le RER B mais \u00ab\u00a0quasi normal\u00a0\u00bb pour les&hellip;\n","protected":false},"author":2,"featured_media":376625,"comment_status":"","ping_status":"","sticky":false,"template":"","format":"standard","meta":{"footnotes":""},"categories":[1888],"tags":[1111,1928,11,1927,1777,674,1011,27,51047,12,1926,626,1925,625,25,12396,17235,2214],"class_list":{"0":"post-376624","1":"post","2":"type-post","3":"status-publish","4":"format-standard","5":"has-post-thumbnail","7":"category-paris","8":"tag-actu","9":"tag-actu-paris","10":"tag-actualites","11":"tag-actualites-paris","12":"tag-eu","13":"tag-europe","14":"tag-fr","15":"tag-france","16":"tag-le-transporteur","17":"tag-news","18":"tag-news-paris","19":"tag-paris","20":"tag-paris-news","21":"tag-ratp","22":"tag-republique-francaise","23":"tag-rer","24":"tag-rer-b","25":"tag-tgv"},"share_on_mastodon":{"url":"https:\/\/pubeurope.com\/@fr\/115171838107180619","error":""},"_links":{"self":[{"href":"https:\/\/www.europesays.com\/fr\/wp-json\/wp\/v2\/posts\/376624","targetHints":{"allow":["GET"]}}],"collection":[{"href":"https:\/\/www.europesays.com\/fr\/wp-json\/wp\/v2\/posts"}],"about":[{"href":"https:\/\/www.europesays.com\/fr\/wp-json\/wp\/v2\/types\/post"}],"author":[{"embeddable":true,"href":"https:\/\/www.europesays.com\/fr\/wp-json\/wp\/v2\/users\/2"}],"replies":[{"embeddable":true,"href":"https:\/\/www.europesays.com\/fr\/wp-json\/wp\/v2\/comments?post=376624"}],"version-history":[{"count":0,"href":"https:\/\/www.europesays.com\/fr\/wp-json\/wp\/v2\/posts\/376624\/revisions"}],"wp:featuredmedia":[{"embeddable":true,"href":"https:\/\/www.europesays.com\/fr\/wp-json\/wp\/v2\/media\/376625"}],"wp:attachment":[{"href":"https:\/\/www.europesays.com\/fr\/wp-json\/wp\/v2\/media?parent=376624"}],"wp:term":[{"taxonomy":"category","embeddable":true,"href":"https:\/\/www.europesays.com\/fr\/wp-json\/wp\/v2\/categories?post=376624"},{"taxonomy":"post_tag","embeddable":true,"href":"https:\/\/www.europesays.com\/fr\/wp-json\/wp\/v2\/tags?post=376624"}],"curies":[{"name":"wp","href":"https:\/\/api.w.org\/{rel}","templated":true}]}}