{"id":376626,"date":"2025-09-09T01:52:16","date_gmt":"2025-09-09T01:52:16","guid":{"rendered":"https:\/\/www.europesays.com\/fr\/376626\/"},"modified":"2025-09-09T01:52:16","modified_gmt":"2025-09-09T01:52:16","slug":"previsions-du-mardi-9-septembre-2025-9","status":"publish","type":"post","link":"https:\/\/www.europesays.com\/fr\/376626\/","title":{"rendered":"pr\u00e9visions du mardi 9 septembre 2025"},"content":{"rendered":"<p>C&rsquo;est un soleil magnifique qui va briller aujourd&rsquo;hui sur Paris. On anticipe des valeurs avoisinant 19\u00b0C. Un vent de nord-est soufflera l\u00e9g\u00e8rement, avec 5 km\/h dans la matin\u00e9e. Une m\u00e9t\u00e9o plus chaude est attendue l&rsquo;apr\u00e8s-midi \u00e9tant donn\u00e9 que les temp\u00e9ratures vont enregistrer une l\u00e9g\u00e8re augmentation. Les valeurs seront comprises entre 23 et 24\u00b0C. Le ciel va l\u00e9g\u00e8rement se d\u00e9gager dans la soir\u00e9e avec des \u00e9claircies. Les temp\u00e9ratures seront de 21\u00b0C. On passera de mardi \u00e0 mercredi par une nuit claire.<\/p>\n<p>Demain, le vent va progressivement chasser la grisaille \u00e0 Paris. C&rsquo;est une hausse de quelques degr\u00e9s que vont conna\u00eetre les temp\u00e9ratures. Les valeurs afficheront entre 16 et 23\u00b0C. Un vent de sud-ouest rafra\u00eechira l\u00e9g\u00e8rement l&rsquo;atmosph\u00e8re. Les temp\u00e9ratures seront de 21\u00b0C au minimum et de 23\u00b0C au maximum l&rsquo;apr\u00e8s-midi. Demain soir, le soleil risque d&rsquo;\u00eatre dissimul\u00e9 par des nuages. Le temps sera ponctu\u00e9 par des pluies \u00e9parses. Il fera environ 18\u00b0C.<\/p>\n<p>La m\u00e9t\u00e9o sera relativement mitig\u00e9e les jours qui suivent. \u00c0 la suite d&rsquo;une journ\u00e9e pluvieuse jeudi, on pr\u00e9voit une am\u00e9lioration vendredi.<\/p>\n<p><\/p>\n","protected":false},"excerpt":{"rendered":"C&rsquo;est un soleil magnifique qui va briller aujourd&rsquo;hui sur Paris. On anticipe des valeurs avoisinant 19\u00b0C. Un vent&hellip;\n","protected":false},"author":2,"featured_media":376627,"comment_status":"","ping_status":"","sticky":false,"template":"","format":"standard","meta":{"footnotes":""},"categories":[1888],"tags":[11,1777,674,1011,27,662,12,626,2119,25],"class_list":{"0":"post-376626","1":"post","2":"type-post","3":"status-publish","4":"format-standard","5":"has-post-thumbnail","7":"category-paris","8":"tag-actualites","9":"tag-eu","10":"tag-europe","11":"tag-fr","12":"tag-france","13":"tag-ile-de-france","14":"tag-news","15":"tag-paris","16":"tag-previsions-meteo","17":"tag-republique-francaise"},"share_on_mastodon":{"url":"https:\/\/pubeurope.com\/@fr\/115171842045097208","error":""},"_links":{"self":[{"href":"https:\/\/www.europesays.com\/fr\/wp-json\/wp\/v2\/posts\/376626","targetHints":{"allow":["GET"]}}],"collection":[{"href":"https:\/\/www.europesays.com\/fr\/wp-json\/wp\/v2\/posts"}],"about":[{"href":"https:\/\/www.europesays.com\/fr\/wp-json\/wp\/v2\/types\/post"}],"author":[{"embeddable":true,"href":"https:\/\/www.europesays.com\/fr\/wp-json\/wp\/v2\/users\/2"}],"replies":[{"embeddable":true,"href":"https:\/\/www.europesays.com\/fr\/wp-json\/wp\/v2\/comments?post=376626"}],"version-history":[{"count":0,"href":"https:\/\/www.europesays.com\/fr\/wp-json\/wp\/v2\/posts\/376626\/revisions"}],"wp:featuredmedia":[{"embeddable":true,"href":"https:\/\/www.europesays.com\/fr\/wp-json\/wp\/v2\/media\/376627"}],"wp:attachment":[{"href":"https:\/\/www.europesays.com\/fr\/wp-json\/wp\/v2\/media?parent=376626"}],"wp:term":[{"taxonomy":"category","embeddable":true,"href":"https:\/\/www.europesays.com\/fr\/wp-json\/wp\/v2\/categories?post=376626"},{"taxonomy":"post_tag","embeddable":true,"href":"https:\/\/www.europesays.com\/fr\/wp-json\/wp\/v2\/tags?post=376626"}],"curies":[{"name":"wp","href":"https:\/\/api.w.org\/{rel}","templated":true}]}}