{"id":376628,"date":"2025-09-09T01:53:11","date_gmt":"2025-09-09T01:53:11","guid":{"rendered":"https:\/\/www.europesays.com\/fr\/376628\/"},"modified":"2025-09-09T01:53:11","modified_gmt":"2025-09-09T01:53:11","slug":"fete-des-rues-aux-ecoles-dans-le-14e","status":"publish","type":"post","link":"https:\/\/www.europesays.com\/fr\/376628\/","title":{"rendered":"F\u00eate des rues aux \u00e9coles dans le 14e"},"content":{"rendered":"<p>  Au programme de cette journ\u00e9e\u00a0: animations sportives, ateliers cr\u00e9atifs, d\u00e9couvertes culturelles et autres activit\u00e9s pour toute la famille. Mais aussi booms g\u00e9antes, propos\u00e9es par les Centres Paris Anim&rsquo; du 14e et go\u00fbter maison offert par la Caisse des \u00e9coles du 14e. Cette f\u00eate sera l&rsquo;occasion de rencontrer les associations de la seconde saison des<a href=\"https:\/\/mairie14.paris.fr\/pages\/we-off-des-week-ends-ensemble-28704\" target=\"_blank\" rel=\"noopener nofollow\" title=\"Ouverture dans un nouvel onglet\"> WE OFF<\/a> et de tester les activit\u00e9s qu&rsquo;elle proposeront d&rsquo;octobre \u00e0 d\u00e9cembre.<\/p>\n","protected":false},"excerpt":{"rendered":"Au programme de cette journ\u00e9e\u00a0: animations sportives, ateliers cr\u00e9atifs, d\u00e9couvertes culturelles et autres activit\u00e9s pour toute la famille.&hellip;\n","protected":false},"author":2,"featured_media":376629,"comment_status":"","ping_status":"","sticky":false,"template":"","format":"standard","meta":{"footnotes":""},"categories":[1888],"tags":[11,1777,674,1011,27,12,626,25],"class_list":{"0":"post-376628","1":"post","2":"type-post","3":"status-publish","4":"format-standard","5":"has-post-thumbnail","7":"category-paris","8":"tag-actualites","9":"tag-eu","10":"tag-europe","11":"tag-fr","12":"tag-france","13":"tag-news","14":"tag-paris","15":"tag-republique-francaise"},"share_on_mastodon":{"url":"https:\/\/pubeurope.com\/@fr\/115171845968206313","error":""},"_links":{"self":[{"href":"https:\/\/www.europesays.com\/fr\/wp-json\/wp\/v2\/posts\/376628","targetHints":{"allow":["GET"]}}],"collection":[{"href":"https:\/\/www.europesays.com\/fr\/wp-json\/wp\/v2\/posts"}],"about":[{"href":"https:\/\/www.europesays.com\/fr\/wp-json\/wp\/v2\/types\/post"}],"author":[{"embeddable":true,"href":"https:\/\/www.europesays.com\/fr\/wp-json\/wp\/v2\/users\/2"}],"replies":[{"embeddable":true,"href":"https:\/\/www.europesays.com\/fr\/wp-json\/wp\/v2\/comments?post=376628"}],"version-history":[{"count":0,"href":"https:\/\/www.europesays.com\/fr\/wp-json\/wp\/v2\/posts\/376628\/revisions"}],"wp:featuredmedia":[{"embeddable":true,"href":"https:\/\/www.europesays.com\/fr\/wp-json\/wp\/v2\/media\/376629"}],"wp:attachment":[{"href":"https:\/\/www.europesays.com\/fr\/wp-json\/wp\/v2\/media?parent=376628"}],"wp:term":[{"taxonomy":"category","embeddable":true,"href":"https:\/\/www.europesays.com\/fr\/wp-json\/wp\/v2\/categories?post=376628"},{"taxonomy":"post_tag","embeddable":true,"href":"https:\/\/www.europesays.com\/fr\/wp-json\/wp\/v2\/tags?post=376628"}],"curies":[{"name":"wp","href":"https:\/\/api.w.org\/{rel}","templated":true}]}}