{"id":376632,"date":"2025-09-09T01:55:17","date_gmt":"2025-09-09T01:55:17","guid":{"rendered":"https:\/\/www.europesays.com\/fr\/376632\/"},"modified":"2025-09-09T01:55:17","modified_gmt":"2025-09-09T01:55:17","slug":"guerre-en-ukraine-moscou-revendique-avoir-3-fois-plus-de-ressources-que-kiev-sur-le-front","status":"publish","type":"post","link":"https:\/\/www.europesays.com\/fr\/376632\/","title":{"rendered":"Guerre en Ukraine : Moscou revendique avoir \u00ab\u00a03 fois plus\u00a0\u00bb de ressources que Kiev sur le front"},"content":{"rendered":"<ul class=\"jsx-862013697 ArticleChapo__List\">\n<li class=\"jsx-862013697 ArticleChapo__List_Item flex\">La Russie a au minimum \u00ab\u00a03 fois plus\u00a0\u00bb de forces et de ressources que l&rsquo;Ukraine sur la ligne de front, estime ce lundi le commandant en chef des arm\u00e9es ukrainiennes.<\/li>\n<li class=\"jsx-862013697 ArticleChapo__List_Item flex\">Moscou a proc\u00e9d\u00e9 dans la nuit de samedi \u00e0 dimanche \u00e0 sa plus grande attaque de drones et missiles sur l&rsquo;Ukraine depuis le d\u00e9but de la guerre en 2022.<\/li>\n<\/ul>\n<p><a href=\"https:\/\/www.tf1info.fr\/actualite\/guerre-ukraine-russie-une-rencontre-donald-trump-vladimir-poutine-historique-le-vendredi-15-aout-2025-en-alaska-sans-volodymyr-zelensky-14326\/\" rel=\"noopener\" class=\"jsx-484472199 Link jsx-1428418400 jsx-554215408\" target=\"_blank\"><\/p>\n<p style=\"font-weight:400\" class=\"jsx-1837267516\">Suivez la couverture compl\u00e8te<\/p>\n<p style=\"font-weight:800\" class=\"jsx-1837267516\">Ukraine-Russie : des n\u00e9gociations dans l\u2019impasse<\/p>\n<p><\/a>Minute par minuteGOUVERNEMENT UKRAINIEN21:38<br class=\"jsx-494582681\"\/> 8 septembre 2025<\/p>\n<p>L&rsquo;attaque russe qui a endommag\u00e9 dimanche le si\u00e8ge du gouvernement ukrainien \u00e0 Kiev, une premi\u00e8re en plus de trois ans de guerre, a \u00e9t\u00e9 men\u00e9e avec un missile balistique Iskander, a indiqu\u00e9 lundi le bras droit du pr\u00e9sident ukrainien. \u00ab\u00a0Pour la premi\u00e8re fois, l&rsquo;ennemi a attaqu\u00e9 le b\u00e2timent du gouvernement ukrainien \u2014 une frappe de missile balistique Iskander\u00a0\u00bb, \u00e9crit Andri\u00ef Iermak, chef de l&rsquo;administration pr\u00e9sidentielle ukrainienne.<\/p>\n<p>\u00ab\u00a0C&rsquo;est uniquement parce que le missile n&rsquo;a pas pu compl\u00e8tement d\u00e9toner que l&rsquo;ensemble du b\u00e2timent n&rsquo;a pas \u00e9t\u00e9 transform\u00e9 en ruines\u00a0\u00bb, assure, de son c\u00f4t\u00e9, l&rsquo;ambassadrice de l&rsquo;UE en Ukraine, Katarina Mathernova.\u00a0<\/p>\n<p>Le puissant missile balistique Iskander est tr\u00e8s utilis\u00e9 par la Russie contre l&rsquo;Ukraine.<\/p>\n<p>DE NOUVELLES SANCTIONS CONTRE LA RUSSIE ? 18:39<br class=\"jsx-494582681\"\/> 8 septembre 2025<\/p>\n<p>La France et l&rsquo;Allemagne proposent que l&rsquo;Union europ\u00e9enne cible Louko\u00efl, une compagnie p\u00e9troli\u00e8re russe pr\u00e9sente en Europe, ainsi que davantage d&rsquo;acteurs hors de l&rsquo;UE qui aident la Russie \u00e0 vendre son p\u00e9trole, dans le cadre du 19e paquet de sanctions en pr\u00e9paration, a appris l&rsquo;AFP de sources diplomatiques.<\/p>\n<p>Un document commun montre que Paris et Berlin souhaitent \u00e9galement un renforcement des sanctions contre les \u00c9tats tiers favorisant le contournement des sanctions d\u00e9j\u00e0 existantes, en ciblant par exemple des raffineries approvisionn\u00e9es par du p\u00e9trole russe, revendu ensuite dans l&rsquo;Union europ\u00e9enne sous une autre origine. Il est par ailleurs pr\u00e9conis\u00e9 de cibler davantage les m\u00e9canismes financiers utilis\u00e9s par Moscou pour contourner les sanctions occidentales. En effet, pas moins de 250 petites banques sont impliqu\u00e9es dans des transactions financi\u00e8res destin\u00e9es \u00e0 soutenir l&rsquo;effort de guerre russe.\u00a0<\/p>\n<p>LES UKRAINIENS SE PR\u00c9PARENT 18:19<br class=\"jsx-494582681\"\/> 8 septembre 2025<\/p>\n<p>Les Ukrainiens doivent se pr\u00e9parer \u00e0 d&rsquo;\u00e9ventuelles coupures de courant pendant l&rsquo;automne et l&rsquo;hiver, averti lundi la compagnie ukrainienne de fourniture d&rsquo;\u00e9lectricit\u00e9 et de gaz. \u00ab\u00a0Compte tenu des r\u00e9cents bombardements, il n&rsquo;y a pas vraiment lieu d&rsquo;\u00eatre optimiste\u00a0\u00bb pour les mois \u00e0 venir, estime Sergui\u00ef Kovalenko, le directeur g\u00e9n\u00e9ral de la firme.\u00a0<\/p>\n<p>Le dirigeant appelle les Ukrainiens \u00e0 se pr\u00e9parer \u00e0 des rationnements dans leur consommation \u00e9nerg\u00e9tique en faisant le \u00ab\u00a0plein de batteries mobiles et de lampes de poche\u00a0\u00bb.<\/p>\n<p>ESPACE A\u00c9RIEN ESTONIEN18:17<br class=\"jsx-494582681\"\/> 8 septembre 2025<\/p>\n<p>Le minist\u00e8re estonien des Affaires \u00e9trang\u00e8res annonce lundi avoir convoqu\u00e9 le charg\u00e9 d&rsquo;affaires de l&rsquo;ambassade de Russie pour protester contre la violation, la veille, de l&rsquo;espace a\u00e9rien de ce pays balte par un h\u00e9licopt\u00e8re russe.<\/p>\n<p>Dimanche, l&rsquo;appareil du type MI-8 est entr\u00e9 dans l&rsquo;espace a\u00e9rien estonien \u00e0 proximit\u00e9 de l&rsquo;\u00eele de Vaindloo, dans le golfe de Finlande. Un \u00ab\u00a0nouvel incident grave et regrettable\u00a0\u00bb, selon le ministre estonien des Affaires \u00e9trang\u00e8res, Margus Tsahkna. \u00ab\u00a0Il s&rsquo;agit de la troisi\u00e8me violation de ce type cette ann\u00e9e\u00a0\u00bb en Estonie, pays de l&rsquo;Otan et de l&rsquo;UE, ajoute-t-il.\u00a0<\/p>\n<p>V\u00c9RIF&rsquo;15:05<br class=\"jsx-494582681\"\/> 8 septembre 2025<\/p>\n<p>Emmanuel Macron affirme que \u00ab\u00a0moins de 1% du territoire ukrainien\u00a0\u00bb a \u00e9t\u00e9 conquis par Moscou depuis novembre 2022. Depuis pr\u00e8s de trois ans, l&rsquo;offensive russe a nettement ralenti pour n&rsquo;offrir \u00e0 l&rsquo;arm\u00e9e que de \u00ab\u00a0modestes gains territoriaux\u00a0\u00bb.<\/p>\n<p>International<\/p>\n<p>V\u00c9RIF<\/p>\n<p><img decoding=\"async\" src=\"https:\/\/www.europesays.com\/fr\/wp-content\/uploads\/2025\/09\/verif-un-char-russe-pendant-le-defile-militaire-a-saint-petersbourg-celebrant-les-80-ans-de-la-fin-d.jpeg\" alt=\"Un char russe pendant le d\u00e9fil\u00e9 militaire \u00e0  Saint-P\u00e9tersbourg c\u00e9l\u00e9brant les 80 ans de la fin de la guerre, le 3 mai 2025\" loading=\"lazy\" importance=\"low\" fetchpriority=\"low\" class=\"\" aria-hidden=\"true\"\/>FRIEDRICH MERZ14:45<br class=\"jsx-494582681\"\/> 8 septembre 2025<\/p>\n<p>Le chancelier allemand affirme que la conqu\u00eate de l&rsquo;Ukraine \u00ab\u00a0n&rsquo;est qu&rsquo;un d\u00e9but\u00a0\u00bb pour Vladimir Poutine. \u00ab\u00a0Tout indique que le plan imp\u00e9rialiste de Poutine ne se terminerait pas avec la conqu\u00eate de l&rsquo;Ukraine, mais que ce ne serait qu&rsquo;un d\u00e9but\u00a0\u00bb, expose Friedrich Merz. Pour le dirigeant, \u00ab\u00a0un nouveau conflit syst\u00e9mique a d\u00e9j\u00e0 \u00e9clat\u00e9 entre les d\u00e9mocraties lib\u00e9rales et un axe des autocraties\u00a0\u00bb, et \u00ab\u00a0ce que nous appelions l&rsquo;ordre mondial lib\u00e9ral est d\u00e9sormais sous pression de multiples c\u00f4t\u00e9s\u00a0\u00bb.<\/p>\n<p>DISCUSSION SUR DE NOUVELLES SANCTIONS11:55<br class=\"jsx-494582681\"\/> 8 septembre 2025<\/p>\n<p>L&rsquo;envoy\u00e9 sp\u00e9cial de l&rsquo;UE pour les sanctions David O&rsquo;Sullivan va rencontrer des responsables am\u00e9ricains ce soir \u00e0 Washington, afin de discuter de possibles nouvelles sanctions contre la Russie, a indiqu\u00e9 un responsable europ\u00e9en \u00e0 l&rsquo;AFP. Les \u00e9changes devraient se poursuivre mardi.<\/p>\n<p>LA RUSSIE A \u00ab\u00a03 FOIS PLUS\u00a0\u00bb DE RESSOURCES10:07<br class=\"jsx-494582681\"\/> 8 septembre 2025<\/p>\n<p>Dans un communiqu\u00e9 publi\u00e9 sur Facebook, le commandant en chef des arm\u00e9es ukrainiennes, Oleksandre Syrsky, estime qu'\u00a0\u00bbactuellement, l&rsquo;ennemi b\u00e9n\u00e9ficie de trois fois plus de forces et de ressources\u00a0\u00bb et, dans \u00ab\u00a0les secteurs principaux\u00a0\u00bb du front, jusqu&rsquo;\u00e0 \u00ab\u00a0quatre \u00e0 six fois\u00a0\u00bb plus que l&rsquo;Ukraine.<\/p>\n<p>\u00ab\u00a0L&rsquo;ennemi utilise la tactique de l&rsquo;avanc\u00e9e &lsquo;rampante&rsquo; avec de petits groupes d&rsquo;infanterie essayant d&rsquo;infiltrer les villages, utilisant l&rsquo;espace entre les positions et \u00e9vitant le combat direct\u00a0\u00bb, ajoute-t-il.\u00a0<\/p>\n<p>Oleksandre Syrsky se f\u00e9licite cependant d&rsquo;un bilan \u00ab\u00a0positif\u00a0\u00bb. \u00ab\u00a0Nous avons d\u00fb stabiliser la situation dans les zones les plus mena\u00e7antes (&#8230;) en r\u00e9cup\u00e9rant les territoires perdus, en prot\u00e9geant nos villes des missiles et drones ennemis, et en frappant en profondeur en Russie\u00a0\u00bb, indique-t-il. Selon lui, les forces ukrainiennes ont repris le contr\u00f4le de 58 kilom\u00e8tres carr\u00e9s et de plusieurs localit\u00e9s.<\/p>\n<p>NOUVEAU BILAN : 6 MORTS07:30<br class=\"jsx-494582681\"\/> 8 septembre 2025<\/p>\n<p>L&rsquo;attaque russe men\u00e9e dans la nuit de samedi \u00e0 dimanche a fait six morts, dont trois \u00e0 Kiev, selon un nouveau bilan des autorit\u00e9s ukrainiennes. Au moins deux autres personnes ont trouv\u00e9 la mort dans des attaques locales s\u00e9par\u00e9es.<\/p>\n<p>TRUMP AFFICHE SON M\u00c9CONTENTEMENT06:31<br class=\"jsx-494582681\"\/> 8 septembre 2025<\/p>\n<p>Le pr\u00e9sident am\u00e9ricain a d\u00e9clar\u00e9 dimanche qu&rsquo;il n&rsquo;\u00e9tait \u00ab\u00a0pas content\u00a0\u00bb en r\u00e9action au plus important bombardement a\u00e9rien russe jamais effectu\u00e9 sur l&rsquo;Ukraine, tuant quatre personnes et provoquant des incendies dans des bureaux gouvernementaux \u00e0 Kiev.\u00a0<\/p>\n<p>\u00ab\u00a0Je ne suis pas content de la situation dans son ensemble\u00a0\u00bb, a insist\u00e9 M. Trump aupr\u00e8s de journalistes qui l&rsquo;interrogeaient sur l&rsquo;attaque survenue dimanche matin, ajoutant : \u00ab\u00a0Je ne suis pas ravi de ce qui se passe l\u00e0-bas\u00a0\u00bb.<\/p>\n<p>Interrog\u00e9 un peu plus t\u00f4t \u00e0 la Maison Blanche sur le fait de savoir s&rsquo;il \u00e9tait pr\u00eat \u00e0 lancer une nouvelle phase de sanctions contre la Russie, le pr\u00e9sident am\u00e9ricain a r\u00e9pondu : \u00ab\u00a0Oui, je le suis\u00a0\u00bb.<\/p>\n<p>06:31<br class=\"jsx-494582681\"\/> 8 septembre 2025<\/p>\n<p>Bienvenue \u00e0 toutes et \u00e0 tous, bienvenue dans ce live. Nous allons suivre ensemble les derni\u00e8res actualit\u00e9s concernant la guerre Ukraine-Russie.\u00a0<\/p>\n<p data-module=\"article-paragraph\" class=\"jsx-3046738180 Paragraph\">La Russie a lanc\u00e9 dimanche <a href=\"https:\/\/www.tf1info.fr\/international\/guerre-ukraine-russie-missiles-et-drones-tires-coeur-du-pouvoir-frappe-a-kiev-ce-que-l-on-sait-de-l-attaque-aerienne-russe-record-2393102.html\" target=\"_blank\" rel=\"noopener\">sa plus grande vague de drones et missiles sur l&rsquo;Ukraine<\/a> depuis le d\u00e9but de la guerre, faisant au moins cinq morts et frappant pour la premi\u00e8re fois le si\u00e8ge du gouvernement, une attaque apr\u00e8s laquelle <a href=\"https:\/\/www.tf1info.fr\/actualite\/donald-trump-10150\/\" target=\"_blank\" rel=\"noopener\">Donald Trump<\/a> s&rsquo;est dit pr\u00eat \u00e0 prendre de nouvelles sanctions contre Moscou.<\/p>\n<p data-module=\"article-paragraph\" class=\"jsx-3046738180 Paragraph Paragraph__End\">\u00c0 un journaliste qui lui a demand\u00e9 \u00e0 la Maison Blanche s&rsquo;il \u00e9tait pr\u00eat \u00e0 lancer une nouvelle phase de sanctions contre la Russie, le pr\u00e9sident am\u00e9ricain a r\u00e9pondu \u00ab\u00a0oui, je le suis\u00a0\u00bb. L&rsquo;Ukraine compte \u00ab\u00a0sur une r\u00e9ponse forte de la part des \u00c9tats-Unis\u00a0\u00bb, a de son c\u00f4t\u00e9 soulign\u00e9 dans la soir\u00e9e sur les r\u00e9seaux sociaux <a href=\"https:\/\/www.tf1info.fr\/actualite\/volodymyr-zelensky-12882\/\" target=\"_blank\" rel=\"noopener\">le pr\u00e9sident ukrainien Volodymyr Zelensky<\/a>. \u00ab\u00a0De tels meurtres aujourd&rsquo;hui, quand la diplomatie r\u00e9elle aurait pu commencer il y a longtemps, sont un crime d\u00e9lib\u00e9r\u00e9 et une prolongation de la guerre\u00a0\u00bb, avait-il auparavant d\u00e9clar\u00e9.<\/p>\n<blockquote data-testid=\"EmbedTwitter\" id=\"tweet-1964763059995775057-:R9bcmj9n79m:\" class=\"jsx-aeff1a1c40f54d7a twitter-tweet flex justify-center items-center\"><p>It is important that today we saw a broad response from our partners to this strike. Clearly, Russia is trying to inflict pain on Ukraine with even more brazen attacks. This is a clear sign that Putin is testing the world \u2013 whether they will accept or tolerate this.  pic.twitter.com\/X2vGTgnDTX \u2014 Volodymyr Zelenskyy \/ \u0412\u043e\u043b\u043e\u0434\u0438\u043c\u0438\u0440 \u0417\u0435\u043b\u0435\u043d\u0441\u044c\u043a\u0438\u0439 (@ZelenskyyUa)  September 7, 2025<\/p><\/blockquote>\n<p data-module=\"article-paragraph\" class=\"jsx-3046738180 Paragraph Paragraph__End\">\u00c0 Kiev, un journaliste de l&rsquo;AFP a vu le toit de l&rsquo;imposant b\u00e2timent abritant le conseil des ministres en feu et des volutes de fum\u00e9e grise s&rsquo;en \u00e9chapper. Des h\u00e9licopt\u00e8res l\u00e2chaient de l&rsquo;eau sur l&rsquo;\u00e9difice, situ\u00e9 en plein c\u0153ur de Kiev, proche de la pr\u00e9sidence et du Parlement. \u00ab\u00a0Pour la premi\u00e8re fois, le toit et les \u00e9tages sup\u00e9rieurs du si\u00e8ge du gouvernement ont \u00e9t\u00e9 endommag\u00e9s par une attaque ennemie\u00a0\u00bb, a indiqu\u00e9 la Premi\u00e8re ministre Ioulia Svyrydenko sur Telegram. Selon elle, aucune victime n&rsquo;est \u00e0 d\u00e9plorer dans le b\u00e2timent. Les services de secours ont rapport\u00e9 en d\u00e9but d&rsquo;apr\u00e8s-midi que l&rsquo;incendie qui s&rsquo;\u00e9tait d\u00e9clench\u00e9 avait \u00e9t\u00e9 \u00e9teint.\u00a0<\/p>\n<p><a href=\"https:\/\/www.tf1info.fr\/international\/guerre-ukraine-russie-missiles-et-drones-tires-coeur-du-pouvoir-frappe-a-kiev-ce-que-l-on-sait-de-l-attaque-aerienne-russe-record-2393102.html\" rel=\"noopener\" class=\"jsx-3308031228 Link flex\" target=\"_blank\"><img decoding=\"async\" src=\"https:\/\/www.europesays.com\/fr\/wp-content\/uploads\/2025\/09\/frappes-kiev-61b2f6-0@1x.jpeg\" alt=\"AFP\" loading=\"lazy\" importance=\"low\" fetchpriority=\"low\" class=\"\" aria-hidden=\"true\"\/><\/p>\n<p class=\"jsx-3657663356 ReadMoreArticle__Title\">Lire aussi<\/p>\n<p class=\"jsx-3657663356\">Ukraine : missiles et drones tir\u00e9s, c\u0153ur du pouvoir frapp\u00e9 \u00e0 Kiev&#8230; ce que l&rsquo;on sait de l&rsquo;attaque a\u00e9rienne russe record<\/p>\n<p><\/a><\/p>\n<p data-module=\"article-paragraph\" class=\"jsx-3046738180 Paragraph Paragraph__End\">Depuis le d\u00e9but de l&rsquo;invasion russe de l&rsquo;Ukraine en f\u00e9vrier 2022, le quartier gouvernemental \u00e0 Kiev avait \u00e9t\u00e9 relativement \u00e9pargn\u00e9 par les frappes massives russes qui visent r\u00e9guli\u00e8rement la capitale. Dans la nuit, la Russie a tir\u00e9 810 drones et 13 missiles sur l&rsquo;Ukraine, dont respectivement 747 et quatre ont \u00e9t\u00e9 intercept\u00e9s, selon l&rsquo;arm\u00e9e de l&rsquo;air ukrainienne. Il s&rsquo;agit de l&rsquo;attaque a\u00e9rienne la plus importante depuis le d\u00e9but de la guerre\u00a0<\/p>\n<p>La r\u00e9daction de TF1info<\/p>\n<p><script async src=\"https:\/\/platform.twitter.com\/widgets.js\" charset=\"utf-8\"><\/script><\/p>\n","protected":false},"excerpt":{"rendered":"La Russie a au minimum \u00ab\u00a03 fois plus\u00a0\u00bb de forces et de ressources que l&rsquo;Ukraine sur la ligne&hellip;\n","protected":false},"author":2,"featured_media":352127,"comment_status":"","ping_status":"","sticky":false,"template":"","format":"standard","meta":{"footnotes":""},"categories":[1590],"tags":[1111,11,1921,75,1777,674,1922,12,8200,132,220,1917,50704,133,1920,135,134],"class_list":{"0":"post-376632","1":"post","2":"type-post","3":"status-publish","4":"format-standard","5":"has-post-thumbnail","7":"category-ukraine","8":"tag-actu","9":"tag-actualites","10":"tag-article-video","11":"tag-donald-trump","12":"tag-eu","13":"tag-europe","14":"tag-info","15":"tag-news","16":"tag-politique-et-crise-dun-pays-etranger","17":"tag-russie","18":"tag-ukraine","19":"tag-ukraine-4-annee-de-guerre","20":"tag-ukraine-russie-des-negociations-dans-limpasse","21":"tag-video","22":"tag-video-international","23":"tag-vladimir-poutine","24":"tag-volodymyr-zelensky"},"share_on_mastodon":{"url":"https:\/\/pubeurope.com\/@fr\/115171853894819742","error":""},"_links":{"self":[{"href":"https:\/\/www.europesays.com\/fr\/wp-json\/wp\/v2\/posts\/376632","targetHints":{"allow":["GET"]}}],"collection":[{"href":"https:\/\/www.europesays.com\/fr\/wp-json\/wp\/v2\/posts"}],"about":[{"href":"https:\/\/www.europesays.com\/fr\/wp-json\/wp\/v2\/types\/post"}],"author":[{"embeddable":true,"href":"https:\/\/www.europesays.com\/fr\/wp-json\/wp\/v2\/users\/2"}],"replies":[{"embeddable":true,"href":"https:\/\/www.europesays.com\/fr\/wp-json\/wp\/v2\/comments?post=376632"}],"version-history":[{"count":0,"href":"https:\/\/www.europesays.com\/fr\/wp-json\/wp\/v2\/posts\/376632\/revisions"}],"wp:featuredmedia":[{"embeddable":true,"href":"https:\/\/www.europesays.com\/fr\/wp-json\/wp\/v2\/media\/352127"}],"wp:attachment":[{"href":"https:\/\/www.europesays.com\/fr\/wp-json\/wp\/v2\/media?parent=376632"}],"wp:term":[{"taxonomy":"category","embeddable":true,"href":"https:\/\/www.europesays.com\/fr\/wp-json\/wp\/v2\/categories?post=376632"},{"taxonomy":"post_tag","embeddable":true,"href":"https:\/\/www.europesays.com\/fr\/wp-json\/wp\/v2\/tags?post=376632"}],"curies":[{"name":"wp","href":"https:\/\/api.w.org\/{rel}","templated":true}]}}