{"id":376638,"date":"2025-09-09T01:59:11","date_gmt":"2025-09-09T01:59:11","guid":{"rendered":"https:\/\/www.europesays.com\/fr\/376638\/"},"modified":"2025-09-09T01:59:11","modified_gmt":"2025-09-09T01:59:11","slug":"tiktok-depasse-les-200-millions-dutilisateurs-en-europe-et-devance-meta-en-influence","status":"publish","type":"post","link":"https:\/\/www.europesays.com\/fr\/376638\/","title":{"rendered":"TikTok d\u00e9passe les 200 millions d&rsquo;utilisateurs en Europe et devance Meta en influence"},"content":{"rendered":"<p>TikTok vient de franchir une <strong>nouvelle \u00e9tape en Europe<\/strong>, et d\u00e9montre que les g\u00e9ants comme Meta vont devoir compter sur ce r\u00e9seau social\u2026<\/p>\n<p>En effet, dans un <a href=\"https:\/\/newsroom.tiktok.com\/en-eu\/tiktok-community-in-europe-tops-200-million\" target=\"_blank\" rel=\"noopener\">communiqu\u00e9 publi\u00e9 sur son site<\/a>, on apprend que TikTok dispose aujourd\u2019hui de <strong>plus de 200 millions d\u2019utilisateurs actifs mensuels<\/strong> sur le continent europ\u00e9en.<\/p>\n<p>Un chiffre en forte progression, puisqu\u2019ils \u00e9taient <strong>175 millions en 2024<\/strong>, et qui reste significatif de <a href=\"https:\/\/siecledigital.fr\/2025\/05\/19\/tiktok-vise-plus-gros-que-meta-bytedance-devoile-ses-plans-chiffres-pour-dominer-le-marche\/\" target=\"_blank\" rel=\"noopener\">l\u2019ambition de ByteDance<\/a> de d\u00e9passer Meta. Mais cette annonce va bien plus loin, et TikTok entend \u00e9galement d\u00e9montrer son impact sur l\u2019\u00e9conomie, la culture et la soci\u00e9t\u00e9 europ\u00e9enne, alors qu\u2019elle reste sous pression aux \u00c9tats-Unis o\u00f9 <a href=\"https:\/\/siecledigital.fr\/2025\/06\/30\/tiktok-un-nouvel-investisseur-pret-a-debourser-des-milliards-trump-relance-le-suspense\/\" target=\"_blank\" rel=\"noopener\">son avenir est incertain<\/a>.<\/p>\n<p>La France, premier march\u00e9 de TikTok en Europe<\/p>\n<p>Selon les derniers chiffres de TikTok, la France occupe une place strat\u00e9gique dans la croissance europ\u00e9enne de TikTok. Avec ses <strong>27,8 millions d\u2019utilisateurs actifs mensuels<\/strong>, la France est en t\u00eate et confirme une adoption massive par les jeunes g\u00e9n\u00e9rations.<\/p>\n<p>Pour TikTok, cette progression refl\u00e8te <strong>l\u2019attrait de ses formats courts et personnalis\u00e9s<\/strong>, mais aussi la diversit\u00e9 des usages. Et \u00e9tant accus\u00e9e de nuire au d\u00e9veloppement des plus jeunes, la plateforme tente de faire bonne figure en d\u00e9ployant des fonctionnalit\u00e9s pour <a href=\"https:\/\/siecledigital.fr\/2025\/06\/04\/trop-accro-a-tiktok-la-plateforme-lance-une-fonction-pour-vous-aider-a-decrocher\/\" target=\"_blank\" rel=\"noopener\">encadrer son usage<\/a>.<\/p>\n<p>Un impact \u00e9conomique et culturel en Europe<\/p>\n<p>L\u2019audience europ\u00e9enne offre aux cr\u00e9ateurs de contenus et aux marques <strong>un terrain privil\u00e9gi\u00e9 pour d\u00e9velopper leur visibilit\u00e9<\/strong>, et au del\u00e0 des usages personnels, TikTok insiste sur son r\u00f4le dans l\u2019\u00e9cosyst\u00e8me europ\u00e9en.<\/p>\n<p>Selon une <a href=\"https:\/\/www.oxfordeconomics.com\/resource\/the-tiktok-effect-eu\/\" target=\"_blank\" rel=\"noopener\">\u00e9tude r\u00e9alis\u00e9e par Oxford Economics<\/a>, les activit\u00e9s des petites et moyennes entreprises pr\u00e9sentes sur la plateforme auraient contribu\u00e9 \u00e0 hauteur de <strong>4,8 milliards d\u2019euros<\/strong> aux \u00e9conomies de cinq pays dont la France, tout en soutenant <strong>plus de 51 000 emplois<\/strong>.<\/p>\n<p>Mais s\u2019il est souvent critiqu\u00e9 pour son contenu, les chiffres montrent aussi que le r\u00e9seau social s\u2019illustre \u00e9galement par <strong>son influence culturelle<\/strong>. Des initiatives <a href=\"https:\/\/siecledigital.fr\/2023\/07\/05\/succes-booktok-tiktok-maison-dedition\/\" target=\"_blank\" rel=\"noopener\">comme #BookTok<\/a> ont \u00e9t\u00e9 pens\u00e9es pour redonner go\u00fbt \u00e0 la lecture \u00e0 une nouvelle g\u00e9n\u00e9ration de lecteurs, et l\u2019application s\u2019est r\u00e9cemment associ\u00e9e \u00e0 des \u00e9v\u00e9nements majeurs en Europe comme le <strong>Festival de Cannes<\/strong> ou le <strong>Tour de France<\/strong>.<\/p>\n<p>Une communication strat\u00e9gique dans un contexte international tendu<\/p>\n<p>Cette communication europ\u00e9enne intervient \u00e0 <strong>un moment sensible pour TikTok<\/strong>. Aux \u00c9tats-Unis, l\u2019application reste menac\u00e9e et pourrait \u00eatre bannie, suspendue \u00e0 des d\u00e9cisions politiques <a href=\"https:\/\/siecledigital.fr\/2025\/04\/02\/tiktok-sur-la-sellette-trump-promet-une-decision-personnelle-avant-le-5-avril\/\" target=\"_blank\" rel=\"noopener\">depuis le mois d\u2019avril<\/a>, et \u00e0 la question d\u2019un \u00e9ventuel rachat.<\/p>\n<p>Alors que Washington d\u00e9bat de son avenir, <strong>TikTok affiche en Europe une dynamique positive<\/strong>, mais devra encore convaincre sur la question de sa gouvernance et de sa s\u00e9curit\u00e9 pour consolider cette position\u2026<\/p>\n<p><script async src=\"\/\/www.tiktok.com\/embed.js\"><\/script><\/p>\n","protected":false},"excerpt":{"rendered":"TikTok vient de franchir une nouvelle \u00e9tape en Europe, et d\u00e9montre que les g\u00e9ants comme Meta vont devoir&hellip;\n","protected":false},"author":2,"featured_media":376639,"comment_status":"","ping_status":"","sticky":false,"template":"","format":"standard","meta":{"footnotes":""},"categories":[1586],"tags":[11,1777,674,1011,27,12,25,2439],"class_list":{"0":"post-376638","1":"post","2":"type-post","3":"status-publish","4":"format-standard","5":"has-post-thumbnail","7":"category-europe","8":"tag-actualites","9":"tag-eu","10":"tag-europe","11":"tag-fr","12":"tag-france","13":"tag-news","14":"tag-republique-francaise","15":"tag-tiktok"},"share_on_mastodon":{"url":"https:\/\/pubeurope.com\/@fr\/115171869568330829","error":""},"_links":{"self":[{"href":"https:\/\/www.europesays.com\/fr\/wp-json\/wp\/v2\/posts\/376638","targetHints":{"allow":["GET"]}}],"collection":[{"href":"https:\/\/www.europesays.com\/fr\/wp-json\/wp\/v2\/posts"}],"about":[{"href":"https:\/\/www.europesays.com\/fr\/wp-json\/wp\/v2\/types\/post"}],"author":[{"embeddable":true,"href":"https:\/\/www.europesays.com\/fr\/wp-json\/wp\/v2\/users\/2"}],"replies":[{"embeddable":true,"href":"https:\/\/www.europesays.com\/fr\/wp-json\/wp\/v2\/comments?post=376638"}],"version-history":[{"count":0,"href":"https:\/\/www.europesays.com\/fr\/wp-json\/wp\/v2\/posts\/376638\/revisions"}],"wp:featuredmedia":[{"embeddable":true,"href":"https:\/\/www.europesays.com\/fr\/wp-json\/wp\/v2\/media\/376639"}],"wp:attachment":[{"href":"https:\/\/www.europesays.com\/fr\/wp-json\/wp\/v2\/media?parent=376638"}],"wp:term":[{"taxonomy":"category","embeddable":true,"href":"https:\/\/www.europesays.com\/fr\/wp-json\/wp\/v2\/categories?post=376638"},{"taxonomy":"post_tag","embeddable":true,"href":"https:\/\/www.europesays.com\/fr\/wp-json\/wp\/v2\/tags?post=376638"}],"curies":[{"name":"wp","href":"https:\/\/api.w.org\/{rel}","templated":true}]}}