{"id":376640,"date":"2025-09-09T02:00:18","date_gmt":"2025-09-09T02:00:18","guid":{"rendered":"https:\/\/www.europesays.com\/fr\/376640\/"},"modified":"2025-09-09T02:00:18","modified_gmt":"2025-09-09T02:00:18","slug":"un-mois-apres-leur-deal-commercial-avec-trump-les-europeens-se-rendent-compte-quil-ne-regle-rien","status":"publish","type":"post","link":"https:\/\/www.europesays.com\/fr\/376640\/","title":{"rendered":"Un mois apr\u00e8s leur \u201cdeal\u201d commercial avec Trump, les Europ\u00e9ens se rendent compte qu\u2019il ne r\u00e8gle rien"},"content":{"rendered":"<p>      <img fetchpriority=\"high\" decoding=\"async\" class=\"mx-auto\" src=\"data:image\/svg+xml,%3Csvg%20xmlns%3D%27http%3A%2F%2Fwww.w3.org%2F2000%2Fsvg%27%20fill%3D%22%23e4e4e4%22%20viewBox%3D%270%200%20510%20340%27%20width%3D%22510%22%20height%3D%22340%22%3E%3Cpath%20d%3D%27M0%200h510v340H0z%27%2F%3E%3C%2Fsvg%3E\"  loading=\"eager\" width=\"510\" height=\"340\" data-oncrawl-image-size=\"510x340\" alt=\"La pr\u00e9sident de la Commission europ\u00e9enne Ursula von der Leyen et le pr\u00e9sident am\u00e9ricain Donald Trump \u00e0 Turnberry, en Ecosse, le 27\u00a0juillet, lors de l\u2019annonce de l\u2019accord commercial entre l\u2019Union europ\u00e9enne et les Etats-Unis.\"\/>      <\/p>\n<p class=\"latino-100m text-grey-600\">\n            La pr\u00e9sident de la Commission europ\u00e9enne Ursula von der Leyen et le pr\u00e9sident am\u00e9ricain Donald Trump \u00e0 Turnberry, en Ecosse, le 27\u00a0juillet, lors de l\u2019annonce de l\u2019accord commercial entre l\u2019Union europ\u00e9enne et les Etats-Unis.\u00a0BRENDAN SMIALOWSKI\/AFP        <\/p>\n<p>        Lire\u00a0plus\u00a0tard      <\/p>\n<p><a aria-label=\"Nous suivre sur Google News\" href=\"https:\/\/news.google.com\/publications\/CAAqBwgKMJe4nQkw3dFs?hl=fr&amp;gl=FR&amp;ceid=FR%3Afr\" target=\"_blank\" data-piano=\"Page_Article,Sous_date_publi,Nous_suivre_sur_google_news,1er_clic,action\" class=\"btn btn--small btn--tertiary btn--icon-only\" rel=\"noopener\"><\/p>\n<p>      Google Actualit\u00e9s<br \/>\n  <\/a><\/p>\n<p>  Partager<\/p>\n<p>        Facebook<\/p>\n<p>        Bluesky<\/p>\n<p>        E-mail<\/p>\n<p>        Copier le lien<\/p>\n<p>      Envoyer<\/p>\n<p>      S\u2019abonner pour lire    <\/p>\n<p class=\"node__paragraphe antonia-750r text-grey-800 pb-24 pb-md-32\">\nC\u2019\u00e9tait l\u2019image la plus cruelle d\u2019un <a href=\"https:\/\/www.nouvelobs.com\/economie\/20250902.OBS107245\/ukraine-gaza-droits-de-douane-la-grande-panne-de-bruxelles.html\" target=\"_blank\" rel=\"noopener\">\u00e9t\u00e9 meurtrier pour la cr\u00e9dibilit\u00e9 de l\u2019Union europ\u00e9enne (UE)<\/a>. Le 27\u00a0juillet, au golf Trump Turnberry, dans le sud de l\u2019Ecosse, la pr\u00e9sidente de la Commission europ\u00e9enne <a href=\"https:\/\/www.nouvelobs.com\/politique\/20250424.OBS103140\/le-double-jeu-d-ursula-von-der-leyen-enquete-sur-la-femme-la-plus-puissante-d-europe.html\" target=\"_blank\" rel=\"noopener\">Ursula von der Leyen<\/a> \u00e9tait enfin re\u00e7ue par le pr\u00e9sident am\u00e9ricain, qui jusque-l\u00e0 ne la consid\u00e9rait pas comme une interlocutrice de son niveau. Le fruit de <a href=\"https:\/\/www.nouvelobs.com\/monde\/20250811.OBS106655\/face-a-trump-l-europe-avait-le-choix-entre-la-guerre-commerciale-et-le-deshonneur-elle-a-choisi-le-deshonneur-mais.html\" target=\"_blank\" rel=\"noopener\">quatre mois de n\u00e9gociations commerciales acharn\u00e9es<\/a> entre Washington et Bruxelles\u00a0: 15\u00a0% de droits de douane impos\u00e9s unilat\u00e9ralement par les Etats-Unis aux produits venus de l\u2019UE, et des centaines de milliards d\u2019euros de promesses d\u2019investissements europ\u00e9ens outre-Atlantique. En guise de photo souvenir, le sourire fig\u00e9 de l\u2019Allemande, pench\u00e9e dans une position inconfortable, sa main \u00e9cras\u00e9e dans celle d\u2019un Trump impassible, droit comme un i, ostensiblement dominateur. Et cet \u00e9change lunaire\u00a0: \u00ab\u00a0On sait que vous \u00eates un n\u00e9gociateur coriace\u00a0\u00bb, flatte la pr\u00e9sidente de l\u2019ex\u00e9cutif europ\u00e9en, comme intimid\u00e9e. \u00ab\u00a0Mais juste\u00a0!, r\u00e9plique l\u2019ex-magnat de l\u2019immobilier. M\u00eame si c\u2019est moins important.\u00a0\u00bb<\/p>\n<p class=\"node__paragraphe antonia-750r text-grey-800 pb-8\">\nCette mise en sc\u00e8ne humiliante a arrach\u00e9 des cris d\u2019orfraie \u00e0 la plupart des observateurs europ\u00e9ens. \u00ab\u00a0Ce n\u2019est pas un \u201cdeal\u201d mais une imposition, fulmine Josep Borrell, l\u2019ancien chef de la diplomatie de l\u2019UE. Nous sommes arriv\u00e9s en disant\u00a0: \u201cOn est l\u00e0, o\u00f9 on signe\u00a0?\u201d\u00a0Nous n\u2019avons pas voulu nous bat\u2026<\/p>\n<p>  <img loading=\"lazy\" decoding=\"async\" class=\"floating-img\" src=\"https:\/\/www.europesays.com\/fr\/wp-content\/uploads\/2025\/07\/img-paywall@2x.png\" width=\"142\" height=\"91\" alt=\"\"\/><\/p>\n<p class=\"latino-100m text-blue-400\">Article r\u00e9serv\u00e9 aux abonn\u00e9s.<\/p>\n<p>          Se connecter<\/p>\n<p class=\"pb-16 text-center antonia-1850c\">Offre d\u2019\u00e9t\u00e9\u00a0:<br \/>1\u20ac\/mois pendant 6\u00a0mois<\/p>\n<p>\n        S&rsquo;abonner\n      <\/p>\n<p>          D\u00e9couvrir toutes nos offres<\/p>\n","protected":false},"excerpt":{"rendered":"La pr\u00e9sident de la Commission europ\u00e9enne Ursula von der Leyen et le pr\u00e9sident am\u00e9ricain Donald Trump \u00e0 Turnberry,&hellip;\n","protected":false},"author":2,"featured_media":376641,"comment_status":"","ping_status":"","sticky":false,"template":"","format":"standard","meta":{"footnotes":""},"categories":[1586],"tags":[17,11,744,10083,33,1777,674,1779,11201,1011,27,2561,74,12,11493,25,467,1778,364],"class_list":{"0":"post-376640","1":"post","2":"type-post","3":"status-publish","4":"format-standard","5":"has-post-thumbnail","7":"category-europe","8":"tag-17","9":"tag-actualites","10":"tag-commercial","11":"tag-deal","12":"tag-economie","13":"tag-eu","14":"tag-europe","15":"tag-european-union","16":"tag-europeens","17":"tag-fr","18":"tag-france","19":"tag-mois","20":"tag-monde","21":"tag-news","22":"tag-rendent","23":"tag-republique-francaise","24":"tag-trump","25":"tag-ue","26":"tag-union-europeenne"},"share_on_mastodon":{"url":"https:\/\/pubeurope.com\/@fr\/115171873831329046","error":""},"_links":{"self":[{"href":"https:\/\/www.europesays.com\/fr\/wp-json\/wp\/v2\/posts\/376640","targetHints":{"allow":["GET"]}}],"collection":[{"href":"https:\/\/www.europesays.com\/fr\/wp-json\/wp\/v2\/posts"}],"about":[{"href":"https:\/\/www.europesays.com\/fr\/wp-json\/wp\/v2\/types\/post"}],"author":[{"embeddable":true,"href":"https:\/\/www.europesays.com\/fr\/wp-json\/wp\/v2\/users\/2"}],"replies":[{"embeddable":true,"href":"https:\/\/www.europesays.com\/fr\/wp-json\/wp\/v2\/comments?post=376640"}],"version-history":[{"count":0,"href":"https:\/\/www.europesays.com\/fr\/wp-json\/wp\/v2\/posts\/376640\/revisions"}],"wp:featuredmedia":[{"embeddable":true,"href":"https:\/\/www.europesays.com\/fr\/wp-json\/wp\/v2\/media\/376641"}],"wp:attachment":[{"href":"https:\/\/www.europesays.com\/fr\/wp-json\/wp\/v2\/media?parent=376640"}],"wp:term":[{"taxonomy":"category","embeddable":true,"href":"https:\/\/www.europesays.com\/fr\/wp-json\/wp\/v2\/categories?post=376640"},{"taxonomy":"post_tag","embeddable":true,"href":"https:\/\/www.europesays.com\/fr\/wp-json\/wp\/v2\/tags?post=376640"}],"curies":[{"name":"wp","href":"https:\/\/api.w.org\/{rel}","templated":true}]}}